{"id":34429,"date":"2025-09-14T07:28:07","date_gmt":"2025-09-14T07:28:07","guid":{"rendered":"https:\/\/www.europesays.com\/fi\/34429\/"},"modified":"2025-09-14T07:28:07","modified_gmt":"2025-09-14T07:28:07","slug":"venalainen-alus-ankkuroitunut-juutinrauman-salmeen","status":"publish","type":"post","link":"https:\/\/www.europesays.com\/fi\/34429\/","title":{"rendered":"Ven\u00e4l\u00e4inen alus ankkuroitunut Juutinrauman salmeen"},"content":{"rendered":"<p>Alukseen tuli alustavien tietojen mukaan moottorivika.<\/p>\n<p><img decoding=\"async\" class=\"image image-show image-preview\" src=\"https:\/\/www.europesays.com\/fi\/wp-content\/uploads\/2025\/09\/6fc0e5b2dbf3fe6965bfb872accba0a6e33346f51a6094a5226cad735227b262.jpg\" alt=\"\"\/><img decoding=\"async\" class=\"image image-show\" src=\"https:\/\/www.europesays.com\/fi\/wp-content\/uploads\/2025\/09\/1757834887_794_6fc0e5b2dbf3fe6965bfb872accba0a6e33346f51a6094a5226cad735227b262.jpg\" alt=\"\"\/><\/p>\n<p>Ven\u00e4l\u00e4isalus on vailla virtaa Juutinrauman salmella. Kuva Juutinrauman sillasta, joka yhdist\u00e4\u00e4 Tanskan ja Ruotsin.  EPA \/ AOP<\/p>\n<p class=\"paragraph\">Ven\u00e4l\u00e4inen alus on ankkuroitunut Juutinrauman salmeen lauantai-iltana. Asiasta uutisoi muun muassa ruotsalaislehti <a href=\"https:\/\/www.expressen.se\/nyheter\/expressen-direkt\/?post=5a03b770-267c-41c2-bb1d-cef151256e6f\" target=\"_blank\" rel=\"noopener nofollow\">Expressen<\/a>.<\/p>\n<p class=\"paragraph\">Alus on t\u00e4ll\u00e4 hetkell\u00e4 vailla virtaa.<\/p>\n<p class=\"paragraph\">\u2013 Aluksessa on ollut jonkinlainen moottorivika joka johti laivan virran katkeamiseen, rannikkovartiostosta kerrottiin Expressenille.<\/p>\n<p class=\"paragraph\">Aluksen ongelmat alkoivat Ruotsin vesill\u00e4, mutta se on lipunut y\u00f6n aikana Tanskan vesille. T\u00e4ll\u00e4 hetkell\u00e4 alus on ankkuroituna Juutinrauman salmeen. Alus teki p\u00e4\u00e4t\u00f6ksen konsultoiden Ruotsin ja Tanskan viranomaisia.<\/p>\n<p class=\"paragraph\">Yhteydenpito aluksen kanssa jatkuu edelleen molempien maiden viranomaisten kesken.<\/p>\n<p class=\"paragraph\">Laivojen paikannustietoa tarjoavan Marinetraffic -palvelun <a href=\"https:\/\/www.marinetraffic.com\/en\/ais\/home\/shipid:9658279\/zoom:14\" target=\"_blank\" rel=\"noopener nofollow\">mukaan<\/a> Juutinraumalla on Ruotsin ja Tanskan aluevesirajan l\u00e4heisyydess\u00e4 ankkuroituna ven\u00e4l\u00e4inen Mechanic Stepanov -niminen alus. Se on palvelun mukaan kalastusalus. Toistaiseksi ei ole kuitenkaan varmuutta siit\u00e4, onko kyseinen alus se, jolla on ongelmia.<\/p>\n","protected":false},"excerpt":{"rendered":"Alukseen tuli alustavien tietojen mukaan moottorivika. Ven\u00e4l\u00e4isalus on vailla virtaa Juutinrauman salmella. Kuva Juutinrauman sillasta, joka yhdist\u00e4\u00e4 Tanskan&hellip;\n","protected":false},"author":2,"featured_media":34430,"comment_status":"","ping_status":"","sticky":false,"template":"","format":"standard","meta":{"footnotes":""},"categories":[14],"tags":[35,22,23,26,27,33,31,30,17,2187,24,25,121,28,29,15,18,21,32,19,20,56,16,2569,2568,2570,59,60,61],"class_list":{"0":"post-34429","1":"post","2":"type-post","3":"status-publish","4":"format-standard","5":"has-post-thumbnail","7":"category-ulkomaat","8":"tag-24h","9":"tag-breaking-news","10":"tag-breakingnews","11":"tag-featured-news","12":"tag-featurednews","13":"tag-fi","14":"tag-finland","15":"tag-finnish","16":"tag-headlines","17":"tag-kulkuneuvot","18":"tag-latest-news","19":"tag-latestnews","20":"tag-liikenne-ja-kuljetus","21":"tag-main-news","22":"tag-mainnews","23":"tag-news","24":"tag-otsikot","25":"tag-paauutiset","26":"tag-suomi","27":"tag-top-stories","28":"tag-topstories","29":"tag-ulkomaat","30":"tag-uutiset","31":"tag-vesikulkuneuvot","32":"tag-vesiliikenne","33":"tag-vesiliikennneonnettomuus","34":"tag-world","35":"tag-world-news","36":"tag-worldnews"},"share_on_mastodon":{"url":"","error":""},"_links":{"self":[{"href":"https:\/\/www.europesays.com\/fi\/wp-json\/wp\/v2\/posts\/34429","targetHints":{"allow":["GET"]}}],"collection":[{"href":"https:\/\/www.europesays.com\/fi\/wp-json\/wp\/v2\/posts"}],"about":[{"href":"https:\/\/www.europesays.com\/fi\/wp-json\/wp\/v2\/types\/post"}],"author":[{"embeddable":true,"href":"https:\/\/www.europesays.com\/fi\/wp-json\/wp\/v2\/users\/2"}],"replies":[{"embeddable":true,"href":"https:\/\/www.europesays.com\/fi\/wp-json\/wp\/v2\/comments?post=34429"}],"version-history":[{"count":0,"href":"https:\/\/www.europesays.com\/fi\/wp-json\/wp\/v2\/posts\/34429\/revisions"}],"wp:featuredmedia":[{"embeddable":true,"href":"https:\/\/www.europesays.com\/fi\/wp-json\/wp\/v2\/media\/34430"}],"wp:attachment":[{"href":"https:\/\/www.europesays.com\/fi\/wp-json\/wp\/v2\/media?parent=34429"}],"wp:term":[{"taxonomy":"category","embeddable":true,"href":"https:\/\/www.europesays.com\/fi\/wp-json\/wp\/v2\/categories?post=34429"},{"taxonomy":"post_tag","embeddable":true,"href":"https:\/\/www.europesays.com\/fi\/wp-json\/wp\/v2\/tags?post=34429"}],"curies":[{"name":"wp","href":"https:\/\/api.w.org\/{rel}","templated":true}]}}