{"id":34437,"date":"2025-09-14T07:46:09","date_gmt":"2025-09-14T07:46:09","guid":{"rendered":"https:\/\/www.europesays.com\/fi\/34437\/"},"modified":"2025-09-14T07:46:09","modified_gmt":"2025-09-14T07:46:09","slug":"nelly-furtado-teki-paluun-talta-han-nayttaa-nyt","status":"publish","type":"post","link":"https:\/\/www.europesays.com\/fi\/34437\/","title":{"rendered":"Nelly Furtado teki paluun \u2013 T\u00e4lt\u00e4 h\u00e4n n\u00e4ytt\u00e4\u00e4 nyt"},"content":{"rendered":"<p>Paluun tehnyt Nelly Furtado n\u00e4p\u00e4ytti kehokritisoijiaan keikkansa aikana.<\/p>\n<p><img decoding=\"async\" class=\"image image-show image-preview\" src=\"https:\/\/www.europesays.com\/fi\/wp-content\/uploads\/2025\/09\/59a1733323e3c82be198e6b32adcf7ff0e37ae56f694828d6d745e84a73e5c0e.png\" alt=\"\"\/><img decoding=\"async\" class=\"image image-show\" src=\"https:\/\/www.europesays.com\/fi\/wp-content\/uploads\/2025\/09\/1757835968_478_59a1733323e3c82be198e6b32adcf7ff0e37ae56f694828d6d745e84a73e5c0e.png\" alt=\"\"\/><\/p>\n<p>Nelly Furtado. Kuva vuodelta 2012. AOP<\/p>\n<p class=\"paragraph\">Kanadalainen laulaja <strong>Nelly Furtado<\/strong>, 46, on saanut paluukiertueensa aikana paljon kritiikki\u00e4 h\u00e4nen muuttuneesta kehostaan.<\/p>\n<p class=\"paragraph\"><a href=\"https:\/\/people.com\/nelly-furtado-sends-message-to-body-shamers-with-her-latest-look-11797422\" target=\"_blank\" rel=\"noopener nofollow\">People<\/a>&#8211; ja <a href=\"https:\/\/www.mirror.co.uk\/3am\/celebrity-news\/nelly-furtados-incredible-response-body-35787312\" target=\"_blank\" rel=\"noopener nofollow\">Mirror<\/a>-uutissivustojen mukaan jotkut ovat kauhistelleet sosiaalisessa mediassa, mit\u00e4 Furtadon ulkon\u00e4\u00f6lle on vuosien mittaan tapahtunut.<\/p>\n<p class=\"paragraph\">Furtado p\u00e4\u00e4tti n\u00e4p\u00e4ytt\u00e4\u00e4 kehonsa kritisoijia hiljattain j\u00e4rjestetyss\u00e4 Manchester Pride -tapahtumassa. Sen h\u00e4n teki pukeutumalla lavalle pitk\u00e4n paidan, johon on sarjakuvamaisesti piirretty pienikokoisen naisen vartalo.<\/p>\n<p class=\"paragraph\">Vaatteen naishahmolla on sininen farkkuhame, kultainen vy\u00f6, koruja ja valkoinen napapaita, jonka yl\u00e4puolelta pilkottavat mustat rintaliivit. Paidan k\u00e4\u00e4nt\u00f6puolella on naisen selk\u00e4, johon on tatuoitu sanat \u201dParempi kuin koskaan\u201d.<\/p>\n<p class=\"paragraph\">Furtado viimeisteli asukokonaisuutensa letitetyill\u00e4 hiuksillaan, pinkeill\u00e4 hanskoilla, verkkosukkahousuilla ja v\u00e4rikk\u00e4ill\u00e4 saappailla. Mirrorin mukaan laulaja vilautti mustia alushousujaan lavalla, kun h\u00e4n paljasti takapuolensa yleis\u00f6lle.<\/p>\n<p>Nelly Furtado n\u00e4p\u00e4ytti ulkon\u00e4k\u00f6ns\u00e4 ivaajia Mancester Pride -konsertissa. AOP<\/p>\n<p>Nelly Furtadon asuun kuului paita, johon oli piirretty sarjakuvatyylisesti naisen vartalo. AOP<\/p>\n<p class=\"paragraph\">Furtado on aikaisemminkin puhunut kehopositiivisuuden puolesta. Esimerkiksi alkuvuonna laulaja julkaisi itsest\u00e4\u00e4n bikinikuvia Instagram-tilill\u00e4\u00e4n ja kehotti ihmisi\u00e4 viett\u00e4m\u00e4\u00e4n \u201dkehoneutraali vuosi\u201d.<\/p>\n<p class=\"paragraph\">\u2013 T\u00e4n\u00e4 vuonna tulin uudella tavalla tietoisemmaksi ty\u00f6ni esteettisest\u00e4 paineesta. Samalla koin uudenlaisia tasoja itsearvostuksesta ja aidosta sis\u00e4isest\u00e4 luottamuksesta, h\u00e4n kirjoitti.<\/p>\n<p class=\"paragraph\">\u2013 Minulla ei ole ollut kasvo- tai huuli-injektioita tai t\u00e4yteaineita mill\u00e4\u00e4n tavalla, h\u00e4n korosti.<\/p>\n<p class=\"paragraph\">Mik\u00e4li linkki ei n\u00e4y, voit katsoa julkaisun <a href=\"https:\/\/www.instagram.com\/p\/DEcgyN-Rfge\/\" target=\"_blank\" rel=\"noopener nofollow\">t\u00e4\u00e4lt\u00e4<\/a>.<\/p>\n<p class=\"paragraph\">Furtado mainitsi Peoplelle syksyll\u00e4 2024, ett\u00e4 valokuvaajat muokkasivat h\u00e4nen vartalonsa muotoa ja ihonsa v\u00e4ri\u00e4 2000-luvun alussa.<\/p>\n<p class=\"paragraph\">Furtado nousi supersuosioon 2000-luvulla, kun h\u00e4n oli parikymppinen. H\u00e4nen hitteihins\u00e4 lukeutuvat muun muassa Maneater, Say It Right, Promiscuous ja I\u2019m Like A Bird.<\/p>\n<p>Kuva Nelly Furtadosta vuodelta 2006. AOP<\/p>\n<p><script async src=\"\/\/www.instagram.com\/embed.js\"><\/script><\/p>\n","protected":false},"excerpt":{"rendered":"Paluun tehnyt Nelly Furtado n\u00e4p\u00e4ytti kehokritisoijiaan keikkansa aikana. Nelly Furtado. Kuva vuodelta 2012. AOP Kanadalainen laulaja Nelly Furtado,&hellip;\n","protected":false},"author":2,"featured_media":34438,"comment_status":"","ping_status":"","sticky":false,"template":"","format":"standard","meta":{"footnotes":""},"categories":[132],"tags":[35,138,137,33,31,30,2351,106,195,47,141,32,2350,109],"class_list":{"0":"post-34437","1":"post","2":"type-post","3":"status-publish","4":"format-standard","5":"has-post-thumbnail","7":"category-musiikki","8":"tag-24h","9":"tag-audio","10":"tag-entertainment","11":"tag-fi","12":"tag-finland","13":"tag-finnish","14":"tag-kengat-ja-asusteet","15":"tag-muoti","16":"tag-music","17":"tag-musiikki","18":"tag-muusikot-bandit","19":"tag-suomi","20":"tag-vaatekappaleet","21":"tag-viihde"},"share_on_mastodon":{"url":"","error":""},"_links":{"self":[{"href":"https:\/\/www.europesays.com\/fi\/wp-json\/wp\/v2\/posts\/34437","targetHints":{"allow":["GET"]}}],"collection":[{"href":"https:\/\/www.europesays.com\/fi\/wp-json\/wp\/v2\/posts"}],"about":[{"href":"https:\/\/www.europesays.com\/fi\/wp-json\/wp\/v2\/types\/post"}],"author":[{"embeddable":true,"href":"https:\/\/www.europesays.com\/fi\/wp-json\/wp\/v2\/users\/2"}],"replies":[{"embeddable":true,"href":"https:\/\/www.europesays.com\/fi\/wp-json\/wp\/v2\/comments?post=34437"}],"version-history":[{"count":0,"href":"https:\/\/www.europesays.com\/fi\/wp-json\/wp\/v2\/posts\/34437\/revisions"}],"wp:featuredmedia":[{"embeddable":true,"href":"https:\/\/www.europesays.com\/fi\/wp-json\/wp\/v2\/media\/34438"}],"wp:attachment":[{"href":"https:\/\/www.europesays.com\/fi\/wp-json\/wp\/v2\/media?parent=34437"}],"wp:term":[{"taxonomy":"category","embeddable":true,"href":"https:\/\/www.europesays.com\/fi\/wp-json\/wp\/v2\/categories?post=34437"},{"taxonomy":"post_tag","embeddable":true,"href":"https:\/\/www.europesays.com\/fi\/wp-json\/wp\/v2\/tags?post=34437"}],"curies":[{"name":"wp","href":"https:\/\/api.w.org\/{rel}","templated":true}]}}