{"id":34448,"date":"2025-09-14T07:55:07","date_gmt":"2025-09-14T07:55:07","guid":{"rendered":"https:\/\/www.europesays.com\/fi\/34448\/"},"modified":"2025-09-14T07:55:07","modified_gmt":"2025-09-14T07:55:07","slug":"8-vuotias-lapsi-loukkaantui-vakavasti-kun-autoilija-tormasi-haneen-suojatiella-karkolassa-uutisia-lyhyesti","status":"publish","type":"post","link":"https:\/\/www.europesays.com\/fi\/34448\/","title":{"rendered":"8-vuotias lapsi loukkaantui vakavasti, kun autoilija t\u00f6rm\u00e4si h\u00e4neen suojatiell\u00e4 K\u00e4rk\u00f6l\u00e4ss\u00e4 | Uutisia lyhyesti"},"content":{"rendered":"<p class=\"aw-1gybjub aw-1p7kakr cmIuaG fmSRng yle__article__paragraph\">8-vuotias lapsi loukkaantui vakavasti, kun autoilija t\u00f6rm\u00e4si h\u00e4neen suojatiell\u00e4 K\u00e4rk\u00f6l\u00e4ss\u00e4 perjantaina, kertoo poliisi.<\/p>\n<p class=\"aw-1gybjub aw-1p7kakr cmIuaG fmSRng yle__article__paragraph\">Poliisin mukaan autoilija on 76-vuotias mies. Lapsi sai vakavia sairaalahoitoa vaatineita vammoja.<\/p>\n<p class=\"aw-1gybjub aw-1p7kakr cmIuaG fmSRng yle__article__paragraph\">Onnettomuus tapahtui nelj\u00e4n aikaan iltap\u00e4iv\u00e4ll\u00e4 J\u00e4rvel\u00e4ntiell\u00e4, kun lapsi kuljetti polkupy\u00f6r\u00e4\u00e4 kevyen liikenteen v\u00e4yl\u00e4\u00e4 pitkin ja k\u00e4\u00e4ntyi suojatielle.<\/p>\n<p class=\"aw-1gybjub aw-1p7kakr cmIuaG fmSRng yle__article__paragraph\">Poliisi ep\u00e4ilee miehen syyllistyneen liikenneturvallisuuden vaarantamiseen ja vammantuottamukseen.<\/p>\n","protected":false},"excerpt":{"rendered":"8-vuotias lapsi loukkaantui vakavasti, kun autoilija t\u00f6rm\u00e4si h\u00e4neen suojatiell\u00e4 K\u00e4rk\u00f6l\u00e4ss\u00e4 perjantaina, kertoo poliisi. Poliisin mukaan autoilija on 76-vuotias&hellip;\n","protected":false},"author":2,"featured_media":74,"comment_status":"","ping_status":"","sticky":false,"template":"","format":"standard","meta":{"footnotes":""},"categories":[12],"tags":[22,23,26,27,33,31,30,17,2919,71,24,25,28,29,15,837,18,21,1268,32,19,20,16],"class_list":{"0":"post-34448","1":"post","2":"type-post","3":"status-publish","4":"format-standard","5":"has-post-thumbnail","7":"category-suomi","8":"tag-breaking-news","9":"tag-breakingnews","10":"tag-featured-news","11":"tag-featurednews","12":"tag-fi","13":"tag-finland","14":"tag-finnish","15":"tag-headlines","16":"tag-karkola","17":"tag-kotimaa","18":"tag-latest-news","19":"tag-latestnews","20":"tag-main-news","21":"tag-mainnews","22":"tag-news","23":"tag-onnettomuudet","24":"tag-otsikot","25":"tag-paauutiset","26":"tag-paijat-hame","27":"tag-suomi","28":"tag-top-stories","29":"tag-topstories","30":"tag-uutiset"},"share_on_mastodon":{"url":"","error":""},"_links":{"self":[{"href":"https:\/\/www.europesays.com\/fi\/wp-json\/wp\/v2\/posts\/34448","targetHints":{"allow":["GET"]}}],"collection":[{"href":"https:\/\/www.europesays.com\/fi\/wp-json\/wp\/v2\/posts"}],"about":[{"href":"https:\/\/www.europesays.com\/fi\/wp-json\/wp\/v2\/types\/post"}],"author":[{"embeddable":true,"href":"https:\/\/www.europesays.com\/fi\/wp-json\/wp\/v2\/users\/2"}],"replies":[{"embeddable":true,"href":"https:\/\/www.europesays.com\/fi\/wp-json\/wp\/v2\/comments?post=34448"}],"version-history":[{"count":0,"href":"https:\/\/www.europesays.com\/fi\/wp-json\/wp\/v2\/posts\/34448\/revisions"}],"wp:featuredmedia":[{"embeddable":true,"href":"https:\/\/www.europesays.com\/fi\/wp-json\/wp\/v2\/media\/74"}],"wp:attachment":[{"href":"https:\/\/www.europesays.com\/fi\/wp-json\/wp\/v2\/media?parent=34448"}],"wp:term":[{"taxonomy":"category","embeddable":true,"href":"https:\/\/www.europesays.com\/fi\/wp-json\/wp\/v2\/categories?post=34448"},{"taxonomy":"post_tag","embeddable":true,"href":"https:\/\/www.europesays.com\/fi\/wp-json\/wp\/v2\/tags?post=34448"}],"curies":[{"name":"wp","href":"https:\/\/api.w.org\/{rel}","templated":true}]}}