{"id":34488,"date":"2025-09-14T09:00:10","date_gmt":"2025-09-14T09:00:10","guid":{"rendered":"https:\/\/www.europesays.com\/fi\/34488\/"},"modified":"2025-09-14T09:00:10","modified_gmt":"2025-09-14T09:00:10","slug":"janni-hussi-paljastaa-mita-han-nyt-haluaa-elamassaan","status":"publish","type":"post","link":"https:\/\/www.europesays.com\/fi\/34488\/","title":{"rendered":"Janni Hussi paljastaa, mit\u00e4 h\u00e4n nyt haluaa el\u00e4m\u00e4ss\u00e4\u00e4n"},"content":{"rendered":"<p>Janni Hussi t\u00e4ytt\u00e4\u00e4 t\u00e4n\u00e4\u00e4n 34 vuotta.<\/p>\n<p><img decoding=\"async\" class=\"image image-show image-preview\" src=\"https:\/\/www.europesays.com\/fi\/wp-content\/uploads\/2025\/09\/00eb9a3606bfd3120abd5f947c3ac2a83bb30723486372bff52d4daebd2752b1.jpg\" alt=\"\"\/><img decoding=\"async\" class=\"image image-show\" src=\"https:\/\/www.europesays.com\/fi\/wp-content\/uploads\/2025\/09\/1757420048_524_00eb9a3606bfd3120abd5f947c3ac2a83bb30723486372bff52d4daebd2752b1.jpg\" alt=\"\"\/><\/p>\n<p>Janni Hussi t\u00e4ytt\u00e4\u00e4 vuosia. Maija Anttonen<\/p>\n<p class=\"paragraph\">Juontaja ja rallikartturi <a href=\"https:\/\/www.iltalehti.fi\/henkilot\/Janni Hussi\" class=\"article-link-person-page\" rel=\"nofollow noopener\" target=\"_blank\">Janni Hussi<\/a> t\u00e4ytt\u00e4\u00e4 t\u00e4n\u00e4\u00e4n vuosia. Hussille tulee mittariin t\u00e4yteen 34 vuotta.<\/p>\n<p class=\"paragraph\">Hussi on jakanut syntym\u00e4p\u00e4iv\u00e4n\u00e4\u00e4n Instagram-tililleen kuvan itsest\u00e4\u00e4n smoothiemuki k\u00e4dess\u00e4\u00e4n. Kuvan yhteydess\u00e4 Hussi on jakanut mietteit\u00e4 merkkip\u00e4iv\u00e4ns\u00e4 tiimoilta.<\/p>\n<p class=\"paragraph\">\u2013 Life Check-list 34 vuotiaalta min\u00e4lt\u00e4 minulle. En malta odottaa, milt\u00e4 t\u00e4m\u00e4 n\u00e4ytt\u00e4\u00e4 taas kymmenen vuoden p\u00e4\u00e4st\u00e4, Hussi kirjoittaa syd\u00e4nsilm\u00e4emojin kera.<\/p>\n<p class=\"paragraph\">Jos julkaisu ei n\u00e4y, voit katsoa sen <a href=\"https:\/\/www.instagram.com\/p\/DOkx11DiEU0\/\" rel=\"noopener nofollow\" target=\"_blank\">t\u00e4st\u00e4 linkist\u00e4<\/a>.<\/p>\n<p class=\"paragraph\">Hussi kertoo julkaisussaan, millaisia asioita on oppinut 34 vuoden aikana.<\/p>\n<p class=\"paragraph\">H\u00e4n kertoo esimerkiksi rohkeuden seurata omaa syd\u00e4nt\u00e4 ja visiota kasvaneen vuosi vuodelta. Samalla Hussi antaa viestin itselleen antaa rohkeuden kasvaa entisest\u00e4\u00e4n.<\/p>\n<p class=\"paragraph\">Yksi Hussin mainitsemista asioista liittyy asioista irti p\u00e4\u00e4st\u00e4miseen.<\/p>\n<p class=\"paragraph\">\u2013 P\u00e4\u00e4st\u00e4 rohkeasti irti asioista, jotka ei en\u00e4\u00e4 palvele. Kuten omat uskomukset, tavat, ulkopuoliset odotukset, Hussi kirjoittaa.<\/p>\n<p class=\"paragraph\">Hussi antaa viestin itselleen my\u00f6s rajojen vet\u00e4miseen liittyen.<\/p>\n<p class=\"paragraph\">\u2013 Aseta rohkeasti omia rajoja. Sanoita \u00e4\u00e4neen, jos joku asia ei sovi, \u00e4l\u00e4k\u00e4 vaan hammasta purren suostu kaikkeen. Ei tarvitse miellytt\u00e4\u00e4 kaikkea ja kaikkia, Hussi sanoittaa.<\/p>\n<p class=\"paragraph\">Lis\u00e4ksi Hussi korostaa julkaisussaan esimerkiksi perheen ja yst\u00e4vien t\u00e4rkeytt\u00e4, oman intuition kuuntelemista, lepoa ja uteliaisuuden s\u00e4ilytt\u00e4mist\u00e4.<\/p>\n<p class=\"paragraph\">Julkaisunsa lopuksi Hussi kiteytt\u00e4\u00e4 \u201dlife check\u201d -listansa yhteen el\u00e4m\u00e4nohjeeseen.<\/p>\n<p class=\"paragraph\">\u2013 Pid\u00e4 hauskaa! T\u00e4\u00e4 on lyhyt visiitti. Tutki, seikkaile, el\u00e4! Hussi kirjoittaa.<\/p>\n<p class=\"paragraph\">Kommenteissa Hussi saa paljon onnitteluja syntym\u00e4p\u00e4iv\u00e4n\u00e4\u00e4n.<\/p>\n<p class=\"paragraph\">\u2013 Viralliset onnittelut! Mahtava lista, toivottaa kansanedustaja ja entinen olympiaurheilija <a href=\"https:\/\/www.iltalehti.fi\/henkilot\/Mika Poutala\" class=\"article-link-person-page\" rel=\"nofollow noopener\" target=\"_blank\">Mika Poutala<\/a>.<\/p>\n<p class=\"paragraph\">\u2013 Erinomaisia juttuja, onnea, toivottaa syd\u00e4nsilm\u00e4emojein nyrkkeilij\u00e4 <a href=\"https:\/\/www.iltalehti.fi\/henkilot\/Elina Gustafsson\" class=\"article-link-person-page\" rel=\"nofollow noopener\" target=\"_blank\">Elina Gustafsson<\/a>.<\/p>\n<p class=\"paragraph\">\u2013 Onnea Janni! toivottaa juontaja <a href=\"https:\/\/www.iltalehti.fi\/henkilot\/Susanna Laine\" class=\"article-link-person-page\" rel=\"nofollow noopener\" target=\"_blank\">Susanna Laine<\/a>.<\/p>\n<p class=\"paragraph\">Hussi on viime aikoina keskittynyt el\u00e4m\u00e4ss\u00e4\u00e4n erityisesti uraansa rallikartturina. Hiljattain Hussi ja kisapari <a href=\"https:\/\/www.iltalehti.fi\/henkilot\/Jari-Matti Latvala\" class=\"article-link-person-page\" rel=\"nofollow noopener\" target=\"_blank\">Jari-Matti Latvala<\/a> <a href=\"https:\/\/www.iltalehti.fi\/ralli\/97b32f13-9aad-4688-b27a-3f6ab392cbdc\" rel=\"nofollow noopener\" target=\"_blank\">ajoivat voittoon asti<\/a> Kreikassa ajetussa Historic Acropolis -rallissa.<\/p>\n<p class=\"paragraph\">Kes\u00e4ll\u00e4 Hussi ilmoitti eroavansa yritt\u00e4j\u00e4 <a href=\"https:\/\/www.iltalehti.fi\/henkilot\/Joel Harkimo\" class=\"article-link-person-page\" rel=\"nofollow noopener\" target=\"_blank\">Joel Harkimosta<\/a>. Hiljattain Hussi <a href=\"https:\/\/www.iltalehti.fi\/viihdeuutiset\/40b3b22f-60fb-4f79-90e0-9632d5885818\" rel=\"nofollow noopener\" target=\"_blank\">kommentoi <\/a>Iltalehdelle asumiskuvioitaan The Box Suomi -ohjelman lehdist\u00f6tilaisuudessa.<\/p>\n<p class=\"paragraph\">\u2013 Asumiskuviot ovat selvityksess\u00e4 ja etenev\u00e4t, mutta sen voin sanoa, ett\u00e4 Helsingin keskustaan en ole l\u00e4hd\u00f6ss\u00e4, Hussi kertoi.<\/p>\n<p><script async src=\"\/\/www.instagram.com\/embed.js\"><\/script><\/p>\n","protected":false},"excerpt":{"rendered":"Janni Hussi t\u00e4ytt\u00e4\u00e4 t\u00e4n\u00e4\u00e4n 34 vuotta. Janni Hussi t\u00e4ytt\u00e4\u00e4 vuosia. Maija Anttonen Juontaja ja rallikartturi Janni Hussi t\u00e4ytt\u00e4\u00e4&hellip;\n","protected":false},"author":2,"featured_media":29907,"comment_status":"","ping_status":"","sticky":false,"template":"","format":"standard","meta":{"footnotes":""},"categories":[136],"tags":[35,407,137,33,31,30,408,2111,41,2232,32,161,109,162],"class_list":{"0":"post-34488","1":"post","2":"type-post","3":"status-publish","4":"format-standard","5":"has-post-thumbnail","7":"category-julkkikset","8":"tag-24h","9":"tag-celebrities","10":"tag-entertainment","11":"tag-fi","12":"tag-finland","13":"tag-finnish","14":"tag-julkkikset","15":"tag-kuntourheilu","16":"tag-liikunta-ja-urheilu","17":"tag-ruumiillinen-kunto","18":"tag-suomi","19":"tag-urheilutapahtumat","20":"tag-viihde","21":"tag-yleisurheilu"},"share_on_mastodon":{"url":"","error":""},"_links":{"self":[{"href":"https:\/\/www.europesays.com\/fi\/wp-json\/wp\/v2\/posts\/34488","targetHints":{"allow":["GET"]}}],"collection":[{"href":"https:\/\/www.europesays.com\/fi\/wp-json\/wp\/v2\/posts"}],"about":[{"href":"https:\/\/www.europesays.com\/fi\/wp-json\/wp\/v2\/types\/post"}],"author":[{"embeddable":true,"href":"https:\/\/www.europesays.com\/fi\/wp-json\/wp\/v2\/users\/2"}],"replies":[{"embeddable":true,"href":"https:\/\/www.europesays.com\/fi\/wp-json\/wp\/v2\/comments?post=34488"}],"version-history":[{"count":0,"href":"https:\/\/www.europesays.com\/fi\/wp-json\/wp\/v2\/posts\/34488\/revisions"}],"wp:featuredmedia":[{"embeddable":true,"href":"https:\/\/www.europesays.com\/fi\/wp-json\/wp\/v2\/media\/29907"}],"wp:attachment":[{"href":"https:\/\/www.europesays.com\/fi\/wp-json\/wp\/v2\/media?parent=34488"}],"wp:term":[{"taxonomy":"category","embeddable":true,"href":"https:\/\/www.europesays.com\/fi\/wp-json\/wp\/v2\/categories?post=34488"},{"taxonomy":"post_tag","embeddable":true,"href":"https:\/\/www.europesays.com\/fi\/wp-json\/wp\/v2\/tags?post=34488"}],"curies":[{"name":"wp","href":"https:\/\/api.w.org\/{rel}","templated":true}]}}