{"id":34509,"date":"2025-09-14T09:34:13","date_gmt":"2025-09-14T09:34:13","guid":{"rendered":"https:\/\/www.europesays.com\/fi\/34509\/"},"modified":"2025-09-14T09:34:13","modified_gmt":"2025-09-14T09:34:13","slug":"idan-pikajunan-arvoitus-kelpo-poirot-filmatisointi-taynna-tahtiloistoa","status":"publish","type":"post","link":"https:\/\/www.europesays.com\/fi\/34509\/","title":{"rendered":"Id\u00e4n pikajunan arvoitus, kelpo Poirot-filmatisointi t\u00e4ynn\u00e4 t\u00e4htiloistoa"},"content":{"rendered":"<p>\n  Id\u00e4n pikajunan arvoitus on Kenneth Branagh&#8217;n ohjaamien Hercule Poirot -elokuvien ensimm\u00e4inen. Siin\u00e4 n\u00e4hd\u00e4\u00e4n huikea n\u00e4yttelij\u00e4kaarti.<\/p>\n<p>\n            Teksti:          <\/p>\n<p>\n            Jesse Raatikainen          <\/p>\n<p>Monen on ollut vaikea hyv\u00e4ksy\u00e4 uutta Hercule Poirot\u2019a suositun ITV-tuotannon j\u00e4lkeen, mutta\u00a0<strong>Kenneth Branagh<\/strong>\u00a0tarttui haasteeseen ja teki yksityisetsiv\u00e4st\u00e4 omanlaisensa tulkinnan elokuvaan\u00a0Id\u00e4n pikajunan arvoitus.<\/p>\n<p>Elokuva on kuin James Bond -seikkailu, jossa belgialaisetsiv\u00e4 n\u00e4hd\u00e4\u00e4n muun muassa juoksemassa ase k\u00e4dess\u00e4\u00e4n pikajunan katolla. Moderni henki ei v\u00e4ltt\u00e4m\u00e4tt\u00e4 sovi nostalgikoille. Isoin ongelma on alkuteoksen tulkinnassa: klaustrofobinen tunnelma on\u00a0<strong>Agatha Christien<\/strong>\u00a0klassikon pihvi, mutta elokuvassa tunnelma katoaa, kun junassa ei malteta pysy\u00e4.<\/p>\n<p>Kaikesta huolimatta elokuva on kohtuullinen. Siin\u00e4 n\u00e4hd\u00e4\u00e4n joukko isoja n\u00e4yttelij\u00e4nimi\u00e4, Branagh\u2019n lis\u00e4ksi <strong>Johnny Depp, Judi Dench, Michelle Pfeiffer<\/strong> ja <strong>Penelope Cruz<\/strong>.<\/p>\n<p><strong>\u272a\u272a\u272a<\/strong><\/p>\n<p>Id\u00e4n pikajunan arvoitus, sunnuntai 14.9. klo 21.00, <a href=\"http:\/\/mtv.fi\/\" rel=\"nofollow noopener\" target=\"_blank\">MTV Ava<\/a><\/p>\n<p><a href=\"https:\/\/seura.fi\/tv\/kuolema-niililla-vie-salapoliisi-poirotin-egyptiin\/\" rel=\"nofollow noopener\" target=\"_blank\">\u00a0Lue my\u00f6s: Kuolema Niilill\u00e4 vie salapoliisi Poirotin Egyptiin \u2013 murhamysteeri\u00e4 vaivaa liiallinen teatraalisuus<br \/><\/a><\/p>\n","protected":false},"excerpt":{"rendered":"Id\u00e4n pikajunan arvoitus on Kenneth Branagh&#8217;n ohjaamien Hercule Poirot -elokuvien ensimm\u00e4inen. Siin\u00e4 n\u00e4hd\u00e4\u00e4n huikea n\u00e4yttelij\u00e4kaarti. Teksti: Jesse Raatikainen&hellip;\n","protected":false},"author":2,"featured_media":34510,"comment_status":"","ping_status":"","sticky":false,"template":"","format":"standard","meta":{"footnotes":""},"categories":[130],"tags":[1679,1045,137,33,31,30,9854,32,2203,109],"class_list":{"0":"post-34509","1":"post","2":"type-post","3":"status-publish","4":"format-standard","5":"has-post-thumbnail","7":"category-viihde","8":"tag-agatha-christie","9":"tag-elokuva-arvio","10":"tag-entertainment","11":"tag-fi","12":"tag-finland","13":"tag-finnish","14":"tag-hercule-poirot","15":"tag-suomi","16":"tag-tv-maailma","17":"tag-viihde"},"share_on_mastodon":{"url":"","error":""},"_links":{"self":[{"href":"https:\/\/www.europesays.com\/fi\/wp-json\/wp\/v2\/posts\/34509","targetHints":{"allow":["GET"]}}],"collection":[{"href":"https:\/\/www.europesays.com\/fi\/wp-json\/wp\/v2\/posts"}],"about":[{"href":"https:\/\/www.europesays.com\/fi\/wp-json\/wp\/v2\/types\/post"}],"author":[{"embeddable":true,"href":"https:\/\/www.europesays.com\/fi\/wp-json\/wp\/v2\/users\/2"}],"replies":[{"embeddable":true,"href":"https:\/\/www.europesays.com\/fi\/wp-json\/wp\/v2\/comments?post=34509"}],"version-history":[{"count":0,"href":"https:\/\/www.europesays.com\/fi\/wp-json\/wp\/v2\/posts\/34509\/revisions"}],"wp:featuredmedia":[{"embeddable":true,"href":"https:\/\/www.europesays.com\/fi\/wp-json\/wp\/v2\/media\/34510"}],"wp:attachment":[{"href":"https:\/\/www.europesays.com\/fi\/wp-json\/wp\/v2\/media?parent=34509"}],"wp:term":[{"taxonomy":"category","embeddable":true,"href":"https:\/\/www.europesays.com\/fi\/wp-json\/wp\/v2\/categories?post=34509"},{"taxonomy":"post_tag","embeddable":true,"href":"https:\/\/www.europesays.com\/fi\/wp-json\/wp\/v2\/tags?post=34509"}],"curies":[{"name":"wp","href":"https:\/\/api.w.org\/{rel}","templated":true}]}}