{"id":34521,"date":"2025-09-14T09:56:12","date_gmt":"2025-09-14T09:56:12","guid":{"rendered":"https:\/\/www.europesays.com\/fi\/34521\/"},"modified":"2025-09-14T09:56:12","modified_gmt":"2025-09-14T09:56:12","slug":"mira-luodin-tanssitausta-aimistytti-ttk-katsojat-nyt-puhuu-ohjelman-tuotanto","status":"publish","type":"post","link":"https:\/\/www.europesays.com\/fi\/34521\/","title":{"rendered":"Mira Luodin tanssitausta \u00e4imistytti TTK-katsojat \u2013 Nyt puhuu ohjelman tuotanto"},"content":{"rendered":"<p>Tanssii t\u00e4htien kanssa -ohjelman vastaava tuottaja vastaa kilpailijavalintoihin kohdistuvaan kritiikkiin Iltalehdelle.<\/p>\n<p><img decoding=\"async\" class=\"image image-show image-preview\" src=\"https:\/\/www.europesays.com\/fi\/wp-content\/uploads\/2025\/09\/92bc14d463fba3183b86a886e982ab59e822f0b00882a83b550231d46363bc1b.jpg\" alt=\"\"\/><img decoding=\"async\" class=\"image image-show\" src=\"https:\/\/www.europesays.com\/fi\/wp-content\/uploads\/2025\/09\/1757282464_999_92bc14d463fba3183b86a886e982ab59e822f0b00882a83b550231d46363bc1b.jpg\" alt=\"\"\/><\/p>\n<p>Mira Luoti kilpailee Tanssii t\u00e4htien kanssa -ohjelmassa Anssi Heikkil\u00e4n parina. Atte Kajova<\/p>\n<p class=\"paragraph\">Tanssii t\u00e4htien kanssa -ohjelmassa kilpaileva <a href=\"https:\/\/www.iltalehti.fi\/henkilot\/Mira Luoti\" class=\"article-link-person-page\" rel=\"nofollow noopener\" target=\"_blank\">Mira Luoti<\/a> on ollut viime p\u00e4ivin\u00e4 kritiikin keskell\u00e4. Ohjelman tuotanto ottaa nyt kantaa asiaan.<\/p>\n<p class=\"paragraph\"><a href=\"https:\/\/www.iltalehti.fi\/tv-ja-leffat\/233f78c1-2f48-4bb3-ae2e-d74cad208f71\" rel=\"nofollow noopener\" target=\"_blank\">TTK:n katsojia on puhuttanut Luodin ilmi tullut tanssitausta<\/a>. Luoti on harrastanut showtanssia kymmenen vuoden ajan ja kilpaillut MM-tasolla. Vuonna 2022 Luoti voitti pronssia DCA Street Squad -tanssijoukkueensa kanssa Suomen tanssiurheiluliiton aikuiset 2 &amp; 3 ik\u00e4kausimestaruuskilpailussa.<\/p>\n<p class=\"paragraph\">Ohjelman katsojat ovat muun muassa <a href=\"https:\/\/www.facebook.com\/TanssiiTahtienKanssa\/posts\/pfbid02DDreMmNMRX4RsLwVJPtSmpVMeihb7Ry2D8MN4siRYDDFymVvL1pzjtQrc2E7Hk6Jl\" target=\"_blank\" rel=\"noopener nofollow\">Facebookissa<\/a> ja Jodelissa kommentoineet, ettei Luotia olisi pit\u00e4nyt hyv\u00e4ksy\u00e4 ohjelmaan mukaan osaamisensa vuoksi.<\/p>\n<p>Mira Luoti ja Anssi Heikkil\u00e4 saivat viime viikon avausjaksossa illan parhaat tuomaripisteet. Atte Kajova<\/p>\n<p class=\"paragraph\">Iltalehti kysyi Tanssii t\u00e4htien kanssa -tuotannolta, miten se vastaa katsojien kritiikkiin. MTV:n kotimaisten sis\u00e4lt\u00f6jen vastaava tuottaja <strong>Jasmi Kuusisto<\/strong> kertoo Iltalehdelle, ett\u00e4 tuotantoyhti\u00f6 on k\u00e4ynyt kaikkien osallistujien mahdollisen tanssitaustan l\u00e4pi heid\u00e4n kanssaan jo casting-prosessin aikana.<\/p>\n<p class=\"paragraph\">\u2013 Jokaisella t\u00e4htioppilaalla on erilaiset l\u00e4ht\u00f6kohdat ja ohjelman aikana seurattava yksil\u00f6llinen kehityskaari on osa kokonaisuutta. Vaikka osallistujilla saattaa olla aiempaa tanssi- tai liikuntataustaa, kymppitanssit ovat kaikille t\u00e4htioppilaille uusi laji. Rytmilliset ja liikunnalliset lahjat ovat jokaisella yksil\u00f6lliset ja ne vaikuttavat luonnollisesti l\u00e4ht\u00f6tasoon, Kuusisto selitt\u00e4\u00e4 Iltalehdelle.<\/p>\n<p class=\"paragraph\">Kymppitanssi on kilpatanssin laji, johon kuuluu viisi vakiotanssia (tango, hidas valssi, wieninvalssi, foxtrot ja quickstep) ja viisi latinalaistanssia (samba, cha cha, rumba, paso doble ja jive). Juuri n\u00e4it\u00e4 tanssilajeja tanssitaan my\u00f6s Tanssii t\u00e4htien kanssa -ohjelmassa.<\/p>\n<p>My\u00f6s twerk-tanssija Tinzen osallistumista on kritisoitu. Atte Kajova<\/p>\n<p class=\"paragraph\">Luodin lis\u00e4ksi <a href=\"https:\/\/www.iltalehti.fi\/viihdeuutiset\/c1b494bf-bb90-4b60-8d16-0b918cd28809\" rel=\"nofollow noopener\" target=\"_blank\">n\u00e4r\u00e4\u00e4 on samasta syyst\u00e4 aiheuttanut t\u00e4ll\u00e4 kaudella my\u00f6s<\/a> twerk-tanssija ja koreografi <strong>Tinzen<\/strong> osallistuminen. Kuusisto korostaa, ett\u00e4 kymppitanssit ovat kaikille t\u00e4htioppilaille uusia.<\/p>\n<p class=\"paragraph\">\u2013 Kilpailijat l\u00e4htev\u00e4t samalta viivalta opettelemaan lajeja, jotka vaativat erityist\u00e4 osaamista. Joskus aiempi tanssikokemus hyvin toisenlaisesta tanssista voi jopa hidastaa kilpatanssin oppimista.<\/p>\n<p class=\"paragraph\"><strong>Miss\u00e4 menee raja, millainen tanssitausta on t\u00e4htioppilaalle liikaa?<\/strong><\/p>\n<p class=\"paragraph\">\u2013 Kilpatanssikokemus eli vakio- ja latinalaistanssien kilpatasolla harrastaminen on este osallistumiselle. Ohjelman formaatti perustuu siihen, ett\u00e4 jokainen joutuu opettelemaan itselleen uutta. Muu tanssi- tai liikuntatausta ei est\u00e4 osallistumista, Kuusisto sanoo.<\/p>\n<p class=\"paragraph\">T\u00e4n\u00e4 iltana n\u00e4hd\u00e4\u00e4n TTK-kauden toinen suora l\u00e4hetys. Oma tarina -jaksossa tanssitaan l\u00e4hes kaikkia tanssilajeja.<\/p>\n<p class=\"paragraph\">Tanssii t\u00e4htien kanssa t\u00e4n\u00e4\u00e4n MTV3:lla kello 19.30 &amp; Katsomossa. <a href=\"https:\/\/www.iltalehti.fi\/telkku\" rel=\"nofollow noopener\" target=\"_blank\">Katso kaikki TV-ohjelmat ja l\u00e4hetysajat Telkun TV-oppaasta<\/a>.<\/p>\n<p>Toistaiseksi viel\u00e4 kaikki tanssiparit ovat kisassa mukana. MTV<\/p>\n<p>Mira Luoti ja Anssi Heikkil\u00e4 saivat yleis\u00f6n hurraamaan heti ensimm\u00e4isess\u00e4 tanssissaan viime viikolla. Atte Kajova<\/p>\n","protected":false},"excerpt":{"rendered":"Tanssii t\u00e4htien kanssa -ohjelman vastaava tuottaja vastaa kilpailijavalintoihin kohdistuvaan kritiikkiin Iltalehdelle. Mira Luoti kilpailee Tanssii t\u00e4htien kanssa -ohjelmassa&hellip;\n","protected":false},"author":2,"featured_media":28525,"comment_status":"","ping_status":"","sticky":false,"template":"","format":"standard","meta":{"footnotes":""},"categories":[133],"tags":[35,137,33,31,30,979,1999,32,206,2140,140,139,156,109],"class_list":{"0":"post-34521","1":"post","2":"type-post","3":"status-publish","4":"format-standard","5":"has-post-thumbnail","7":"category-televisiot","8":"tag-24h","9":"tag-entertainment","10":"tag-fi","11":"tag-finland","12":"tag-finnish","13":"tag-sahkoinen-media","14":"tag-suomalaiset-tv-ohjelmat","15":"tag-suomi","16":"tag-televisiot","17":"tag-tosi-tv-ohjelmat","18":"tag-tv-ja-elokuvat","19":"tag-tv-ohjelmat","20":"tag-tv","21":"tag-viihde"},"share_on_mastodon":{"url":"","error":""},"_links":{"self":[{"href":"https:\/\/www.europesays.com\/fi\/wp-json\/wp\/v2\/posts\/34521","targetHints":{"allow":["GET"]}}],"collection":[{"href":"https:\/\/www.europesays.com\/fi\/wp-json\/wp\/v2\/posts"}],"about":[{"href":"https:\/\/www.europesays.com\/fi\/wp-json\/wp\/v2\/types\/post"}],"author":[{"embeddable":true,"href":"https:\/\/www.europesays.com\/fi\/wp-json\/wp\/v2\/users\/2"}],"replies":[{"embeddable":true,"href":"https:\/\/www.europesays.com\/fi\/wp-json\/wp\/v2\/comments?post=34521"}],"version-history":[{"count":0,"href":"https:\/\/www.europesays.com\/fi\/wp-json\/wp\/v2\/posts\/34521\/revisions"}],"wp:featuredmedia":[{"embeddable":true,"href":"https:\/\/www.europesays.com\/fi\/wp-json\/wp\/v2\/media\/28525"}],"wp:attachment":[{"href":"https:\/\/www.europesays.com\/fi\/wp-json\/wp\/v2\/media?parent=34521"}],"wp:term":[{"taxonomy":"category","embeddable":true,"href":"https:\/\/www.europesays.com\/fi\/wp-json\/wp\/v2\/categories?post=34521"},{"taxonomy":"post_tag","embeddable":true,"href":"https:\/\/www.europesays.com\/fi\/wp-json\/wp\/v2\/tags?post=34521"}],"curies":[{"name":"wp","href":"https:\/\/api.w.org\/{rel}","templated":true}]}}