{"id":34536,"date":"2025-09-14T10:19:08","date_gmt":"2025-09-14T10:19:08","guid":{"rendered":"https:\/\/www.europesays.com\/fi\/34536\/"},"modified":"2025-09-14T10:19:08","modified_gmt":"2025-09-14T10:19:08","slug":"artisti-lauri-haav-eli-kaksoiselamaa-taustalla-rankka-ero-ja-laheisen-kuolema","status":"publish","type":"post","link":"https:\/\/www.europesays.com\/fi\/34536\/","title":{"rendered":"Artisti Lauri Haav eli kaksoisel\u00e4m\u00e4\u00e4 \u2013 taustalla rankka ero ja l\u00e4heisen kuolema"},"content":{"rendered":"<p>            ATTE KAJOVA\n        <\/p>\n<p class=\"subtitle \">Vain el\u00e4m\u00e4\u00e4 -t\u00e4hti on taistellut tiens\u00e4 huipulle haastavien aikojen l\u00e4pi.<\/p>\n<p class=\"article-content article-content-width !bg-background\">Menestysartisti \u00a0(oik.), 27, sanoo kohdanneensa el\u00e4m\u00e4n suurimmat haasteet yksityisel\u00e4m\u00e4ns\u00e4 puolella.<\/p>\n<p class=\"font-weight-bold m-font-weight-bold article-content article-content-width !bg-background\">Video: Vain el\u00e4m\u00e4\u00e4 -artisti Johannes Brotherus painetestiss\u00e4.<\/p>\n<p class=\"article-content article-content-width !bg-background\">Aiemmin h\u00e4n on kertonut julkisuudessa, ett\u00e4 on k\u00e4ynyt l\u00e4pi ainakin yhden rankan eron parisuhteesta. Lis\u00e4ksi Laurin \u00e4iti menehtyi pari vuotta sitten.<\/p>\n<p class=\"article-content article-content-width !bg-background\">\u2013 On ollut kovia eroja, l\u00e4heisen kuolema&#8230; Ne ovat olleet tosi vaikeita paikkoja. Uralla on saattanut menn\u00e4 todella hyvin, mutta henkil\u00f6kohtaisessa el\u00e4m\u00e4ss\u00e4 tosi huonosti, h\u00e4n kertoo Seiskalle.<\/p>\n<p class=\"article-content article-content-width !bg-background\">\u2013 Tuntui silloin, ett\u00e4 el\u00e4isi jonkinlaista kaksoisel\u00e4m\u00e4\u00e4. Ulosp\u00e4in se n\u00e4ytti kaikille tosi hienolta ja kaikki ymp\u00e4rill\u00e4 onnittelivat, mutta sis\u00e4lt\u00e4 olin rikki.<\/p>\n<p>        <a itemprop=\"url\" href=\"https:\/\/www.seiska.fi\/katso\/vesta-reagoi-erikoisesti-vain-elamaa-kutsuun-loukkaannuin\/1909331\" rel=\"nofollow noopener\" target=\"_blank\"><\/p>\n<p>\nVain el\u00e4m\u00e4\u00e4\n<\/p>\n<p class=\"section-date\">\n        <strong class=\"article-section\" data-section=\"katso\"><br \/>\n            katso<br \/>\n        <\/strong><br \/>\n        25.8. 16:15\n    <\/p>\n<p>    Vesta reagoi erikoisesti Vain el\u00e4m\u00e4\u00e4 -kutsuun: \u201dLoukkaannuin\u201d<\/p>\n<p itemprop=\"description\" class=\"subtitle \">\n    Kameran edess\u00e4 puhuminen tuntui laulaja Vestasta haastavalta.\n<\/p>\n<p>        <\/a><\/p>\n<p>Tuplasti tulokas<\/p>\n<p class=\"article-content article-content-width !bg-background\">Uutta Vain el\u00e4m\u00e4\u00e4 -kautta t\u00e4hditt\u00e4v\u00e4 Lauri on ty\u00f6urallaankin joutunut kohtaamaan tilanteita, joiden l\u00e4pi h\u00e4nen on t\u00e4ytynyt taistella. Koronapandemia oli tavallista kovempi isku aloittelevalle artistille, joka julkaisi ensimm\u00e4isen levyns\u00e4\u00a0Silm\u00e4t kii\u00a0vuonna 2020.<\/p>\n<p class=\"article-content article-content-width !bg-background\">\u2013 Eka albumini tuli ulos, mutta kaikki keikat peruttiin ja jouduin jotenkin uudestaan tekem\u00e4\u00e4n tulokasvuoteni. Kun l\u00e4hdin sen j\u00e4lkeen tekem\u00e4\u00e4n Aino-levy\u00e4, olin p\u00e4\u00e4tt\u00e4nyt, ett\u00e4 sen pit\u00e4\u00e4 menesty\u00e4. On pakko p\u00e4\u00e4st\u00e4 esiintym\u00e4\u00e4n ja levitt\u00e4m\u00e4\u00e4n t\u00e4t\u00e4.\u00a0<\/p>\n<p class=\"article-content article-content-width !bg-background\">\u2013 Se oli opettavainen mutta raskas matka.<\/p>\n<p class=\"article-content article-content-width !bg-background\">Lauri ei kuitenkaan koe tehdyn ty\u00f6n menneen hukkaan.<\/p>\n<p class=\"article-content article-content-width !bg-background\">\u2013 En tietenk\u00e4\u00e4n. Ja vaikka olen tehnyt urallani joitain virheit\u00e4, ne ovat olleet parhaita opetuksia, ja tekev\u00e4lle sattuu.<\/p>\n<p>        <a itemprop=\"url\" href=\"https:\/\/www.seiska.fi\/kotimaa\/kuumaa-yhtyeelta-jattiuutinen-tasta-on-kyse\/1912270\" rel=\"nofollow noopener\" target=\"_blank\"><\/p>\n<p>\nT\u00e4st\u00e4 on kyse\n<\/p>\n<p class=\"section-date\">\n        <strong class=\"article-section\" data-section=\"kotimaa\"><br \/>\n            kotimaa<br \/>\n        <\/strong><br \/>\n        27.8. 15:28\n    <\/p>\n<p>    Kuumaa-yhtyeelt\u00e4 j\u00e4ttiuutinen \u2013 t\u00e4st\u00e4 on kyse<\/p>\n<p itemprop=\"description\" class=\"subtitle \">\n    Johannes Brotheruksella on takanaan poikkeuksellinen kes\u00e4.\n<\/p>\n<p>        <\/a><\/p>\n<p>                <img decoding=\"async\" src=\"https:\/\/www.europesays.com\/fi\/wp-content\/uploads\/2025\/09\/1927842.webp\" width=\"576\" height=\"720\" alt=\"Lauri on kriittinen ty\u00f6st\u00e4\u00e4n. H\u00e4n sanoo j\u00e4nnitt\u00e4neens\u00e4 esiintymisi\u00e4\u00e4n Vain el\u00e4m\u00e4\u00e4-ohjelmassa paljon, koska haluaa tehd\u00e4 parhaansa.\" loading=\"lazy\" \/>            <\/p>\n<p>\n            Lauri on kriittinen ty\u00f6st\u00e4\u00e4n. H\u00e4n sanoo j\u00e4nnitt\u00e4neens\u00e4 esiintymisi\u00e4\u00e4n Vain el\u00e4m\u00e4\u00e4-ohjelmassa paljon, koska haluaa tehd\u00e4 parhaansa.<br \/>\n            ATTE KAJOVA\n        <\/p>\n<p>Hengitysharjoitukset helpottavat<\/p>\n<p class=\"article-content article-content-width !bg-background\">Ennen ensiintymist\u00e4 Lauri tekee joskus hengitysharjoituksia. H\u00e4n rauhoittelee itse\u00e4\u00e4n eri keinoin.<\/p>\n<p class=\"article-content article-content-width !bg-background\">\u2013K\u00e4yn l\u00e4pi, kuka olen ja kuinka paljon olen t\u00e4t\u00e4 tehnyt. Se auttaa yleens\u00e4. Ett\u00e4 t\u00e4m\u00e4 on mennyt aina hyvin, ja jos menee huonosti, niin tuskin se kovin huonosti menee ainakaan.<\/p>\n<p class=\"article-content article-content-width !bg-background\">Uransa alussa Lauri loihti musiikkia omakotitalon kellarissa synnyinkaupungissaan Jyv\u00e4skyl\u00e4ss\u00e4, mutta sittemmin h\u00e4n on siirtynyt tekem\u00e4\u00e4n biisej\u00e4 Helsingiss\u00e4 studiossa. Inspiraatio sen sijaan ei katso aikaa eik\u00e4 paikkaa.<\/p>\n<p class=\"article-content article-content-width !bg-background\">\u2013 Kyll\u00e4 biisej\u00e4 voi synty\u00e4 miss\u00e4 vaan. Hiljattain kirjoitin y\u00f6ll\u00e4 s\u00e4ngyss\u00e4 paljon tekstej\u00e4. Aamulla sitten katsoin, oliko niiss\u00e4 mit\u00e4\u00e4n hyv\u00e4\u00e4. Studiolla ne \u00e4\u00e4nitet\u00e4\u00e4n ja vied\u00e4\u00e4n loppuun.<\/p>\n<p>        <a itemprop=\"url\" href=\"https:\/\/www.seiska.fi\/katso\/vain-elamaa-rappari-lauri-haav-tunnustaa-en-ole-maailman-paras-laulaja\/1909887\" rel=\"nofollow noopener\" target=\"_blank\"><\/p>\n<p>\nLauri Haav\n<\/p>\n<p class=\"section-date\">\n        <strong class=\"article-section\" data-section=\"katso\"><br \/>\n            katso<br \/>\n        <\/strong><br \/>\n        31.8. 16:15\n    <\/p>\n<p>    Vain el\u00e4m\u00e4\u00e4 -r\u00e4pp\u00e4ri Lauri Haav tunnustaa: \u201dEn ole maailman paras laulaja\u201d<\/p>\n<p itemprop=\"description\" class=\"subtitle \">\n    Lauri Haav yst\u00e4vystyi Vain el\u00e4m\u00e4\u00e4 -kuvauksissa erityisesti yhden artistin kanssa.\n<\/p>\n<p>        <\/a><\/p>\n<p>                <img decoding=\"async\" src=\"https:\/\/www.europesays.com\/fi\/wp-content\/uploads\/2025\/09\/1927921.webp\" width=\"576\" height=\"303\" alt=\"Vain el\u00e4m\u00e4\u00e4 16. tuotantokausi py\u00f6rii parhaillaan Nelosella. Perjantaina 12. syyskuuta on K\u00e4\u00e4rij\u00e4n p\u00e4iv\u00e4.\" loading=\"lazy\" \/>            <\/p>\n<p>\n            Vain el\u00e4m\u00e4\u00e4 16. tuotantokausi py\u00f6rii parhaillaan Nelosella. Perjantaina 12. syyskuuta on <br \/>K\u00e4\u00e4rij\u00e4n p\u00e4iv\u00e4.<br \/>\n            Nelonen \/ Petri Aho\n        <\/p>\n<p>J\u00e4t\u00e4n jatkot v\u00e4liin<\/p>\n<p class=\"article-content article-content-width !bg-background\">Lauri on sanonut aiemmin haastattelussa ett\u00e4 musiikki on tuonut kaiken ja vienyt kaiken. Miten h\u00e4n on l\u00f6yt\u00e4nyt tasapainon?<\/p>\n<p class=\"article-content article-content-width !bg-background\">\u2013 Kai min\u00e4 sit\u00e4 etsin edelleen. Mutta olen pikku hiljaa l\u00f6yt\u00e4nyt tapoja, jotka edesauttavat sit\u00e4 ett\u00e4 pysyisi se tasapaino. T\u00e4ytyy j\u00e4tt\u00e4\u00e4 jatkot pois ja priorisoida nukkumista, urheilua ja ruokailua. Ne on ne jutut.<\/p>\n<p class=\"article-content article-content-width !bg-background\">Artistin on t\u00e4ytynyt pit\u00e4\u00e4 viikonloppuisin mieless\u00e4\u00e4n se, ett\u00e4 maanantaina on kiva olla t\u00e4ydess\u00e4 ter\u00e4ss\u00e4 kuin v\u00e4syneen\u00e4. Keikkojen j\u00e4lkeen ei kannata l\u00e4hte\u00e4 kovin usein viihteelle.<\/p>\n<p class=\"article-content article-content-width !bg-background\">\u2013 Joskus pit\u00e4\u00e4 olla se m\u00e4ls\u00e4 tyyppi, joka sanoo &#8221;sori on ment\u00e4v\u00e4 himaan, ei jaksa l\u00e4hte\u00e4 mihink\u00e4\u00e4n&#8221;. Sitten harvoin jos joskus nauttii, se tuntuu kivemmalta.<\/p>\n<p class=\"article-content article-content-width !bg-background\">El\u00e4m\u00e4nmuutos on vaatinut Laurilta paljon ty\u00f6t\u00e4, sill\u00e4 vaikka h\u00e4nelle keikkailu onkin t\u00e4rke\u00e4\u00e4, se hajottaa t\u00e4rke\u00e4\u00e4 arkirytmi\u00e4.<\/p>\n<p class=\"article-content article-content-width !bg-background\">\u2013 Kun olin kev\u00e4\u00e4n pois esiintymislavoilta, k\u00e4\u00e4nsin rutiinini terveellisemm\u00e4ksi.<\/p>\n<p>\n            Haluaisin olla marraskuusta toukokuuhuun pois Suomesta.\n            <\/p>\n<p>        <a itemprop=\"url\" href=\"https:\/\/www.seiska.fi\/katso\/vain-elamaa-sarjassa-ennennakematon-uudistus\/1918058\" rel=\"nofollow noopener\" target=\"_blank\"><\/p>\n<p>\nVain el\u00e4m\u00e4\u00e4\n<\/p>\n<p class=\"section-date\">\n        <strong class=\"article-section\" data-section=\"katso\"><br \/>\n            katso<br \/>\n        <\/strong><br \/>\n        2.9. 10:52\n    <\/p>\n<p>    Vain el\u00e4m\u00e4\u00e4 -sarjassa ennenn\u00e4kem\u00e4t\u00f6n uudistus<\/p>\n<p itemprop=\"description\" class=\"subtitle \">\n    Artisteilla on my\u00f6s selke\u00e4t veikkaukset siit\u00e4, mit\u00e4 biisej\u00e4 heid\u00e4n tuotannostaan esitet\u00e4\u00e4n.\n<\/p>\n<p>        <\/a><\/p>\n<p>Unelmoin auringosta<\/p>\n<p class=\"article-content article-content-width !bg-background\">Artistin unelmana olisi jonain p\u00e4iv\u00e4n\u00e4 saavuttaa sellainen tilanne, ett\u00e4 h\u00e4n voisi viett\u00e4\u00e4 talvet auringossa.<\/p>\n<p class=\"article-content article-content-width !bg-background\">\u2013 Haluaisin olla marraskuusta toukokuuhuun pois Suomesta. Pit\u00e4isi varmaan l\u00e4hte\u00e4 Aasian asti, ett\u00e4 saisin meren ja l\u00e4mp\u00f6\u00e4. En kest\u00e4 tuota pimeytt\u00e4 ja kylmyytt\u00e4&#8230;<\/p>\n<p class=\"article-content article-content-width !bg-background\">\u2013 Auto on talvella koko ajan paskainen ja on kylm\u00e4.<\/p>\n<p class=\"article-content article-content-width !bg-background\">Lauri tuntee taiteilijana jonkinlaista tarvetta kokea niin sanotusti kaikki vuosikierron v\u00e4rit, mutta valon kaipuu vie voiton.<\/p>\n<p class=\"article-content article-content-width !bg-background\">\u2013 Mutta jos nyt syvemmin puhutaan t\u00e4st\u00e4, niin onhan se t\u00e4llaiselle melankoliaan taipuvaiselle tyypille t\u00e4rke\u00e4\u00e4 kokea ne vuodenajat ja synkkyys, mutta vitsit&#8230; Se pist\u00e4\u00e4 minut sellaiseen paikkaan, ett\u00e4 mietin joskus, ett\u00e4 miksi asun t\u00e4\u00e4ll\u00e4. Josko hoitaisin asiat sill\u00e4 tavalla, ett\u00e4 voisin jonain p\u00e4iv\u00e4n\u00e4 juoda aamukahvini auringon alla. Siihen pyrin.<\/p>\n<p>        <a itemprop=\"url\" href=\"https:\/\/www.seiska.fi\/katso\/behm-ja-kaarija-valirikko\/1924084\" rel=\"nofollow noopener\" target=\"_blank\"><\/p>\n<p>\nPetti lupauksensa\n<\/p>\n<p class=\"section-date\">\n        <strong class=\"article-section\" data-section=\"katso\"><br \/>\n            katso<br \/>\n        <\/strong><br \/>\n        9.9. 10:35\n    <\/p>\n<p>    Behm ja K\u00e4\u00e4rij\u00e4: V\u00e4lirikko!<\/p>\n<p itemprop=\"description\" class=\"subtitle \">\n    K\u00e4\u00e4rij\u00e4 ja Behm selvitt\u00e4v\u00e4t v\u00e4lins\u00e4 tv-l\u00e4hetyksess\u00e4.\n<\/p>\n<p>        <\/a><\/p>\n<p>K\u00e4\u00e4rij\u00e4st\u00e4 kaveri<\/p>\n<p class=\"article-content article-content-width !bg-background\">Satulinnassa ollessaan Lauri yritti pist\u00e4\u00e4 unen ensisijalle. H\u00e4n tiet\u00e4\u00e4, ett\u00e4 ellei h\u00e4n nuku tarpeeksi, h\u00e4n ei ole parhaimmillaan.<\/p>\n<p class=\"article-content article-content-width !bg-background\">Laurilla oli erityisen hauskaa  kanssa. He olivat tavanneet ennen Vain el\u00e4m\u00e4\u00e4 -kuvauksia muutaman kerran, mutta tutustuivat paremmin parin viikon kuvausten aikana..<\/p>\n<p class=\"article-content article-content-width !bg-background\">\u2013 Tuli sellainen olo kuin oltaisiin oltu yhdeks\u00e4nnell\u00e4 luokalla takarivin pulpeteissa. Sellaista lapsenmielist\u00e4 menoa. V\u00e4liss\u00e4 k\u00e4ytiin tekem\u00e4ss\u00e4 taidetta.<\/p>\n<p class=\"article-content article-content-width !bg-background\">Kotiin p\u00e4\u00e4sty\u00e4\u00e4n Laurin t\u00e4ytyi pit\u00e4\u00e4 pieni tauko.<\/p>\n<p class=\"article-content article-content-width !bg-background\">\u2013 Hetkeksi en halunnut mit\u00e4\u00e4n musiikkiin liittyv\u00e4\u00e4.<\/p>\n<p>        <a itemprop=\"url\" href=\"https:\/\/www.seiska.fi\/katso\/vakavasti-sairastunut-kaarija-kavi-lahella-kuolemaa-aiti-itki-vieressa\/1924019\" rel=\"nofollow noopener\" target=\"_blank\"><\/p>\n<p>\nK\u00e4\u00e4rij\u00e4\n<\/p>\n<p class=\"section-date\">\n        <strong class=\"article-section\" data-section=\"katso\"><br \/>\n            katso<br \/>\n        <\/strong><br \/>\n        9.9. 05:15\n    <\/p>\n<p>    Vakavasti sairastunut K\u00e4\u00e4rij\u00e4 k\u00e4vi l\u00e4hell\u00e4 kuolemaa: &#8221;\u00c4iti itki vieress\u00e4&#8221;<\/p>\n<p itemprop=\"description\" class=\"subtitle \">\n    K\u00e4\u00e4rij\u00e4 kertoo avoimesti terveysongelmistaan Vain el\u00e4m\u00e4\u00e4 -ohjelmassa.\n<\/p>\n<p>        <\/a><\/p>\n","protected":false},"excerpt":{"rendered":"ATTE KAJOVA Vain el\u00e4m\u00e4\u00e4 -t\u00e4hti on taistellut tiens\u00e4 huipulle haastavien aikojen l\u00e4pi. Menestysartisti \u00a0(oik.), 27, sanoo kohdanneensa el\u00e4m\u00e4n&hellip;\n","protected":false},"author":2,"featured_media":34537,"comment_status":"","ping_status":"","sticky":false,"template":"","format":"standard","meta":{"footnotes":""},"categories":[136],"tags":[3627,407,137,33,31,30,2233,9863,408,425,4559,4080,2396,2393,4944,212,47,32,201,4914,109],"class_list":{"0":"post-34536","1":"post","2":"type-post","3":"status-publish","4":"format-standard","5":"has-post-thumbnail","7":"category-julkkikset","8":"tag-artisti","9":"tag-celebrities","10":"tag-entertainment","11":"tag-fi","12":"tag-finland","13":"tag-finnish","14":"tag-hyvinvointi","15":"tag-jaksaminen","16":"tag-julkkikset","17":"tag-jyvaskyla","18":"tag-kaarija","19":"tag-koronapandemia","20":"tag-lauri-haav","21":"tag-lauri-haavisto","22":"tag-levy","23":"tag-lifestyle","24":"tag-musiikki","25":"tag-suomi","26":"tag-ura","27":"tag-vain-elamaa","28":"tag-viihde"},"share_on_mastodon":{"url":"","error":""},"_links":{"self":[{"href":"https:\/\/www.europesays.com\/fi\/wp-json\/wp\/v2\/posts\/34536","targetHints":{"allow":["GET"]}}],"collection":[{"href":"https:\/\/www.europesays.com\/fi\/wp-json\/wp\/v2\/posts"}],"about":[{"href":"https:\/\/www.europesays.com\/fi\/wp-json\/wp\/v2\/types\/post"}],"author":[{"embeddable":true,"href":"https:\/\/www.europesays.com\/fi\/wp-json\/wp\/v2\/users\/2"}],"replies":[{"embeddable":true,"href":"https:\/\/www.europesays.com\/fi\/wp-json\/wp\/v2\/comments?post=34536"}],"version-history":[{"count":0,"href":"https:\/\/www.europesays.com\/fi\/wp-json\/wp\/v2\/posts\/34536\/revisions"}],"wp:featuredmedia":[{"embeddable":true,"href":"https:\/\/www.europesays.com\/fi\/wp-json\/wp\/v2\/media\/34537"}],"wp:attachment":[{"href":"https:\/\/www.europesays.com\/fi\/wp-json\/wp\/v2\/media?parent=34536"}],"wp:term":[{"taxonomy":"category","embeddable":true,"href":"https:\/\/www.europesays.com\/fi\/wp-json\/wp\/v2\/categories?post=34536"},{"taxonomy":"post_tag","embeddable":true,"href":"https:\/\/www.europesays.com\/fi\/wp-json\/wp\/v2\/tags?post=34536"}],"curies":[{"name":"wp","href":"https:\/\/api.w.org\/{rel}","templated":true}]}}