{"id":34595,"date":"2025-09-14T11:37:09","date_gmt":"2025-09-14T11:37:09","guid":{"rendered":"https:\/\/www.europesays.com\/fi\/34595\/"},"modified":"2025-09-14T11:37:09","modified_gmt":"2025-09-14T11:37:09","slug":"mitah-ex-matkaopas-anne-mari-planting-lahti-vieraan-miehen-matkaan-nain-kavi-petteri-puolisolle","status":"publish","type":"post","link":"https:\/\/www.europesays.com\/fi\/34595\/","title":{"rendered":"Mit\u00e4h?! Ex-matkaopas Anne-Mari Planting l\u00e4hti vieraan miehen matkaan \u2013 n\u00e4in k\u00e4vi Petteri-puolisolle"},"content":{"rendered":"<p>            ATTE KAJOVA\n        <\/p>\n<p class=\"subtitle \">Muut ihmetteliv\u00e4t, miksi Anne-Mari nousi tuntemattoman skootteripojun kyytiin.<\/p>\n<p class=\"article-content article-content-width !bg-background\">Entist\u00e4 lentoem\u00e4nt\u00e4\u00e4 ja matkaopasta  voi luonnehtia reissaamisen ammattilaiseksi, mutta kommelluksilta h\u00e4n ei ole v\u00e4lttynyt.<\/p>\n<p class=\"font-weight-bold m-font-weight-bold article-content article-content-width !bg-background\">Video: Anne-Mari l\u00f6yt\u00e4\u00e4 lempilelunsa<\/p>\n<p class=\"article-content article-content-width !bg-background\">Kun Petteri ja Anne-Mari olivat yhdess\u00e4 Egyptiss\u00e4, he tekiv\u00e4t ikimuistoisen sukellusretken.<\/p>\n<p class=\"article-content article-content-width !bg-background\">\u2013\tMukaan veneelle l\u00e4hti vanhanaikainen valokuvaaja, joka otti sellaisia p\u00f6n\u00f6tyskuvia. Olimme p\u00e4iv\u00e4n j\u00e4lkeen jo aivan ryytyneit\u00e4, mutta h\u00e4n pakotti meid\u00e4t poseeraaman auringonlaskun edess\u00e4 ja laittoi meid\u00e4t ties mihin asentoihin, vaikka halusimme vain snorklauksesta kuvia.<\/p>\n<p>        <a itemprop=\"url\" href=\"https:\/\/www.seiska.fi\/kotimaa\/ethan-tee-tata-virhetta-lomalennolla-lentoemantana-tyoskennelleelta-anne-marilta-painava-vinkki\/1413915\" rel=\"nofollow noopener\" target=\"_blank\"><\/p>\n<p class=\"section-date\">\n        <strong class=\"article-section\" data-section=\"kotimaa\"><br \/>\n            kotimaa<br \/>\n        <\/strong><br \/>\n        28.7.2024 11:00\n    <\/p>\n<p>    Eth\u00e4n tee t\u00e4t\u00e4 virhett\u00e4 lomalennolla? Lentoem\u00e4nt\u00e4n\u00e4 ty\u00f6skennelleelt\u00e4 Anne-Marilta painava vinkki<\/p>\n<p itemprop=\"description\" class=\"subtitle \">\n    Tekem\u00e4ll\u00e4 yhden asian lentokoneessa pid\u00e4t my\u00f6s matkustamon henkil\u00f6kunnan tyytyv\u00e4isen\u00e4.\n<\/p>\n<p>        <\/a><\/p>\n<p class=\"article-content article-content-width !bg-background\">Aluksi kuvaajan tarjoamat kliseiset ja turistimaiset retkikuvat eiv\u00e4t houkutelleet pariskuntaa, mutta he yll\u00e4tyksekseen p\u00e4\u00e4tyiv\u00e4t ostamaan koko paketin.<\/p>\n<p class=\"article-content article-content-width !bg-background\">\u2013\tEmme saaneet niit\u00e4 vedenalaisia videoita ilman, ett\u00e4 ostimme kaikki kuvatkin. Anne-Mari yritti tingata ja saikin lopulta hyv\u00e4n hinnan. Hauska matkamuisto niist\u00e4 kuvista j\u00e4i, Petteri nauraa.<\/p>\n<p>                <img decoding=\"async\" src=\"https:\/\/www.europesays.com\/fi\/wp-content\/uploads\/2025\/09\/1919198.webp\" width=\"576\" height=\"274\" alt=\"Anne-Mari seikkaili Matkaoppaat-sarjassa vuosina 2011-2012. H\u00e4nell\u00e4 on sarjan jaksot dvd-levyill\u00e4 tallessa.\" loading=\"lazy\" \/>            <\/p>\n<p>\n            Anne-Mari seikkaili Matkaoppaat-sarjassa vuosina 2011-2012. H\u00e4nell\u00e4 on sarjan jaksot dvd-levyill\u00e4 tallessa.<br \/>\n            ATTE KAJOVA\n        <\/p>\n<p>Skootteripoju vei vaimon<\/p>\n<p class=\"article-content article-content-width !bg-background\">Viime vuonna Anne-Marin syntt\u00e4rireissulla P\u00e1rgassa Kreikassa sattui erikoinen seikkailu, kun h\u00e4n ja Petteri joutuivat oppimaan paikallisen liikenteen aikataulut kantap\u00e4\u00e4n kautta. Kaupungissa ei kulkenut edes takseja y\u00f6aikaan. Muutaman kilometrin p\u00e4\u00e4ss\u00e4 sijainneelle hotellille johti vuorelta laskeutuva serpentiinitie, jota pitkin olisi kest\u00e4nyt ikuisuuden k\u00e4vell\u00e4.<\/p>\n<p class=\"article-content article-content-width !bg-background\">\u2013\tRavintolamme tarjoilijana ollut skootteripoju pys\u00e4htyi eteemme ja kertoi, ettei takseja kulje. H\u00e4n soitteli kavereilleen, mutta totesi lopuksi, ett\u00e4 h\u00e4n on meid\u00e4n ainut mahdollisuutemme. Hypp\u00e4sin sitten kyytiin, Anne-Mari kertoo.<\/p>\n<p>        <a itemprop=\"url\" href=\"https:\/\/www.seiska.fi\/kotimaa\/kaak-anne-mari-plantingin-intiimi-paljastus\/1899907\" rel=\"nofollow noopener\" target=\"_blank\"><\/p>\n<p>\nK\u00e4\u00e4k!\n<\/p>\n<p class=\"section-date\">\n        <strong class=\"article-section\" data-section=\"kotimaa\"><br \/>\n            kotimaa<br \/>\n        <\/strong><br \/>\n        18.8. 09:31\n    <\/p>\n<p>    K\u00e4\u00e4k! Anne-Mari Plantingin intiimi paljastus<\/p>\n<p itemprop=\"description\" class=\"subtitle \">\n    Podcast-t\u00e4hti valmistautui televisioon yll\u00e4tt\u00e4v\u00e4ll\u00e4 tavalla.\n<\/p>\n<p>        <\/a><\/p>\n<p>                <img decoding=\"async\" src=\"https:\/\/www.europesays.com\/fi\/wp-content\/uploads\/2025\/09\/1919199.webp\" width=\"576\" height=\"322\" alt=\"Anne-Marin hyllyll\u00e4 koreilee kamelikannu, joka on muisto Tunisiasta Saharan-retkelt\u00e4. \u2013 Kutsumme t\u00e4t\u00e4 kamelilantrauskannuksi. Myimme t\u00e4m\u00e4n asiakkaille aina sill\u00e4, ett\u00e4 t\u00e4ss\u00e4 voi sekoittaa viinakset. Oikeasti t\u00e4m\u00e4 on tarkoitettu teen sekoittamiseen.\" loading=\"lazy\" \/>            <\/p>\n<p>\n            Anne-Marin hyllyll\u00e4 koreilee kamelikannu, joka on muisto Tunisiasta Saharan-retkelt\u00e4. \u2013 Kutsumme t\u00e4t\u00e4 kamelilantrauskannuksi. Myimme t\u00e4m\u00e4n asiakkaille aina sill\u00e4, ett\u00e4 t\u00e4ss\u00e4 voi sekoittaa viinakset. Oikeasti t\u00e4m\u00e4 on tarkoitettu teen sekoittamiseen.<br \/>\n            ATTE KAJOVA\n        <\/p>\n<p class=\"article-content article-content-width !bg-background\">Muut suomalaiset ihmetteliv\u00e4t aivan h\u00e4mmentyneen\u00e4 Petterille, miksi h\u00e4nen vaimonsa l\u00e4hti vieraan miehen matkaan.<\/p>\n<p class=\"article-content article-content-width !bg-background\">\u2013\tPian aloin saada mielenkiintoisia viestej\u00e4 Anne-Marilta, Petteri nauraa.<\/p>\n<p>Villisikaperhe vauhkoontui<\/p>\n<p class=\"article-content article-content-width !bg-background\">Anne-Mari oli kuullut hotellin edustalla pusikosta r\u00f6hkin\u00e4\u00e4, ja p\u00e4\u00e4tti napata salamalla kuvan.<\/p>\n<p class=\"article-content article-content-width !bg-background\">\u2013\tSuututinkin salamavalollani villisikojen emakon, jolloin se l\u00e4hti vauhkona minua kohti. L\u00e4hetin h\u00e4diss\u00e4ni Petterille viesti\u00e4. H\u00e4n kysyi, miksen mene sis\u00e4lle karkuun. Muistin vasta sitten, ett\u00e4 ai niin, minullahan on avaimet.<\/p>\n<p>        <a itemprop=\"url\" href=\"https:\/\/www.seiska.fi\/kotimaa\/pikkuhousut-hukkuivat-matkaoppaat-sarjasta-tutun-anne-mari-plantingin-kesamatkassa-yllattava-kaanne\/1411379\" rel=\"nofollow noopener\" target=\"_blank\"><\/p>\n<p class=\"section-date\">\n        <strong class=\"article-section\" data-section=\"kotimaa\"><br \/>\n            kotimaa<br \/>\n        <\/strong><br \/>\n        21.7.2024 17:00\n    <\/p>\n<p>    Pikkuhousut hukkuivat! Matkaoppaat-sarjasta tutun Anne-Mari Plantingin kes\u00e4matkassa yll\u00e4tt\u00e4v\u00e4 k\u00e4\u00e4nne<\/p>\n<p itemprop=\"description\" class=\"subtitle \">\n    Anne-Mari ja h\u00e4nen yst\u00e4v\u00e4ns\u00e4 Anna-Kaisan reissuista ei puutu erikoisia tilanteita.\n<\/p>\n<p>        <\/a><\/p>\n<p class=\"article-content article-content-width !bg-background\">Pian skootterikuski palasi ja haki Petterin hotellille.<\/p>\n<p class=\"article-content article-content-width !bg-background\">\u2013\tH\u00e4n ei olisi mill\u00e4\u00e4n suostunut ottamaan minulta rahaa. Loppu hyvin kaikki hyvin. Oli se aikamoinen kokemus! Petteri tokaisee.<\/p>\n<p>                <img decoding=\"async\" src=\"https:\/\/www.europesays.com\/fi\/wp-content\/uploads\/2025\/09\/1919196.webp\" width=\"576\" height=\"322\" alt=\"Viimeisin yhteinen reissu Anne-Marilla ja Petterill\u00e4 oli juhannuksena Kreetan Ier\u00e1petralle. Pariskunnan kodin parvekkeeltakin on hyv\u00e4t maisetmat, sill\u00e4 sielt\u00e4 n\u00e4kee hyv\u00e4ll\u00e4 s\u00e4\u00e4ll\u00e4 pitk\u00e4lle Suomenlahdelle ja kauniiseen saaristoon.\" loading=\"lazy\" \/>            <\/p>\n<p>\n            Viimeisin yhteinen reissu Anne-Marilla ja Petterill\u00e4 oli juhannuksena Kreetan Ier\u00e1petralle. Pariskunnan kodin parvekkeeltakin on hyv\u00e4t maisetmat, sill\u00e4 sielt\u00e4 n\u00e4kee hyv\u00e4ll\u00e4 s\u00e4\u00e4ll\u00e4 pitk\u00e4lle Suomenlahdelle ja kauniiseen saaristoon.<br \/>\n            ATTE KAJOVA\n        <\/p>\n","protected":false},"excerpt":{"rendered":"ATTE KAJOVA Muut ihmetteliv\u00e4t, miksi Anne-Mari nousi tuntemattoman skootteripojun kyytiin. Entist\u00e4 lentoem\u00e4nt\u00e4\u00e4 ja matkaopasta voi luonnehtia reissaamisen ammattilaiseksi,&hellip;\n","protected":false},"author":2,"featured_media":34596,"comment_status":"","ping_status":"","sticky":false,"template":"","format":"standard","meta":{"footnotes":""},"categories":[136],"tags":[3547,407,137,33,31,30,408,3351,2271,1478,4378,923,9881,32,109,9882],"class_list":{"0":"post-34595","1":"post","2":"type-post","3":"status-publish","4":"format-standard","5":"has-post-thumbnail","7":"category-julkkikset","8":"tag-anne-mari-planting","9":"tag-celebrities","10":"tag-entertainment","11":"tag-fi","12":"tag-finland","13":"tag-finnish","14":"tag-julkkikset","15":"tag-kreikka","16":"tag-loma","17":"tag-matkailu","18":"tag-matkaoppaat","19":"tag-matkustaminen","20":"tag-petteri-planting","21":"tag-suomi","22":"tag-viihde","23":"tag-villisika"},"share_on_mastodon":{"url":"","error":""},"_links":{"self":[{"href":"https:\/\/www.europesays.com\/fi\/wp-json\/wp\/v2\/posts\/34595","targetHints":{"allow":["GET"]}}],"collection":[{"href":"https:\/\/www.europesays.com\/fi\/wp-json\/wp\/v2\/posts"}],"about":[{"href":"https:\/\/www.europesays.com\/fi\/wp-json\/wp\/v2\/types\/post"}],"author":[{"embeddable":true,"href":"https:\/\/www.europesays.com\/fi\/wp-json\/wp\/v2\/users\/2"}],"replies":[{"embeddable":true,"href":"https:\/\/www.europesays.com\/fi\/wp-json\/wp\/v2\/comments?post=34595"}],"version-history":[{"count":0,"href":"https:\/\/www.europesays.com\/fi\/wp-json\/wp\/v2\/posts\/34595\/revisions"}],"wp:featuredmedia":[{"embeddable":true,"href":"https:\/\/www.europesays.com\/fi\/wp-json\/wp\/v2\/media\/34596"}],"wp:attachment":[{"href":"https:\/\/www.europesays.com\/fi\/wp-json\/wp\/v2\/media?parent=34595"}],"wp:term":[{"taxonomy":"category","embeddable":true,"href":"https:\/\/www.europesays.com\/fi\/wp-json\/wp\/v2\/categories?post=34595"},{"taxonomy":"post_tag","embeddable":true,"href":"https:\/\/www.europesays.com\/fi\/wp-json\/wp\/v2\/tags?post=34595"}],"curies":[{"name":"wp","href":"https:\/\/api.w.org\/{rel}","templated":true}]}}