{"id":34805,"date":"2025-09-14T16:11:08","date_gmt":"2025-09-14T16:11:08","guid":{"rendered":"https:\/\/www.europesays.com\/fi\/34805\/"},"modified":"2025-09-14T16:11:08","modified_gmt":"2025-09-14T16:11:08","slug":"iskeeko-kuntiin-pakkoliitosaalto-selvitys-manaa-kuntien-ajautumista-umpikujaan-kotimaa","status":"publish","type":"post","link":"https:\/\/www.europesays.com\/fi\/34805\/","title":{"rendered":"Iskeek\u00f6 kuntiin pakkoliitosaalto? \u2013 selvitys manaa kuntien ajautumista umpikujaan | Kotimaa"},"content":{"rendered":"<p class=\"aw-1gybjub aw-5vja16 cmIuaG zKETg yle__article__paragraph\">Kuntaexpertti Eero Laester\u00e4n mukaan kuntien taseet ovat vahvassa vedossa koronatukien ja sote-uudistuksen j\u00e4ljilt\u00e4.<\/p>\n<p><img decoding=\"async\" alt=\"Virolahden kunnanvirasto.\" src=\"https:\/\/www.europesays.com\/fi\/wp-content\/uploads\/2025\/09\/39-12811946639debfdb7c2.jpeg\" class=\"aw-1l9m598 hKVVvP\"\/><\/p>\n<p>Avaa kuvien katselu<\/p>\n<p>Kaakkoisrajan kunta Virolahti p\u00e4\u00e4tyi kes\u00e4ll\u00e4 ministeri\u00f6n arviointi\u00admenettelyyn talous\u00advaikeuksiensa vuoksi. Kuva: Kalle Purhonen \/ YleJuttu tiivistettyn\u00e4<\/p>\n<ul class=\"aw-1jjocuh iJTSwP yle__article__list yle__article__list--ul\">\n<li class=\"aw-1j7gwms kUeLji\">Kuntaliiton selvityksen mukaan monilla kunnilla on taloudellisia vaikeuksia, mik\u00e4 voi edellytt\u00e4\u00e4 verojen nostamista.<\/li>\n<li class=\"aw-1j7gwms kUeLji\">Kunnilla on vahvoja ylij\u00e4\u00e4mi\u00e4, mutta v\u00e4kiluvun v\u00e4heneminen ja ik\u00e4\u00e4ntyminen rasittavat taloutta pitk\u00e4ll\u00e4 aikav\u00e4lill\u00e4.<\/li>\n<li class=\"aw-1j7gwms kUeLji\">Kuntaliitoksia on viime vuosina tehty v\u00e4h\u00e4n, eik\u00e4 suurta myllerryst\u00e4 odoteta.<\/li>\n<\/ul>\n<p class=\"aw-1gybjub aw-1p7kakr cmIuaG fmSRng yle__article__paragraph\">T\u00e4m\u00e4 on teko\u00e4lyn avulla tuotettu, toimittajan tarkistama tiivistelm\u00e4.<\/p>\n<p class=\"aw-1gybjub aw-1p7kakr cmIuaG fmSRng yle__article__paragraph\">Kuntaliiton lauantaina julkistaman <a class=\"aw-iao6s4 iHOxEa yle__article__link\" href=\"https:\/\/yle.fi\/a\/74-20182447\" role=\"link\" rel=\"nofollow noopener\" target=\"_blank\">selvityksen<\/a> mukaan suuressa osassa kuntia talous on ajautumassa umpikujaan, joka pakottaisi nostamaan veroja kest\u00e4m\u00e4tt\u00f6m\u00e4lle tasolle.<\/p>\n<p class=\"aw-1gybjub aw-1p7kakr cmIuaG fmSRng yle__article__paragraph\"><strong class=\"aw-ak79eh KyCXm yle__article__strong\">Veroja varmaan nostetaankin osassa kuntia, mutta l\u00e4htev\u00e4tk\u00f6 kunnat samalla pist\u00e4m\u00e4\u00e4n taloutta ja asioitaan uuteen asentoon kuntaliitosten kautta?<\/strong><\/p>\n<p class=\"aw-1gybjub aw-1p7kakr cmIuaG fmSRng yle__article__paragraph\">\u2013 L\u00e4hivuosina tuskin myll\u00e4kk\u00e4\u00e4 tapahtuu, koska kuntien taseet ovat nyt vahvassa kunnossa edellisen hallituskauden j\u00e4ljilt\u00e4. Kunnilla on nyt niin vahvat ylij\u00e4\u00e4m\u00e4t, ett\u00e4 kriittisi\u00e4 arviointikriteereit\u00e4 ei luultavasti t\u00e4yty muutaman vuoden sis\u00e4ll\u00e4 (valtion kriisikuntamenettelyyn joutumiseksi).<\/p>\n<p class=\"aw-1gybjub aw-1p7kakr cmIuaG fmSRng yle__article__paragraph\">Etenkin koronatuet ovat viime vuosina kohentaneet kuntien rahatilannetta. Kunnat saivat niit\u00e4 valtiolta 2-3 miljardia euroa.<\/p>\n<p class=\"aw-1gybjub aw-1p7kakr cmIuaG fmSRng yle__article__paragraph\">Yhteis\u00f6verotulojakin tuli lis\u00e4\u00e4 ja sote-uudistuksen yhteydess\u00e4 kunnat saivat takautuvasti verotuloja 1,3 miljardia euroa vuonna 2023.<\/p>\n<p class=\"aw-1gybjub aw-1p7kakr cmIuaG fmSRng yle__article__paragraph\"><strong class=\"aw-ak79eh KyCXm yle__article__strong\">Meneek\u00f6 kunnilla nyt siis hyvin?<\/strong><\/p>\n<p class=\"aw-1gybjub aw-1p7kakr cmIuaG fmSRng yle__article__paragraph\">\u2013 Kunnilla ei mene hyvin. Tilanteessa on silm\u00e4nlumetta. Ison kuntajoukon v\u00e4kiluku on v\u00e4hentynyt ja asukkaat ovat ik\u00e4\u00e4ntyneit\u00e4. N\u00e4iden verotulot eiv\u00e4t kehity ja menot t\u00e4ytyy kuitenkin hoitaa.<\/p>\n<p class=\"aw-1gybjub aw-1p7kakr cmIuaG fmSRng yle__article__paragraph\">Laester\u00e4n mukaan ns. totuuden hetki koittaa seuraavan, vuonna 2029 alkavan valtuustokauden aikana. Silloin taseessa olevat ylij\u00e4\u00e4m\u00e4t on sy\u00f6ty.<\/p>\n<p class=\"aw-1gybjub aw-1p7kakr cmIuaG fmSRng yle__article__paragraph\">\u2013 Ja jos kunnat eiv\u00e4t pysty saamaan lis\u00e4\u00e4 tuloja, eik\u00e4 menopuoleen tehd\u00e4 muutoksia, silloin kuntia joutuu punaiselle vy\u00f6hykkeelle. Se johtaa pahimmillaan kuntia valtion arviointimenettelyyn ja sit\u00e4 kautta kriisikuntaselvittelyyn ja siit\u00e4 voi seurata kuntaliitoksia.<\/p>\n<p><img decoding=\"async\" alt=\"Henkil\u00f6kuvassa selvityshenkil\u00f6 Eero Laester\u00e4.\" src=\"https:\/\/www.europesays.com\/fi\/wp-content\/uploads\/2025\/09\/39-1394896675c423b4aa25.jpeg\" loading=\"lazy\" class=\"aw-1l9m598 hKVVvP\"\/><\/p>\n<p>Avaa kuvien katselu<\/p>\n<p>Eero Laester\u00e4 on tuttu n\u00e4ky kunnissa, jotka haluavat apua talousongelmiensa ratkomiseen.   Kuva: Esa Syv\u00e4kuru \/ Yle<\/p>\n<p><strong class=\"aw-1bgq5a3 kDzrSA\">Eero Laester\u00e4 kertoo kuntatilanteesta<\/strong><\/p>\n<p>Kuntaliitokset harvassa<\/p>\n<p class=\"aw-1gybjub aw-1p7kakr cmIuaG fmSRng yle__article__paragraph\">Kuntaliitokset ovat pitk\u00e4\u00e4n olleet yksitt\u00e4isi\u00e4, parin kunnan sulautumisia vuosittain. Edellinen \u201dliitosaalto\u201d koettiin 2013, jolloin kuntarajat piirrettiin uusiksi yli 20 kunnassa. Sen j\u00e4lkeen on l\u00e4hinn\u00e4 odoteltu sote-uudistuksen toteutumista ja sen pelastavaa vaikutusta kuntatalouteen. Laester\u00e4n mukaan sit\u00e4 ei kuitenkaan ole tullut.<\/p>\n<p class=\"aw-1gybjub aw-1p7kakr cmIuaG fmSRng yle__article__paragraph\">Kuntajakoselvityksi\u00e4 on kyll\u00e4 tehty kymmeniss\u00e4 kunnissa aivan n\u00e4ihin p\u00e4iviin saakka, mutta liitokset ovat p\u00e4\u00e4osin kariutuneet, kun p\u00e4\u00e4tt\u00e4jill\u00e4 ei lopulta ole ollut riitt\u00e4v\u00e4sti halua liitokseen.<\/p>\n<p class=\"aw-1gybjub aw-1p7kakr cmIuaG fmSRng yle__article__paragraph\">Tuorein tapaus on kaakkoisrajalta, jossa Haminan ja Virolahden yhdistyminen j\u00e4i toteutumatta. Valtiovarainministeri\u00f6 k\u00e4ynnistikin kes\u00e4ll\u00e4 <a class=\"aw-iao6s4 iHOxEa yle__article__link\" href=\"https:\/\/yle.fi\/a\/74-20177125\" role=\"link\" rel=\"nofollow noopener\" target=\"_blank\">arviointimenettelyn Virolahden kanssa<\/a>. \u00c4ht\u00e4ri ja Multia ovat samassa jamassa.<\/p>\n<p class=\"aw-1gybjub aw-1p7kakr cmIuaG fmSRng yle__article__paragraph\">Laester\u00e4n mukaan t\u00e4ll\u00e4 hetkell\u00e4 ei ole menossa yht\u00e4 ainutta kuntajaloselvityst\u00e4.<\/p>\n<p class=\"aw-1gybjub aw-1p7kakr cmIuaG fmSRng yle__article__paragraph\">\u2013 Se on aika historiallista, kun yleens\u00e4 on ollut vireill\u00e4 yhdest\u00e4 kahteen vapaaehtoista kuntaliitosta. Mutta nyt en tied\u00e4 yht\u00e4\u00e4n.<\/p>\n<p>Porkkana potkii yhteen<\/p>\n<p class=\"aw-1gybjub aw-1p7kakr cmIuaG fmSRng yle__article__paragraph\">Valtiovalta patisti kuntia takavuosina kuntaliitoksiin ns. porkkanamiljoonilla. Laester\u00e4n mukaan raha vauhdittikin liitosp\u00e4\u00e4t\u00f6ksi\u00e4 ja voisi tepsi\u00e4 nytkin.<\/p>\n<p class=\"aw-1gybjub aw-1p7kakr cmIuaG fmSRng yle__article__paragraph\">\u2013 Voin kuitenkin kuvitella, ett\u00e4 valtiovarainministeri\u00f6 ei en\u00e4\u00e4 helly antamaan kymmeni\u00e4 miljoonia kuntaliitosten porkkanarahoihin.<\/p>\n<p class=\"aw-1gybjub aw-1p7kakr cmIuaG fmSRng yle__article__paragraph\">Tosin Laester\u00e4 suhtautuu ep\u00e4ilev\u00e4sti kuntaliitosten taloustehoihin yksin\u00e4\u00e4n, jos kunnat eiv\u00e4t samalla tee isoja rakenteellisia muutoksia toimintoihinsa. Monesti isot uudistukset ovat j\u00e4\u00e4neet tekem\u00e4tt\u00e4.<\/p>\n<p class=\"aw-1gybjub aw-1p7kakr cmIuaG fmSRng yle__article__paragraph\">\u2013 Kuntien lukum\u00e4\u00e4r\u00e4 ei yksist\u00e4\u00e4n k\u00e4\u00e4nn\u00e4 talouden huonoa tilannetta toiseen suuntaan. Tarvitaan paljon muutakin.<\/p>\n<p class=\"aw-1gybjub aw-1p7kakr cmIuaG fmSRng yle__article__paragraph\">Laester\u00e4n mukaan koko kuntaj\u00e4rjestelm\u00e4 on rikki. Jotta nykyinen kuntarakenne voitaisiin s\u00e4ilytt\u00e4\u00e4 edes teoriassa, koko j\u00e4rjestelm\u00e4 t\u00e4ytyisi uusia.<\/p>\n<p class=\"aw-1gybjub aw-1p7kakr cmIuaG fmSRng yle__article__paragraph\">\u2013 Pit\u00e4isi katsoa kaikki tulot ja menot kuntien kannalta tasapuolisiksi. Mutta aina kun n\u00e4ill\u00e4 retoriikoilla l\u00e4hdet\u00e4\u00e4n etenem\u00e4\u00e4n, silloin joltain otetaan rahaa pois ja jollekin annetaan. Ja siit\u00e4 tulee hemmetinmoinen huuto taas kuntien kesken, Laester\u00e4 sanoo.<\/p>\n<p class=\"aw-1gybjub aw-1p7kakr cmIuaG fmSRng yle__article__paragraph\">Manner-Suomessa on nyt yhteens\u00e4 292 kuntaa. Vuosituhannen alussa niit\u00e4 oli viel\u00e4 yli 400.<\/p>\n","protected":false},"excerpt":{"rendered":"Kuntaexpertti Eero Laester\u00e4n mukaan kuntien taseet ovat vahvassa vedossa koronatukien ja sote-uudistuksen j\u00e4ljilt\u00e4. Avaa kuvien katselu Kaakkoisrajan kunta&hellip;\n","protected":false},"author":2,"featured_media":34806,"comment_status":"","ping_status":"","sticky":false,"template":"","format":"standard","meta":{"footnotes":""},"categories":[5],"tags":[22,23,26,27,33,31,30,17,71,1833,9936,9937,24,25,28,29,15,18,21,32,19,20,16],"class_list":{"0":"post-34805","1":"post","2":"type-post","3":"status-publish","4":"format-standard","5":"has-post-thumbnail","7":"category-otsikot","8":"tag-breaking-news","9":"tag-breakingnews","10":"tag-featured-news","11":"tag-featurednews","12":"tag-fi","13":"tag-finland","14":"tag-finnish","15":"tag-headlines","16":"tag-kotimaa","17":"tag-kunnat","18":"tag-kuntakehitys","19":"tag-kuntauudistus","20":"tag-latest-news","21":"tag-latestnews","22":"tag-main-news","23":"tag-mainnews","24":"tag-news","25":"tag-otsikot","26":"tag-paauutiset","27":"tag-suomi","28":"tag-top-stories","29":"tag-topstories","30":"tag-uutiset"},"share_on_mastodon":{"url":"","error":""},"_links":{"self":[{"href":"https:\/\/www.europesays.com\/fi\/wp-json\/wp\/v2\/posts\/34805","targetHints":{"allow":["GET"]}}],"collection":[{"href":"https:\/\/www.europesays.com\/fi\/wp-json\/wp\/v2\/posts"}],"about":[{"href":"https:\/\/www.europesays.com\/fi\/wp-json\/wp\/v2\/types\/post"}],"author":[{"embeddable":true,"href":"https:\/\/www.europesays.com\/fi\/wp-json\/wp\/v2\/users\/2"}],"replies":[{"embeddable":true,"href":"https:\/\/www.europesays.com\/fi\/wp-json\/wp\/v2\/comments?post=34805"}],"version-history":[{"count":0,"href":"https:\/\/www.europesays.com\/fi\/wp-json\/wp\/v2\/posts\/34805\/revisions"}],"wp:featuredmedia":[{"embeddable":true,"href":"https:\/\/www.europesays.com\/fi\/wp-json\/wp\/v2\/media\/34806"}],"wp:attachment":[{"href":"https:\/\/www.europesays.com\/fi\/wp-json\/wp\/v2\/media?parent=34805"}],"wp:term":[{"taxonomy":"category","embeddable":true,"href":"https:\/\/www.europesays.com\/fi\/wp-json\/wp\/v2\/categories?post=34805"},{"taxonomy":"post_tag","embeddable":true,"href":"https:\/\/www.europesays.com\/fi\/wp-json\/wp\/v2\/tags?post=34805"}],"curies":[{"name":"wp","href":"https:\/\/api.w.org\/{rel}","templated":true}]}}