{"id":34917,"date":"2025-09-14T19:09:08","date_gmt":"2025-09-14T19:09:08","guid":{"rendered":"https:\/\/www.europesays.com\/fi\/34917\/"},"modified":"2025-09-14T19:09:08","modified_gmt":"2025-09-14T19:09:08","slug":"oulussa-aletaan-jaljittaa-pyoravarkaita-sovelluksen-avulla-tekoaly-skannaa-netin-kauppapaikkoja-kotimaa","status":"publish","type":"post","link":"https:\/\/www.europesays.com\/fi\/34917\/","title":{"rendered":"Oulussa aletaan j\u00e4ljitt\u00e4\u00e4 py\u00f6r\u00e4varkaita sovelluksen avulla \u2013 teko\u00e4ly skannaa netin kauppapaikkoja | Kotimaa"},"content":{"rendered":"<p class=\"aw-1gybjub aw-5vja16 cmIuaG zKETg yle__article__paragraph\">Aiemmin vapaaehtoiset k\u00e4viv\u00e4t k\u00e4sin l\u00e4pi myyt\u00e4vien polkupy\u00f6rien ilmoituksia. Teko\u00e4ly tekee saman asian huomattavasti nopeammin.<\/p>\n<p><img decoding=\"async\" alt=\"Ilkka Pulkkinen tutkii mets\u00e4st\u00e4 l\u00f6ytynytt\u00e4 py\u00f6r\u00e4\u00e4.\" src=\"https:\/\/www.europesays.com\/fi\/wp-content\/uploads\/2025\/09\/39-103524663760272dd6d7.jpeg\" class=\"aw-1l9m598 hKVVvP\"\/><\/p>\n<p>Avaa kuvien katselu<\/p>\n<p>Ilkka Pulkkinen sanoo, ett\u00e4 vapaaehtoisista koostuva Bike&#8217;s Patrullen on ollut palauttamassa yli 3 000 polkupy\u00f6r\u00e4\u00e4 Oulussa. Nyt lis\u00e4voimaa haetaan teko\u00e4lylt\u00e4. Kuva on vuodelta 2022. Kuva: Janne  K\u00f6rkk\u00f6 \/ Yle<\/p>\n<ul aria-label=\"Tekij\u00e4t\" class=\"aw-yk1ri1 iKZwOd\">\n<li class=\"aw-x5rn7a lclKEC\">Juha Virranniemi, <\/li>\n<li class=\"aw-x5rn7a lclKEC\">Hanna Holopainen<\/li>\n<\/ul>\n<p>Juttu tiivistettyn\u00e4<\/p>\n<ul class=\"aw-1jjocuh iJTSwP yle__article__list yle__article__list--ul\">\n<li class=\"aw-1j7gwms kUeLji\">Oulussa kehitet\u00e4\u00e4n sovellusta polkupy\u00f6r\u00e4varkauksien selvitt\u00e4miseksi.<\/li>\n<li class=\"aw-1j7gwms kUeLji\">Bike\u2019s Patrullen on kolme vuotta selvitellyt py\u00f6r\u00e4varkauksia Oulussa, palauttaen yli 3 200 varastettua py\u00f6r\u00e4\u00e4.<\/li>\n<li class=\"aw-1j7gwms kUeLji\">Sovellus skannaa suurimpien kauppapaikkojen ilmoituksia varastetuista py\u00f6rist\u00e4.<\/li>\n<\/ul>\n<p class=\"aw-1gybjub aw-1p7kakr cmIuaG fmSRng yle__article__paragraph\">T\u00e4m\u00e4 on teko\u00e4lyn avulla tuotettu, toimittajan tarkistama tiivistelm\u00e4.<\/p>\n<p class=\"aw-1gybjub aw-1p7kakr cmIuaG fmSRng yle__article__paragraph\">Oulussa on kehitetty sovellusta, joka auttaa py\u00f6r\u00e4varkauksien selvitt\u00e4misess\u00e4.<\/p>\n<p class=\"aw-1gybjub aw-1p7kakr cmIuaG fmSRng yle__article__paragraph\">Bike\u2019s Patrullen on yhdistys, joka on kolmen vuoden ajan selvitellyt vapaaehtoisesti polkupy\u00f6r\u00e4varkauksia Oulussa. Oulu on yksi polkupy\u00f6r\u00e4varkauksien p\u00e4\u00e4kaupungeista.<\/p>\n<p class=\"aw-1gybjub aw-1p7kakr cmIuaG fmSRng yle__article__paragraph\">\u2013 Kaikkiaan 3 238 py\u00f6r\u00e4\u00e4 on nyt l\u00f6ytynyt ja palautettu, sanoo toiminnan vet\u00e4j\u00e4 <strong class=\"aw-ak79eh KyCXm yle__article__strong\">Ilkka Pulkkinen<\/strong>.<\/p>\n<p class=\"aw-1gybjub aw-1p7kakr cmIuaG fmSRng yle__article__paragraph\">T\u00e4ll\u00e4 hetkell\u00e4 vapaaehtoiset etsiv\u00e4t varastetuksi ilmoitettuja py\u00f6ri\u00e4 internetin kauppapaikoilta k\u00e4sity\u00f6n\u00e4. Vaikka ty\u00f6 tuottaa Pulkkisen mukaan tulosta, on se hidasta.<\/p>\n<p class=\"aw-1gybjub aw-1p7kakr cmIuaG fmSRng yle__article__paragraph\">Nyt pieni joukko vapaaehtoisia on suunnitellut ja kehitt\u00e4nyt sovellusta, joka nopeuttaa ty\u00f6t\u00e4.<\/p>\n<p>Isot kauppapaikat kohteina<\/p>\n<p class=\"aw-1gybjub aw-1p7kakr cmIuaG fmSRng yle__article__paragraph\">Pulkkinen kertoo, ett\u00e4 ensimm\u00e4isess\u00e4 vaiheessa selainpohjaisesti toimivalle palvelulle haetaan k\u00e4ytt\u00e4ji\u00e4. Ihmisten toivotaan rekister\u00f6iv\u00e4n polkupy\u00f6r\u00e4ns\u00e4 tiedot ja valokuvan palveluun.<\/p>\n<p class=\"aw-1gybjub aw-1p7kakr cmIuaG fmSRng yle__article__paragraph\">Ladattuja tietoja p\u00e4\u00e4see tarkastelemaan vain ryhm\u00e4n nelj\u00e4 moderaattoria.<\/p>\n<p class=\"aw-1gybjub aw-1p7kakr cmIuaG fmSRng yle__article__paragraph\">Jos palveluun rekister\u00f6ity py\u00f6r\u00e4 varastetaan, tekee omistaja siit\u00e4 ilmoituksen sovellukselle. Kun sovellus on t\u00e4ysin valmis, teko\u00e4ly alkaa skannata suurimpien kauppapaikkojen ilmoituksia ja hakea niist\u00e4 yhtym\u00e4kohtia varastettuun py\u00f6r\u00e4\u00e4n.<\/p>\n<p class=\"aw-1gybjub aw-1p7kakr cmIuaG fmSRng yle__article__paragraph\">Ensisijaisia hakujen kohteita ovat Tori.fi, Facebookin Marketplace sek\u00e4 anonyymin viestinn\u00e4n alusta Telegram.<\/p>\n<p class=\"aw-1gybjub aw-1p7kakr cmIuaG fmSRng yle__article__paragraph\">Kun varastetuksi todennettu py\u00f6r\u00e4 l\u00f6ytyy joltakin kauppapaikalta, jatkaa ryhm\u00e4 ty\u00f6t\u00e4 viranomaisten tuella.<\/p>\n<p><strong class=\"aw-1bgq5a3 kDzrSA\">N\u00e4in Ilkka Pulkkinen kuvailee Bike&#8217;s Patrullenin ja viranomaisten yhteisty\u00f6t\u00e4<\/strong><\/p>\n<p class=\"aw-1gybjub aw-1p7kakr cmIuaG fmSRng yle__article__paragraph\">Palvelun kautta voi my\u00f6s kertoa, jos l\u00f6yt\u00e4\u00e4 varastetuksi ep\u00e4ilem\u00e4ns\u00e4 py\u00f6r\u00e4n tai ostotilanteessa tarkistaa runkonumeron perusteella, onko py\u00f6r\u00e4 ehk\u00e4 ilmoitettu varastetuksi.<\/p>\n<p><img decoding=\"async\" alt=\"Henkil\u00f6 selaa netti\u00e4 tabletilla.\" src=\"https:\/\/www.europesays.com\/fi\/wp-content\/uploads\/2025\/09\/39-152101868c2b751d176c.jpeg\" loading=\"lazy\" class=\"aw-1l9m598 hKVVvP\"\/><\/p>\n<p>Avaa kuvien katselu<\/p>\n<p>Alkuvaiheessa sovellus toimii selainpohjaisena. Kuva: Timo Valtteri Sihvonen \/ Yle<\/p>\n<p class=\"aw-1gybjub aw-1p7kakr cmIuaG fmSRng yle__article__paragraph\">Oulun poliisilaitoksen tutkintayksikk\u00f6 tiet\u00e4\u00e4, ett\u00e4 Bike&#8217;s Patrullen on kehitt\u00e4nyt py\u00f6r\u00e4varkauksien selvitt\u00e4miseen liittyv\u00e4\u00e4 sovellusta.<\/p>\n<p class=\"aw-1gybjub aw-1p7kakr cmIuaG fmSRng yle__article__paragraph\">\u2013 Tarkempaa kuvaa minulla ei sovelluksesta ole, sanoo yksik\u00f6n johtaja, rikosylikomisario <strong class=\"aw-ak79eh KyCXm yle__article__strong\">Janne Koskela<\/strong>.<\/p>\n<p class=\"aw-1gybjub aw-1p7kakr cmIuaG fmSRng yle__article__paragraph\">Koskelan mukaan Bike&#8217;s Patrullen tekee kannatettavaa vapaaehtoisty\u00f6t\u00e4, joka on edist\u00e4nyt polkupy\u00f6r\u00e4varkauksien selvitt\u00e4mist\u00e4 ja omaisuuden l\u00f6ytymist\u00e4.<\/p>\n<p class=\"aw-1gybjub aw-1p7kakr cmIuaG fmSRng yle__article__paragraph\">Poliisin ja ryhm\u00e4n v\u00e4linen yhteydenpito on Koskelan mukaan jatkuvaa. Ajoittain keskusteluja k\u00e4yd\u00e4\u00e4n my\u00f6s pelis\u00e4\u00e4nn\u00f6ist\u00e4.<\/p>\n<p class=\"aw-1gybjub aw-1p7kakr cmIuaG fmSRng yle__article__paragraph\">\u2013 Pit\u00e4\u00e4 muistaa, ett\u00e4 poliisi on esitutkinnan suorittava viranomainen. Poliisi selvitt\u00e4\u00e4 rikokset ja palauttaa anastetut py\u00f6r\u00e4t oikeille omistajille, Janne Koskela sanoo.<\/p>\n<p>Sovellus tulee ladattavaksi vuodenvaihteessa<\/p>\n<p class=\"aw-1gybjub aw-1p7kakr cmIuaG fmSRng yle__article__paragraph\">Sovelluksen testik\u00e4ytt\u00f6 on ollut lupaavaa, Ilkka Pulkkinen kertoo.<\/p>\n<p class=\"aw-1gybjub aw-1p7kakr cmIuaG fmSRng yle__article__paragraph\">Kehitt\u00e4misty\u00f6 etenee Pulkisen mukaan siten, ett\u00e4 seuraavaksi aletaan rakentaa rajapintaa kauppapaikkojen kanssa. Kolmannessa vaiheessa palvelun mobiiliapplikaatio tulee tarjolle sovelluskauppaan.<\/p>\n<p class=\"aw-1gybjub aw-1p7kakr cmIuaG fmSRng yle__article__paragraph\">Teko\u00e4lyominaisuus on tarkoitus saada k\u00e4ytt\u00f6\u00f6n vuodenvaihteeseen menness\u00e4.<\/p>\n<p class=\"aw-1gybjub aw-1p7kakr cmIuaG fmSRng yle__article__paragraph\">Sovellus julkaistiin perjantaina. Asiasta <a class=\"aw-iao6s4 iHOxEa yle__article__link\" href=\"https:\/\/www.kaleva.fi\/oululaisen-bikes-patrullenin-sovellus-hakee-varast\/11767705\" role=\"link\" rel=\"nofollow noopener\" target=\"_blank\">kertoi ensin Kaleva<\/a>.<\/p>\n<p class=\"aw-1gybjub aw-1p7kakr cmIuaG fmSRng yle__article__paragraph\">Pulkkinen ajattelee, ett\u00e4 valmis sovellus voi toimia my\u00f6s esimerkiksi varastettujen s\u00e4hk\u00f6potkulautojen, mopojen ja per\u00e4moottoreiden j\u00e4ljitt\u00e4miseen.<\/p>\n<p class=\"aw-1gybjub aw-1p7kakr cmIuaG fmSRng yle__article__paragraph\">\u2013 Ja ideahan t\u00e4ss\u00e4 on se, ett\u00e4 t\u00e4t\u00e4 ei tehd\u00e4 pelk\u00e4st\u00e4\u00e4n Ouluun, vaan tullaan k\u00e4ytt\u00e4m\u00e4\u00e4n ymp\u00e4ri Suomen, h\u00e4n sanoo.<\/p>\n<p class=\"aw-1gybjub aw-1p7kakr cmIuaG fmSRng yle__article__paragraph\">Vapaaehtoisesti py\u00f6r\u00e4varkauksia selvittelev\u00e4ll\u00e4 ryhm\u00e4ll\u00e4 on sovelluksen kehitt\u00e4misen taustalla my\u00f6s taloudellinen intressi.<\/p>\n<p class=\"aw-1gybjub aw-1p7kakr cmIuaG fmSRng yle__article__paragraph\">\u2013 Jossain vaiheessa applikaatio tullaan varmaan myym\u00e4\u00e4n, ja sill\u00e4 me sitten pystymme rahoittamaan t\u00e4t\u00e4 meid\u00e4n toimintaamme, Pulkkinen sanoo.<\/p>\n","protected":false},"excerpt":{"rendered":"Aiemmin vapaaehtoiset k\u00e4viv\u00e4t k\u00e4sin l\u00e4pi myyt\u00e4vien polkupy\u00f6rien ilmoituksia. Teko\u00e4ly tekee saman asian huomattavasti nopeammin. Avaa kuvien katselu Ilkka&hellip;\n","protected":false},"author":2,"featured_media":34918,"comment_status":"","ping_status":"","sticky":false,"template":"","format":"standard","meta":{"footnotes":""},"categories":[84],"tags":[33,31,30,71,952,728,9967,32,91,92,433,5612],"class_list":{"0":"post-34917","1":"post","2":"type-post","3":"status-publish","4":"format-standard","5":"has-post-thumbnail","7":"category-teknologia","8":"tag-fi","9":"tag-finland","10":"tag-finnish","11":"tag-kotimaa","12":"tag-oulu","13":"tag-pohjois-pohjanmaa","14":"tag-polkupyorat","15":"tag-suomi","16":"tag-technology","17":"tag-teknologia","18":"tag-tekoaly","19":"tag-varkaudet"},"share_on_mastodon":{"url":"","error":""},"_links":{"self":[{"href":"https:\/\/www.europesays.com\/fi\/wp-json\/wp\/v2\/posts\/34917","targetHints":{"allow":["GET"]}}],"collection":[{"href":"https:\/\/www.europesays.com\/fi\/wp-json\/wp\/v2\/posts"}],"about":[{"href":"https:\/\/www.europesays.com\/fi\/wp-json\/wp\/v2\/types\/post"}],"author":[{"embeddable":true,"href":"https:\/\/www.europesays.com\/fi\/wp-json\/wp\/v2\/users\/2"}],"replies":[{"embeddable":true,"href":"https:\/\/www.europesays.com\/fi\/wp-json\/wp\/v2\/comments?post=34917"}],"version-history":[{"count":0,"href":"https:\/\/www.europesays.com\/fi\/wp-json\/wp\/v2\/posts\/34917\/revisions"}],"wp:featuredmedia":[{"embeddable":true,"href":"https:\/\/www.europesays.com\/fi\/wp-json\/wp\/v2\/media\/34918"}],"wp:attachment":[{"href":"https:\/\/www.europesays.com\/fi\/wp-json\/wp\/v2\/media?parent=34917"}],"wp:term":[{"taxonomy":"category","embeddable":true,"href":"https:\/\/www.europesays.com\/fi\/wp-json\/wp\/v2\/categories?post=34917"},{"taxonomy":"post_tag","embeddable":true,"href":"https:\/\/www.europesays.com\/fi\/wp-json\/wp\/v2\/tags?post=34917"}],"curies":[{"name":"wp","href":"https:\/\/api.w.org\/{rel}","templated":true}]}}