{"id":34931,"date":"2025-09-14T19:28:08","date_gmt":"2025-09-14T19:28:08","guid":{"rendered":"https:\/\/www.europesays.com\/fi\/34931\/"},"modified":"2025-09-14T19:28:08","modified_gmt":"2025-09-14T19:28:08","slug":"mikko-silvennoisen-ttk-esitykseen-lipsahti-kommahdys","status":"publish","type":"post","link":"https:\/\/www.europesays.com\/fi\/34931\/","title":{"rendered":"Mikko Silvennoisen TTK-esitykseen lipsahti k\u00f6mm\u00e4hdys"},"content":{"rendered":"<p><strong class=\"typography-bold\">Mikko Silvennoisen mukaan liveyleis\u00f6 sekoitti h\u00e4nen pasmansa.<\/strong><\/p>\n<p>Kauden toisessa suorassa <a class=\"underline\" data-testid=\"internal-link\" role=\"link\" data-sentry-element=\"Link\" data-sentry-component=\"InternalLink\" data-sentry-source-file=\"InternalLink.tsx\" href=\"https:\/\/www.mtvuutiset.fi\/aihe\/tanssii-tahtien-kanssa\/2839810\" rel=\"nofollow noopener\" target=\"_blank\">Tanssii T\u00e4htien Kanssa<\/a> -l\u00e4hetyksess\u00e4 t\u00e4htioppilaat kertovat oman t\u00e4rke\u00e4n tarinansa Oma tarina -jakson merkeiss\u00e4. Illan p\u00e4\u00e4tteeksi ensimm\u00e4inen t\u00e4htipari joutuu j\u00e4tt\u00e4m\u00e4\u00e4n kilpailun.<\/p>\n<p>Mikko Silvennoinen nosti omassa tarinassaan esiin perheens\u00e4 ja sukunsa merkityksen h\u00e4nelle. Esitys oli kiitos h\u00e4nen suvulleen ja ennen kaikkea h\u00e4nen t\u00e4deilleen.<\/p>\n<p>\u2013 Olen kotoisin Kiihtelysvaarasta, ja perheeni ja sukuni on tosi l\u00e4heinen. Se on tehnyt minusta rohkean. En nuorena osannut ymm\u00e4rt\u00e4\u00e4 ja kiitt\u00e4\u00e4 heit\u00e4 siit\u00e4, miten turvallinen lapsuus ja nuori aikuisuus minulla on ollut. Se on valtava etuoikus, h\u00e4n sanoi.\u00a0<\/p>\n<p>\u2013\u00a0Helppohan se on l\u00e4hte\u00e4 maailmalle, min\u00e4 l\u00e4hdin juontamaan Jyrki\u00e4 ja opiskelemaan Los Angelesiin sek\u00e4 tekem\u00e4\u00e4n kaikkea hullua, koska tiesin, ett\u00e4 jos t\u00e4m\u00e4 nyt meneekin m\u00f6ks\u00e4lleen, niin aina p\u00e4\u00e4see takaisin kotiin Pohjois-Karjalaan. En min\u00e4 en\u00e4\u00e4 uskaltaisi l\u00e4hte\u00e4 Losiin tuosta vain, mutta 19-vuotiaana Mikko Silvennoinen oli rohkea, h\u00e4n jatkoi.<\/p>\n<p>Lue my\u00f6s: <a class=\"underline\" data-testid=\"external-link\" href=\"https:\/\/www.mtvuutiset.fi\/artikkeli\/matti-puroa-ei-nahda-illan-ttk-lahetyksessa-mikko-silvennoisen-parina-tanssii-katri-riihilahti\/9222192\" rel=\"noopener noreferrer nofollow\" target=\"_blank\" data-sentry-component=\"ExternalLink\" data-sentry-source-file=\"ExternalLink.tsx\">Matti Puroa ei n\u00e4hd\u00e4 illan TTK-l\u00e4hetyksess\u00e4 \u2013\u00a0Mikko Silvennoisen parina tanssii Katri Riihilahti<\/a><\/p>\n<p>Silvennoisen t\u00e4htiopettajana n\u00e4htiin t\u00e4n\u00e4 sunnuntaina poikkeuksellisesti <strong class=\"typography-bold\">Katri Riihilahti<\/strong>, joka paikkasi sairastumisen vuoksi l\u00e4hetyksest\u00e4 pois j\u00e4\u00e4nytt\u00e4 <strong class=\"typography-bold\">Matti Puroa<\/strong>. Silvennoinen ja Riihilahti tanssivat Puron koreografioiman vekkulimaisen jiven <strong class=\"typography-bold\">Laila ja Ritva Kinnusen <\/strong>Pojat-kappaleen tahtiin.<\/p>\n<p>\u2013\u00a0Hei yleis\u00f6, te taputitte, olette ihania, ja minulla meni sen takia pikkuisen sekaisin, ja se on noiden (yleis\u00f6n) syyt\u00e4! Harkoissa kukaan ei taputtanut, Silvennoinen parahti, kun h\u00e4n ja Riihilahti astelivat kuuntelemaan tuomariston palautteen.<\/p>\n<p>Tuomarit <strong class=\"typography-bold\">Jukka Haapalainen<\/strong> ja <strong class=\"typography-bold\">Helena Ahti-Hallberg<\/strong> nostivat palautteissaan esiin esitykseen lipsahtaneen mokan.<\/p>\n<p>\u2013\u00a0Tapahtui kolme tai nelj\u00e4 aika totaalista pudotusta rytmist\u00e4 pois. Rytmi on ykk\u00f6nen ja kingi, niin se nyt on huomioitu, vaikka se heid\u00e4n syyns\u00e4 onkin, Haapalainen sanoi viitaten Silvennoisen kommenttiin yleis\u00f6n vaikutuksesta.\u00a0<\/p>\n<p>\u2013\u00a0Jiven teht\u00e4v\u00e4 on mielest\u00e4ni viihdytt\u00e4\u00e4, ja te kyll\u00e4 viihdytitte. Minua harmitti teid\u00e4n puolestanne se yksi kohta, miss\u00e4 tipuit aika pitk\u00e4ksikin aikaa musiikista, mutta t\u00e4m\u00e4 oli hyv\u00e4! Ahti-Hallberg sanoi.<\/p>\n<p>Kaksikko sai jivest\u00e4\u00e4n 15 pistett\u00e4.<\/p>\n<p><strong class=\"typography-bold\">Tanssii T\u00e4htien Kanssa sunnuntaisin klo 19.30 <\/strong><a class=\"underline\" data-testid=\"external-link\" href=\"https:\/\/www.mtv.fi\/sarja\/tanssii-tahtien-kanssa-3608?utm_medium=internal&amp;utm_source=mtvuutiset\" rel=\"noopener noreferrer nofollow\" data-sentry-component=\"ExternalLink\" data-sentry-source-file=\"ExternalLink.tsx\" target=\"_blank\"><strong class=\"typography-bold\">MTV Katsomossa<\/strong><\/a><strong class=\"typography-bold\"> ja MTV3-kanavalla.<\/strong><br \/>\u00a0<\/p>\n","protected":false},"excerpt":{"rendered":"Mikko Silvennoisen mukaan liveyleis\u00f6 sekoitti h\u00e4nen pasmansa. Kauden toisessa suorassa Tanssii T\u00e4htien Kanssa -l\u00e4hetyksess\u00e4 t\u00e4htioppilaat kertovat oman t\u00e4rke\u00e4n&hellip;\n","protected":false},"author":2,"featured_media":34932,"comment_status":"","ping_status":"","sticky":false,"template":"","format":"standard","meta":{"footnotes":""},"categories":[133],"tags":[137,33,31,30,32,206,156,109],"class_list":{"0":"post-34931","1":"post","2":"type-post","3":"status-publish","4":"format-standard","5":"has-post-thumbnail","7":"category-televisiot","8":"tag-entertainment","9":"tag-fi","10":"tag-finland","11":"tag-finnish","12":"tag-suomi","13":"tag-televisiot","14":"tag-tv","15":"tag-viihde"},"share_on_mastodon":{"url":"","error":""},"_links":{"self":[{"href":"https:\/\/www.europesays.com\/fi\/wp-json\/wp\/v2\/posts\/34931","targetHints":{"allow":["GET"]}}],"collection":[{"href":"https:\/\/www.europesays.com\/fi\/wp-json\/wp\/v2\/posts"}],"about":[{"href":"https:\/\/www.europesays.com\/fi\/wp-json\/wp\/v2\/types\/post"}],"author":[{"embeddable":true,"href":"https:\/\/www.europesays.com\/fi\/wp-json\/wp\/v2\/users\/2"}],"replies":[{"embeddable":true,"href":"https:\/\/www.europesays.com\/fi\/wp-json\/wp\/v2\/comments?post=34931"}],"version-history":[{"count":0,"href":"https:\/\/www.europesays.com\/fi\/wp-json\/wp\/v2\/posts\/34931\/revisions"}],"wp:featuredmedia":[{"embeddable":true,"href":"https:\/\/www.europesays.com\/fi\/wp-json\/wp\/v2\/media\/34932"}],"wp:attachment":[{"href":"https:\/\/www.europesays.com\/fi\/wp-json\/wp\/v2\/media?parent=34931"}],"wp:term":[{"taxonomy":"category","embeddable":true,"href":"https:\/\/www.europesays.com\/fi\/wp-json\/wp\/v2\/categories?post=34931"},{"taxonomy":"post_tag","embeddable":true,"href":"https:\/\/www.europesays.com\/fi\/wp-json\/wp\/v2\/tags?post=34931"}],"curies":[{"name":"wp","href":"https:\/\/api.w.org\/{rel}","templated":true}]}}