{"id":34956,"date":"2025-09-14T20:01:12","date_gmt":"2025-09-14T20:01:12","guid":{"rendered":"https:\/\/www.europesays.com\/fi\/34956\/"},"modified":"2025-09-14T20:01:12","modified_gmt":"2025-09-14T20:01:12","slug":"chat-gpt-pomo-vihjailee-jo-seuraavalla-versiolla-tallainen-se-ehka-on","status":"publish","type":"post","link":"https:\/\/www.europesays.com\/fi\/34956\/","title":{"rendered":"Chat GPT -pomo vihjailee jo seuraavalla versiolla \u2013 T\u00e4llainen se ehk\u00e4 on"},"content":{"rendered":"<p>Gpt-6:n julkaisua ei ehk\u00e4 tarvitse odottaa yht\u00e4 kauaa kuin edelt\u00e4j\u00e4\u00e4ns\u00e4.<\/p>\n<p><img decoding=\"async\" class=\"image image-show image-preview\" src=\"https:\/\/www.europesays.com\/fi\/wp-content\/uploads\/2025\/08\/8a6af73fe2001d6492ec218d026825503c9566057fda560cdde625789fa1c225.png\" alt=\"\"\/><img decoding=\"async\" class=\"image image-show\" src=\"https:\/\/www.europesays.com\/fi\/wp-content\/uploads\/2025\/08\/1756590135_614_8a6af73fe2001d6492ec218d026825503c9566057fda560cdde625789fa1c225.png\" alt=\"\"\/><\/p>\n<p>Open AI:n toimitusjohtaja Sam Altman on maininnut Chat GPT:n muistin nykytilan my\u00f6s ongelmaksi. All Over Press<\/p>\n<p class=\"paragraph\">Chat GPT:n kehitt\u00e4j\u00e4n Open AI:n yritys uudistaa palveluaan elokuussa ei mennyt t\u00e4ysin nappiin. Uusi laaja kielimalli gpt-5 osoittautui monen k\u00e4ytt\u00e4j\u00e4n mielest\u00e4 liian viile\u00e4ksi keskustelukumppaniksi. Osa puolestaan piti sit\u00e4 pettymyksen\u00e4, koska se ei vastannut odotuksia isosta edistysaskeleesta.<\/p>\n<p class=\"paragraph\">Open AI:n toimitusjohtaja <a href=\"https:\/\/www.iltalehti.fi\/henkilot\/Sam Altman\" class=\"article-link-person-page\" rel=\"nofollow noopener\" target=\"_blank\">Sam Altman<\/a> on my\u00f6nt\u00e4nyt julkisesti, ett\u00e4 gpt-5:n julkaisussa tapahtui virheit\u00e4. Nyt h\u00e4n on alkanut jo lupailla, ett\u00e4 seuraava malli eli gpt-6 on vallankumouksellinen.<\/p>\n<p>Muistaa ja mukautuu<\/p>\n<p class=\"paragraph\"><a href=\"https:\/\/www.cnbc.com\/2025\/08\/19\/sam-altman-on-gpt-6-people-want-memory.html\" target=\"_blank\" rel=\"noopener nofollow\">CNBC kirjoitti<\/a> elokuussa Altmanin vastauksista toimittajille San Franciscossa j\u00e4rjestetyss\u00e4 tilaisuudessa.<\/p>\n<p class=\"paragraph\">\u2013 Ihmiset haluavat ominaisuuksia, jotka edellytt\u00e4v\u00e4t sit \u00e4, ett\u00e4 ymm\u00e4rr\u00e4mme heit\u00e4, Altman esitti.<\/p>\n<p class=\"paragraph\">K\u00e4ytt\u00e4j\u00e4n ymm\u00e4rt\u00e4miseen Chat GPT tarvitsee muistin, joka sis\u00e4lt\u00e4\u00e4 kaikki k\u00e4ytt\u00e4j\u00e4n sille l\u00e4hett\u00e4m\u00e4t viestit. T\u00e4m\u00e4 ominaisuus on ollut Chat GPT:ss\u00e4 alkukes\u00e4st\u00e4 l\u00e4htien.<\/p>\n<p class=\"paragraph\">CNBC:n mukaan Altman kuitenkin vihjaa, ett\u00e4 gpt-6:ssa ominaisuudesta tulee viel\u00e4 parempi. Chat GPT voi parannellun muistin ansiosta mukautua entist\u00e4 paremmin k\u00e4ytt\u00e4j\u00e4n tarpeisiin.<\/p>\n<p class=\"paragraph\">Altmanin v\u00e4itteist\u00e4 uutisonut <a href=\"https:\/\/futurism.com\/disastrous-gpt-5-sam-altman-hyping-up-gpt-6\" target=\"_blank\" rel=\"noopener nofollow\">Futurism<\/a> kirjoittaa, ett\u00e4 niihin kannattaa suhtautua terveell\u00e4 skeptisyydell\u00e4. Sivusto muistuttaa, ett\u00e4 Altman on jo pidemp\u00e4\u00e4n tunnettu tavastaan liioitella Open AI:n saavutuksia.<\/p>\n<p class=\"paragraph\">Er\u00e4\u00e4n\u00e4 ongelmana Altman mainitsee CNBC:n mukaan sen, ett\u00e4 Chat GPT:n muistia ei ole salattu, mik\u00e4 on tietoturvariski. Salaus saatetaan lis\u00e4t\u00e4 gpt-6:n my\u00f6t\u00e4, mutta varmuutta siit\u00e4 ei ole.<\/p>\n<p>Milloin gpt-6 tulee?<\/p>\n<p class=\"paragraph\">Gpt-6:n julkaisuaikataulusta Altman ei ole viel\u00e4 kertonut yksityiskohtia. Sen ja gpt-5:n v\u00e4lill\u00e4 ei ole tarkoitus olla samanlaista odottelua kuin gpt-5:n ja gpt-4:n v\u00e4lill\u00e4. Gpt-4 julkaistiin maaliskuussa 2023.<\/p>\n<p class=\"paragraph\"><a href=\"https:\/\/www.zdnet.com\/article\/forget-gpt-5-openais-gpt-6-might-launch-sooner-than-you-think\/\" target=\"_blank\" rel=\"noopener nofollow\">Zdnet esitt\u00e4\u00e4<\/a>, ett\u00e4 gpt-6:n aikataulu voi my\u00f6s lipsua siit\u00e4, mit\u00e4 sille alun perin asetetaan. Niin k\u00e4vi my\u00f6s gpt-5:n kanssa, sill\u00e4 se piti julkaista jo alkuvuodesta.<\/p>\n<p class=\"paragraph\">The Information kirjoitti kes\u00e4ll\u00e4, ett\u00e4 Open AI:n vuositulot ovat per\u00e4ti 12 miljardia dollaria. Eri kielimallien py\u00f6ritt\u00e4mi\u00e4 Chat GPT -versioiden k\u00e4ytt\u00e4ji\u00e4 on nyky\u00e4\u00e4n yli 700 miljoonaa.<\/p>\n<p class=\"paragraph\">Suurelta kuulostavilta luvuista huolimatta Open AI ei silti tee viel\u00e4k\u00e4\u00e4n voittoa.<\/p>\n","protected":false},"excerpt":{"rendered":"Gpt-6:n julkaisua ei ehk\u00e4 tarvitse odottaa yht\u00e4 kauaa kuin edelt\u00e4j\u00e4\u00e4ns\u00e4. Open AI:n toimitusjohtaja Sam Altman on maininnut Chat&hellip;\n","protected":false},"author":2,"featured_media":21061,"comment_status":"","ping_status":"","sticky":false,"template":"","format":"standard","meta":{"footnotes":""},"categories":[84],"tags":[35,33,31,30,537,9975,536,9976,32,91,92,487,149],"class_list":{"0":"post-34956","1":"post","2":"type-post","3":"status-publish","4":"format-standard","5":"has-post-thumbnail","7":"category-teknologia","8":"tag-24h","9":"tag-fi","10":"tag-finland","11":"tag-finnish","12":"tag-informaatioteknologia-sektori","13":"tag-ohjelmistokehitys","14":"tag-ohjelmistot","15":"tag-ohjelmistoyritykset","16":"tag-suomi","17":"tag-technology","18":"tag-teknologia","19":"tag-teknologia-yleista","20":"tag-tietojenkasittely-ja-informaatioteknologia"},"share_on_mastodon":{"url":"","error":""},"_links":{"self":[{"href":"https:\/\/www.europesays.com\/fi\/wp-json\/wp\/v2\/posts\/34956","targetHints":{"allow":["GET"]}}],"collection":[{"href":"https:\/\/www.europesays.com\/fi\/wp-json\/wp\/v2\/posts"}],"about":[{"href":"https:\/\/www.europesays.com\/fi\/wp-json\/wp\/v2\/types\/post"}],"author":[{"embeddable":true,"href":"https:\/\/www.europesays.com\/fi\/wp-json\/wp\/v2\/users\/2"}],"replies":[{"embeddable":true,"href":"https:\/\/www.europesays.com\/fi\/wp-json\/wp\/v2\/comments?post=34956"}],"version-history":[{"count":0,"href":"https:\/\/www.europesays.com\/fi\/wp-json\/wp\/v2\/posts\/34956\/revisions"}],"wp:featuredmedia":[{"embeddable":true,"href":"https:\/\/www.europesays.com\/fi\/wp-json\/wp\/v2\/media\/21061"}],"wp:attachment":[{"href":"https:\/\/www.europesays.com\/fi\/wp-json\/wp\/v2\/media?parent=34956"}],"wp:term":[{"taxonomy":"category","embeddable":true,"href":"https:\/\/www.europesays.com\/fi\/wp-json\/wp\/v2\/categories?post=34956"},{"taxonomy":"post_tag","embeddable":true,"href":"https:\/\/www.europesays.com\/fi\/wp-json\/wp\/v2\/tags?post=34956"}],"curies":[{"name":"wp","href":"https:\/\/api.w.org\/{rel}","templated":true}]}}