{"id":34999,"date":"2025-09-14T21:12:07","date_gmt":"2025-09-14T21:12:07","guid":{"rendered":"https:\/\/www.europesays.com\/fi\/34999\/"},"modified":"2025-09-14T21:12:07","modified_gmt":"2025-09-14T21:12:07","slug":"digita-huoltaa-tampereen-tv-asemaa-ja-katkaisee-tv-lahetykset-neljaksi-tunniksi-nokialla","status":"publish","type":"post","link":"https:\/\/www.europesays.com\/fi\/34999\/","title":{"rendered":"Digita huoltaa Tampereen TV-asemaa ja katkaisee tv-l\u00e4hetykset nelj\u00e4ksi tunniksi Nokialla"},"content":{"rendered":"<p>Digitan huoltoty\u00f6t aiheuttavat laajan tv-katkoksen Nokian seudulla tiistaina 16. syyskuuta.<\/p>\n<p>14.9. 12:00<\/p>\n<p class=\"article-body mb-nof-24 px-nof-16\">Digita tekee huoltot\u00f6it\u00e4 Tampereen radio- ja tv-asemalla tiistaina 16. syyskuuta. Ty\u00f6t aiheuttavat nelj\u00e4n tunnin katkoksen tv-l\u00e4hetyksiin kello 8\u201316 v\u00e4lill\u00e4.<\/p>\n<p class=\"article-body mb-nof-24 px-nof-16\">Huoltoty\u00f6t vaikuttavat my\u00f6s 13 muuhun asemaan. N\u00e4ihin kuuluu muun muassa Nokia.<\/p>\n","protected":false},"excerpt":{"rendered":"Digitan huoltoty\u00f6t aiheuttavat laajan tv-katkoksen Nokian seudulla tiistaina 16. syyskuuta. 14.9. 12:00 Digita tekee huoltot\u00f6it\u00e4 Tampereen radio- ja&hellip;\n","protected":false},"author":2,"featured_media":35000,"comment_status":"","ping_status":"","sticky":false,"template":"","format":"standard","meta":{"footnotes":""},"categories":[133],"tags":[137,33,31,30,684,32,206,156,109],"class_list":{"0":"post-34999","1":"post","2":"type-post","3":"status-publish","4":"format-standard","5":"has-post-thumbnail","7":"category-televisiot","8":"tag-entertainment","9":"tag-fi","10":"tag-finland","11":"tag-finnish","12":"tag-nokian-uutiset","13":"tag-suomi","14":"tag-televisiot","15":"tag-tv","16":"tag-viihde"},"share_on_mastodon":{"url":"","error":""},"_links":{"self":[{"href":"https:\/\/www.europesays.com\/fi\/wp-json\/wp\/v2\/posts\/34999","targetHints":{"allow":["GET"]}}],"collection":[{"href":"https:\/\/www.europesays.com\/fi\/wp-json\/wp\/v2\/posts"}],"about":[{"href":"https:\/\/www.europesays.com\/fi\/wp-json\/wp\/v2\/types\/post"}],"author":[{"embeddable":true,"href":"https:\/\/www.europesays.com\/fi\/wp-json\/wp\/v2\/users\/2"}],"replies":[{"embeddable":true,"href":"https:\/\/www.europesays.com\/fi\/wp-json\/wp\/v2\/comments?post=34999"}],"version-history":[{"count":0,"href":"https:\/\/www.europesays.com\/fi\/wp-json\/wp\/v2\/posts\/34999\/revisions"}],"wp:featuredmedia":[{"embeddable":true,"href":"https:\/\/www.europesays.com\/fi\/wp-json\/wp\/v2\/media\/35000"}],"wp:attachment":[{"href":"https:\/\/www.europesays.com\/fi\/wp-json\/wp\/v2\/media?parent=34999"}],"wp:term":[{"taxonomy":"category","embeddable":true,"href":"https:\/\/www.europesays.com\/fi\/wp-json\/wp\/v2\/categories?post=34999"},{"taxonomy":"post_tag","embeddable":true,"href":"https:\/\/www.europesays.com\/fi\/wp-json\/wp\/v2\/tags?post=34999"}],"curies":[{"name":"wp","href":"https:\/\/api.w.org\/{rel}","templated":true}]}}