{"id":35001,"date":"2025-09-14T21:13:07","date_gmt":"2025-09-14T21:13:07","guid":{"rendered":"https:\/\/www.europesays.com\/fi\/35001\/"},"modified":"2025-09-14T21:13:07","modified_gmt":"2025-09-14T21:13:07","slug":"ette-tule-pettymaan-dimmu-borgirin-studio-tiedottaa-uuden-albumin-olevan-viimein-nauhoitettu-miksattu-ja-masteroitu","status":"publish","type":"post","link":"https:\/\/www.europesays.com\/fi\/35001\/","title":{"rendered":"&#8221;Ette tule pettym\u00e4\u00e4n&#8221; \u2013 Dimmu Borgirin studio tiedottaa uuden albumin olevan viimein nauhoitettu, miksattu ja masteroitu"},"content":{"rendered":"<p>Norjalainen sinfonista black metalia soittava <strong>Dimmu Borgir<\/strong> on v\u00e4rk\u00e4nnyt tulevaa levy\u00e4\u00e4n kuin Iisakin kirkkoa. Nyt heid\u00e4n studionsa suunnalta kuitenkin kuuluu ilouutisia: seuraava albumi on kokonaan nauhoitettu, miksattu ja masteroitu.<\/p>\n<p>Ruotsalainen tuottaja <strong>Fredrik Nordstr\u00f6m<\/strong> julkaisi Studio Fredmanin sosiaalisessa mediassa p\u00e4ivityksen, jonka kuvassa h\u00e4n poseeraa laulaja <strong>Shagrathin<\/strong> ja kitaristi <strong>Silenozin<\/strong> kanssa. Kuvatekstiss\u00e4 lukee:<\/p>\n<p>Lue my\u00f6s: <a href=\"https:\/\/www.inferno.fi\/uutiset\/levy-yhtio-ei-hoputa-meita-koska-se-tietaa-etta-albumimme-myy-dimmu-borgirin-silenoz-kertoo-luovuuden-vaativan-aikaa\/\" title=\"\u201dLevy-yhti\u00f6 ei hoputa meit\u00e4, koska se tiet\u00e4\u00e4, ett\u00e4 albumimme myy\u201d \u2013 Dimmu Borgirin Silenoz kertoo luovuuden vaativan aikaa\" class=\"underline-custom !font-montserrat !font-bold !underline-offset-4 !decoration-4 !decoration-red-600 !text-md\" rel=\"nofollow noopener\" target=\"_blank\">\u201dLevy-yhti\u00f6 ei hoputa meit\u00e4, koska se tiet\u00e4\u00e4, ett\u00e4 albumimme myy\u201d \u2013 Dimmu Borgirin Silenoz kertoo luovuuden vaativan aikaa<\/a><\/p>\n<p>Lue my\u00f6s: <a href=\"https:\/\/www.inferno.fi\/uutiset\/kun-jengi-on-odottanut-uutta-kiekkoa-seitseman-vuotta-sita-ei-hirveasti-lohduta-jos-vakuutamme-sen-olevan-helvetin-hyva-haastattelussa-dimmu-borgir\/\" title=\"\u201dKun jengi on odottanut uutta kiekkoa seitsem\u00e4n vuotta, sit\u00e4 ei hirve\u00e4sti lohduta, jos vakuutamme sen olevan helvetin hyv\u00e4\u201d \u2013 haastattelussa Dimmu Borgir\" class=\"underline-custom !font-montserrat !font-bold !underline-offset-4 !decoration-4 !decoration-red-600 !text-md\" rel=\"nofollow noopener\" target=\"_blank\">\u201dKun jengi on odottanut uutta kiekkoa seitsem\u00e4n vuotta, sit\u00e4 ei hirve\u00e4sti lohduta, jos vakuutamme sen olevan helvetin hyv\u00e4\u201d \u2013 haastattelussa Dimmu Borgir<\/a><\/p>\n<p>\u2013 Dimmu Borgirin albumin nauhoitukset, miksaus ja masterointi ovat valmiina. Aivan mielet\u00f6n matka!<\/p>\n<p>\u2013 Meill\u00e4 oli sek\u00e4 hauskaa ett\u00e4 haastavaa. Jos pid\u00e4tte b\u00e4ndist\u00e4, ette tule pettym\u00e4\u00e4n.<\/p>\n<p>Lue my\u00f6s: <a href=\"https:\/\/www.inferno.fi\/uutiset\/luulen-etta-seuraavasta-levysta-tulee-hieman-aiempaa-riisutumpi-dimmu-borgirin-kitaristi-silenoz-ennakoi-seuraavaa-albumia\/\" title=\"\u201dLuulen, ett\u00e4 seuraavasta levyst\u00e4 tulee hieman aiempaa riisutumpi\u201d \u2013 Dimmu Borgirin kitaristi Silenoz ennakoi seuraavaa albumia\" class=\"underline-custom !font-montserrat !font-bold !underline-offset-4 !decoration-4 !decoration-red-600 !text-md\" rel=\"nofollow noopener\" target=\"_blank\">\u201dLuulen, ett\u00e4 seuraavasta levyst\u00e4 tulee hieman aiempaa riisutumpi\u201d \u2013 Dimmu Borgirin kitaristi Silenoz ennakoi seuraavaa albumia<\/a><\/p>\n<p>Lue my\u00f6s: <a href=\"https:\/\/www.inferno.fi\/uutiset\/levy-aiempaa-orkestroidumpi-dimmu-borgirin-silenoz-puhuu-bandin-tulevasta-albumista\/\" title=\"\u201dLevy on aiempaa orkestroidumpi\u201d \u2013 Dimmu Borgirin Silenoz puhuu b\u00e4ndin tulevasta albumista\" class=\"underline-custom !font-montserrat !font-bold !underline-offset-4 !decoration-4 !decoration-red-600 !text-md\" rel=\"nofollow noopener\" target=\"_blank\">\u201dLevy on aiempaa orkestroidumpi\u201d \u2013 Dimmu Borgirin Silenoz puhuu b\u00e4ndin tulevasta albumista<\/a><\/p>\n<p>B\u00e4ndin edellinen levy Eonian ilmestyi vuonna 2018 ja sen julkaisemisen aikoihin he lupailivat, ettei seuraavan levyn julkaisemiseen menisi kahdeksaa vuotta. Hiljattaisessa <a href=\"https:\/\/www.youtube.com\/@iblismanifestations231\" target=\"_blank\" rel=\"noreferrer noopener nofollow\">Iblis Manifestations<\/a> -podcastin haastattelussa <a href=\"https:\/\/www.inferno.fi\/uutiset\/levy-yhtio-ei-hoputa-meita-koska-se-tietaa-etta-albumimme-myy-dimmu-borgirin-silenoz-kertoo-luovuuden-vaativan-aikaa\/\" target=\"_blank\" rel=\"noreferrer noopener nofollow\">Silenoz ynn\u00e4ili<\/a>, ettei tavallaan mennytk\u00e4\u00e4n.<\/p>\n<p>\u2013 Jos yht\u00e4l\u00f6st\u00e4 v\u00e4hennet\u00e4\u00e4n pandemiavuodet, ei oikeastaan j\u00e4\u00e4k\u00e4\u00e4n kahdeksaa vuotta.<\/p>\n","protected":false},"excerpt":{"rendered":"Norjalainen sinfonista black metalia soittava Dimmu Borgir on v\u00e4rk\u00e4nnyt tulevaa levy\u00e4\u00e4n kuin Iisakin kirkkoa. Nyt heid\u00e4n studionsa suunnalta&hellip;\n","protected":false},"author":2,"featured_media":35002,"comment_status":"","ping_status":"","sticky":false,"template":"","format":"standard","meta":{"footnotes":""},"categories":[132],"tags":[137,33,31,30,195,47,32,1245,109],"class_list":{"0":"post-35001","1":"post","2":"type-post","3":"status-publish","4":"format-standard","5":"has-post-thumbnail","7":"category-musiikki","8":"tag-entertainment","9":"tag-fi","10":"tag-finland","11":"tag-finnish","12":"tag-music","13":"tag-musiikki","14":"tag-suomi","15":"tag-tuleva-levy","16":"tag-viihde"},"share_on_mastodon":{"url":"","error":""},"_links":{"self":[{"href":"https:\/\/www.europesays.com\/fi\/wp-json\/wp\/v2\/posts\/35001","targetHints":{"allow":["GET"]}}],"collection":[{"href":"https:\/\/www.europesays.com\/fi\/wp-json\/wp\/v2\/posts"}],"about":[{"href":"https:\/\/www.europesays.com\/fi\/wp-json\/wp\/v2\/types\/post"}],"author":[{"embeddable":true,"href":"https:\/\/www.europesays.com\/fi\/wp-json\/wp\/v2\/users\/2"}],"replies":[{"embeddable":true,"href":"https:\/\/www.europesays.com\/fi\/wp-json\/wp\/v2\/comments?post=35001"}],"version-history":[{"count":0,"href":"https:\/\/www.europesays.com\/fi\/wp-json\/wp\/v2\/posts\/35001\/revisions"}],"wp:featuredmedia":[{"embeddable":true,"href":"https:\/\/www.europesays.com\/fi\/wp-json\/wp\/v2\/media\/35002"}],"wp:attachment":[{"href":"https:\/\/www.europesays.com\/fi\/wp-json\/wp\/v2\/media?parent=35001"}],"wp:term":[{"taxonomy":"category","embeddable":true,"href":"https:\/\/www.europesays.com\/fi\/wp-json\/wp\/v2\/categories?post=35001"},{"taxonomy":"post_tag","embeddable":true,"href":"https:\/\/www.europesays.com\/fi\/wp-json\/wp\/v2\/tags?post=35001"}],"curies":[{"name":"wp","href":"https:\/\/api.w.org\/{rel}","templated":true}]}}