{"id":35025,"date":"2025-09-14T21:47:08","date_gmt":"2025-09-14T21:47:08","guid":{"rendered":"https:\/\/www.europesays.com\/fi\/35025\/"},"modified":"2025-09-14T21:47:08","modified_gmt":"2025-09-14T21:47:08","slug":"nepalin-mielenosoituksissa-kuolleiden-maara-nousi-yli-70n","status":"publish","type":"post","link":"https:\/\/www.europesays.com\/fi\/35025\/","title":{"rendered":"Nepalin mielenosoituksissa kuolleiden m\u00e4\u00e4r\u00e4 nousi yli 70:n"},"content":{"rendered":"<p>V\u00e4liaikaishallinnon p\u00e4\u00e4ministeri lupasi, ett\u00e4 hallinto aloittaa korruption kitkemisen.<\/p>\n<p>14.9. 11:26<\/p>\n<p class=\"article-body mb-nof-24 px-nof-16\">Nepalin mielenosoituksissa kuolleiden m\u00e4\u00e4r\u00e4 on noussut 72:een, kertoo maan uusi v\u00e4liaikaishallinto. Loukkaantuneita on liki 200.<\/p>\n<p class=\"article-body mb-nof-24 px-nof-16\">Protesteissa vastustettiin my\u00f6hemmin peruttua rekister\u00f6itym\u00e4tt\u00f6mien sosiaalisen median alustojen kieltoa sek\u00e4 korruptiota. Mielenosoittajat sytyttiv\u00e4t my\u00f6s tuleen parlamentin, muita hallintorakennuksia ja poliitikkojen koteja.<\/p>\n<p class=\"article-body mb-nof-24 px-nof-16\">Nepalin v\u00e4liaikaishallinnon johtaja, p\u00e4\u00e4ministeri <a class=\"article-personlink\" href=\"https:\/\/www.aamulehti.fi\/haku\/?query=Sushila%20Karki\" rel=\"nofollow noopener\" target=\"_blank\">Sushila Karki<\/a>, 73, lupasi puheessaan t\u00e4n\u00e4\u00e4n keskitty\u00e4 hyv\u00e4\u00e4n hallintoon ja korruption kitkemiseen.<\/p>\n<p class=\"article-body mb-nof-24 px-nof-16\">Valtaosa mielenosoittajista oli nuoria, joiden tulevaisuudenn\u00e4kym\u00e4t Nepalissa ovat synk\u00e4t. Maailmanpankin mukaan viidennes Nepalin 15\u201324 -vuotiaista on vailla ty\u00f6t\u00e4 tai opiskelupaikkaa.<\/p>\n<p class=\"article-body mb-nof-24 px-nof-16\">\u201dSe, mit\u00e4 t\u00e4m\u00e4 ryhm\u00e4 vaatii, on korruption loppuminen, hyv\u00e4 hallinto ja taloudellinen tasa-arvo. Teid\u00e4n ja minun on oltava valmiita vastaamaan n\u00e4ihin vaatimuksiin\u201d, Karki sanoi puheessaan.<\/p>\n<p class=\"article-body mb-nof-24 px-nof-16\">Taannoiset levottomuudet olivat vakavimpia Nepalissa sen j\u00e4lkeen kun vuosikymmenen kest\u00e4nyt sis\u00e4llissota p\u00e4\u00e4ttyi ja maa luopui monarkiasta vuonna 2008.<\/p>\n","protected":false},"excerpt":{"rendered":"V\u00e4liaikaishallinnon p\u00e4\u00e4ministeri lupasi, ett\u00e4 hallinto aloittaa korruption kitkemisen. 14.9. 11:26 Nepalin mielenosoituksissa kuolleiden m\u00e4\u00e4r\u00e4 on noussut 72:een, kertoo&hellip;\n","protected":false},"author":2,"featured_media":35026,"comment_status":"","ping_status":"","sticky":false,"template":"","format":"standard","meta":{"footnotes":""},"categories":[14],"tags":[157,22,23,26,27,33,31,30,17,24,25,28,29,15,18,21,32,19,20,56,16,59,60,61],"class_list":{"0":"post-35025","1":"post","2":"type-post","3":"status-publish","4":"format-standard","5":"has-post-thumbnail","7":"category-ulkomaat","8":"tag-aamulehti","9":"tag-breaking-news","10":"tag-breakingnews","11":"tag-featured-news","12":"tag-featurednews","13":"tag-fi","14":"tag-finland","15":"tag-finnish","16":"tag-headlines","17":"tag-latest-news","18":"tag-latestnews","19":"tag-main-news","20":"tag-mainnews","21":"tag-news","22":"tag-otsikot","23":"tag-paauutiset","24":"tag-suomi","25":"tag-top-stories","26":"tag-topstories","27":"tag-ulkomaat","28":"tag-uutiset","29":"tag-world","30":"tag-world-news","31":"tag-worldnews"},"share_on_mastodon":{"url":"","error":""},"_links":{"self":[{"href":"https:\/\/www.europesays.com\/fi\/wp-json\/wp\/v2\/posts\/35025","targetHints":{"allow":["GET"]}}],"collection":[{"href":"https:\/\/www.europesays.com\/fi\/wp-json\/wp\/v2\/posts"}],"about":[{"href":"https:\/\/www.europesays.com\/fi\/wp-json\/wp\/v2\/types\/post"}],"author":[{"embeddable":true,"href":"https:\/\/www.europesays.com\/fi\/wp-json\/wp\/v2\/users\/2"}],"replies":[{"embeddable":true,"href":"https:\/\/www.europesays.com\/fi\/wp-json\/wp\/v2\/comments?post=35025"}],"version-history":[{"count":0,"href":"https:\/\/www.europesays.com\/fi\/wp-json\/wp\/v2\/posts\/35025\/revisions"}],"wp:featuredmedia":[{"embeddable":true,"href":"https:\/\/www.europesays.com\/fi\/wp-json\/wp\/v2\/media\/35026"}],"wp:attachment":[{"href":"https:\/\/www.europesays.com\/fi\/wp-json\/wp\/v2\/media?parent=35025"}],"wp:term":[{"taxonomy":"category","embeddable":true,"href":"https:\/\/www.europesays.com\/fi\/wp-json\/wp\/v2\/categories?post=35025"},{"taxonomy":"post_tag","embeddable":true,"href":"https:\/\/www.europesays.com\/fi\/wp-json\/wp\/v2\/tags?post=35025"}],"curies":[{"name":"wp","href":"https:\/\/api.w.org\/{rel}","templated":true}]}}