{"id":35027,"date":"2025-09-14T21:48:07","date_gmt":"2025-09-14T21:48:07","guid":{"rendered":"https:\/\/www.europesays.com\/fi\/35027\/"},"modified":"2025-09-14T21:48:07","modified_gmt":"2025-09-14T21:48:07","slug":"n-y-times-trump-pyysi-lisarahoitusta-korkeimman-oikeuden-tuomareiden-suojeluun-ulkomaat","status":"publish","type":"post","link":"https:\/\/www.europesays.com\/fi\/35027\/","title":{"rendered":"N.Y. Times: Trump pyysi lis\u00e4rahoitusta korkeimman oikeuden tuomareiden suojeluun | Ulkomaat"},"content":{"rendered":"<p class=\"aw-1gybjub aw-1p7kakr cmIuaG fmSRng yle__article__paragraph\">Yhdysvalloissa presidentti <strong class=\"aw-ak79eh KyCXm yle__article__strong\">Donald Trump<\/strong> on pyyt\u00e4nyt kongressia hyv\u00e4ksym\u00e4\u00e4n 58 miljoonan dollarin h\u00e4t\u00e4rahoituksen korkeimman oikeuden turvatoimien tehostamiseksi, kertoo <a class=\"aw-iao6s4 iHOxEa yle__article__link\" href=\"https:\/\/www.nytimes.com\/2025\/09\/14\/us\/politics\/trump-security-supreme-court-congress.html?smid=url-share\" role=\"link\" rel=\"nofollow noopener\" target=\"_blank\">New York Times<\/a>.<\/p>\n<p class=\"aw-1gybjub aw-1p7kakr cmIuaG fmSRng yle__article__paragraph\">Trump esitti pyynt\u00f6ns\u00e4 sen j\u00e4lkeen, kun oikeistoaktivisti <strong class=\"aw-ak79eh KyCXm yle__article__strong\">Charlie Kirk<\/strong> murhattiin Utahissa keskiviikkona.<\/p>\n<p class=\"aw-1gybjub aw-1p7kakr cmIuaG fmSRng yle__article__paragraph\">Lains\u00e4\u00e4t\u00e4jille l\u00e4hetetyss\u00e4 kirjeess\u00e4 pyynt\u00f6\u00e4 perustellaan lis\u00e4\u00e4ntyneell\u00e4 poliittisen v\u00e4kivallan uhkalla. Lis\u00e4rahoitus olisi tarkoitus suunnata korkeimman oikeuden tuomareiden suojaamiseen.<\/p>\n","protected":false},"excerpt":{"rendered":"Yhdysvalloissa presidentti Donald Trump on pyyt\u00e4nyt kongressia hyv\u00e4ksym\u00e4\u00e4n 58 miljoonan dollarin h\u00e4t\u00e4rahoituksen korkeimman oikeuden turvatoimien tehostamiseksi, kertoo New&hellip;\n","protected":false},"author":2,"featured_media":74,"comment_status":"","ping_status":"","sticky":false,"template":"","format":"standard","meta":{"footnotes":""},"categories":[12],"tags":[22,23,26,27,33,31,30,17,24,25,28,29,15,18,21,32,19,20,56,16,619],"class_list":{"0":"post-35027","1":"post","2":"type-post","3":"status-publish","4":"format-standard","5":"has-post-thumbnail","7":"category-suomi","8":"tag-breaking-news","9":"tag-breakingnews","10":"tag-featured-news","11":"tag-featurednews","12":"tag-fi","13":"tag-finland","14":"tag-finnish","15":"tag-headlines","16":"tag-latest-news","17":"tag-latestnews","18":"tag-main-news","19":"tag-mainnews","20":"tag-news","21":"tag-otsikot","22":"tag-paauutiset","23":"tag-suomi","24":"tag-top-stories","25":"tag-topstories","26":"tag-ulkomaat","27":"tag-uutiset","28":"tag-yhdysvallat"},"share_on_mastodon":{"url":"","error":""},"_links":{"self":[{"href":"https:\/\/www.europesays.com\/fi\/wp-json\/wp\/v2\/posts\/35027","targetHints":{"allow":["GET"]}}],"collection":[{"href":"https:\/\/www.europesays.com\/fi\/wp-json\/wp\/v2\/posts"}],"about":[{"href":"https:\/\/www.europesays.com\/fi\/wp-json\/wp\/v2\/types\/post"}],"author":[{"embeddable":true,"href":"https:\/\/www.europesays.com\/fi\/wp-json\/wp\/v2\/users\/2"}],"replies":[{"embeddable":true,"href":"https:\/\/www.europesays.com\/fi\/wp-json\/wp\/v2\/comments?post=35027"}],"version-history":[{"count":0,"href":"https:\/\/www.europesays.com\/fi\/wp-json\/wp\/v2\/posts\/35027\/revisions"}],"wp:featuredmedia":[{"embeddable":true,"href":"https:\/\/www.europesays.com\/fi\/wp-json\/wp\/v2\/media\/74"}],"wp:attachment":[{"href":"https:\/\/www.europesays.com\/fi\/wp-json\/wp\/v2\/media?parent=35027"}],"wp:term":[{"taxonomy":"category","embeddable":true,"href":"https:\/\/www.europesays.com\/fi\/wp-json\/wp\/v2\/categories?post=35027"},{"taxonomy":"post_tag","embeddable":true,"href":"https:\/\/www.europesays.com\/fi\/wp-json\/wp\/v2\/tags?post=35027"}],"curies":[{"name":"wp","href":"https:\/\/api.w.org\/{rel}","templated":true}]}}