{"id":35053,"date":"2025-09-14T22:39:07","date_gmt":"2025-09-14T22:39:07","guid":{"rendered":"https:\/\/www.europesays.com\/fi\/35053\/"},"modified":"2025-09-14T22:39:07","modified_gmt":"2025-09-14T22:39:07","slug":"hurjat-luvut-julki-lentoliikenteesta-syyna-venajan-uusi-hairintalaite-paikalliset","status":"publish","type":"post","link":"https:\/\/www.europesays.com\/fi\/35053\/","title":{"rendered":"Hurjat luvut julki lentoliikenteest\u00e4 \u2013 syyn\u00e4 Ven\u00e4j\u00e4n uusi h\u00e4irint\u00e4laite | Paikalliset"},"content":{"rendered":"<p><a href=\"https:\/\/www.svt.se\/nyheter\/inrikes\/123-000-flyg-storda-av-ryska-signaler-hotar-flygsakerheten\" rel=\"nofollow noopener\" target=\"_blank\">Ruotsin television SVT:n<\/a> mukaan Ven\u00e4j\u00e4n GPS-h\u00e4irint\u00e4 on vaikuttanut 123 000 lentoon Ruotsissa ja sen naapurimaissa pelk\u00e4st\u00e4\u00e4n tammi\u2013huhtikuun aikana. H\u00e4iri\u00f6t vaikuttivat It\u00e4meren alueella yhteens\u00e4 365 lentoyhti\u00f6\u00f6n.<\/p>\n<p>SVT:n uutinen perustuu asiakirjaan, jossa It\u00e4meren valtiot kuvaavat tilannetta Kansainv\u00e4liselle siviili-ilmailuj\u00e4rjest\u00f6 ICAO:lle. H\u00e4iri\u00f6ist\u00e4 on raportoitu Ruotsin, Suomen, Baltian maiden ja Puolan ilmatilassa ja niit\u00e4 kuvataan kasvavaksi uhaksi ilmailulle.<\/p>\n<p>Pelk\u00e4st\u00e4\u00e4n huhtikuussa 27,4 prosenttia eli yli nelj\u00e4nnes alueen lennoista koki h\u00e4iri\u00f6it\u00e4.<\/p>\n<p>Viranomaiset ovat SVT:n mukaan tunnistaneet h\u00e4iri\u00f6iden l\u00e4hteeksi Ven\u00e4j\u00e4n, ja h\u00e4irint\u00e4signaaleja l\u00e4hetet\u00e4\u00e4n muun muassa Kaliningradista, Pietarista ja Smolenskista.<\/p>\n<p><a href=\"https:\/\/news.err.ee\/1609792437\/svt-gps-disruption-has-affected-123-000-flights-in-the-baltic-region\" rel=\"nofollow noopener\" target=\"_blank\">Viron yleisradion<\/a> mukaan GPS-h\u00e4irint\u00e4 lis\u00e4\u00e4ntyi Virossa viranomaisten mukaan hein\u00e4kuussa, kun uusi h\u00e4irint\u00e4laite Ven\u00e4j\u00e4n puolella aktivoitui. Vaikutus on ollut suurin Koillis- ja Kaakkois-Virossa, sill\u00e4 pelk\u00e4st\u00e4\u00e4n Narvan ja Pietarin v\u00e4lill\u00e4 on nelj\u00e4 h\u00e4irint\u00e4laitetta.<\/p>\n<p>H\u00e4iri\u00f6t vaikuttavat eniten ilmailuun. Viron ilmatilassa h\u00e4irint\u00e4\u00e4 on p\u00e4ivitt\u00e4in ja ainakin 85 prosenttia lennoista k\u00e4rsii h\u00e4iri\u00f6ist\u00e4.<\/p>\n","protected":false},"excerpt":{"rendered":"Ruotsin television SVT:n mukaan Ven\u00e4j\u00e4n GPS-h\u00e4irint\u00e4 on vaikuttanut 123 000 lentoon Ruotsissa ja sen naapurimaissa pelk\u00e4st\u00e4\u00e4n tammi\u2013huhtikuun aikana.&hellip;\n","protected":false},"author":2,"featured_media":35054,"comment_status":"","ping_status":"","sticky":false,"template":"","format":"standard","meta":{"footnotes":""},"categories":[14],"tags":[22,23,26,27,33,31,30,17,1511,8518,24,25,28,29,1616,15,18,21,687,1258,979,32,19,20,56,16,4029,59,60,61],"class_list":{"0":"post-35053","1":"post","2":"type-post","3":"status-publish","4":"format-standard","5":"has-post-thumbnail","7":"category-ulkomaat","8":"tag-breaking-news","9":"tag-breakingnews","10":"tag-featured-news","11":"tag-featurednews","12":"tag-fi","13":"tag-finland","14":"tag-finnish","15":"tag-headlines","16":"tag-joukkoviestinta","17":"tag-kansalliset-yleisradioyhtiot","18":"tag-latest-news","19":"tag-latestnews","20":"tag-main-news","21":"tag-mainnews","22":"tag-media-viestinta","23":"tag-news","24":"tag-otsikot","25":"tag-paauutiset","26":"tag-pietari-st-petersburg","27":"tag-radio-ja-televisiotoiminta","28":"tag-sahkoinen-media","29":"tag-suomi","30":"tag-top-stories","31":"tag-topstories","32":"tag-ulkomaat","33":"tag-uutiset","34":"tag-viro","35":"tag-world","36":"tag-world-news","37":"tag-worldnews"},"share_on_mastodon":{"url":"","error":""},"_links":{"self":[{"href":"https:\/\/www.europesays.com\/fi\/wp-json\/wp\/v2\/posts\/35053","targetHints":{"allow":["GET"]}}],"collection":[{"href":"https:\/\/www.europesays.com\/fi\/wp-json\/wp\/v2\/posts"}],"about":[{"href":"https:\/\/www.europesays.com\/fi\/wp-json\/wp\/v2\/types\/post"}],"author":[{"embeddable":true,"href":"https:\/\/www.europesays.com\/fi\/wp-json\/wp\/v2\/users\/2"}],"replies":[{"embeddable":true,"href":"https:\/\/www.europesays.com\/fi\/wp-json\/wp\/v2\/comments?post=35053"}],"version-history":[{"count":0,"href":"https:\/\/www.europesays.com\/fi\/wp-json\/wp\/v2\/posts\/35053\/revisions"}],"wp:featuredmedia":[{"embeddable":true,"href":"https:\/\/www.europesays.com\/fi\/wp-json\/wp\/v2\/media\/35054"}],"wp:attachment":[{"href":"https:\/\/www.europesays.com\/fi\/wp-json\/wp\/v2\/media?parent=35053"}],"wp:term":[{"taxonomy":"category","embeddable":true,"href":"https:\/\/www.europesays.com\/fi\/wp-json\/wp\/v2\/categories?post=35053"},{"taxonomy":"post_tag","embeddable":true,"href":"https:\/\/www.europesays.com\/fi\/wp-json\/wp\/v2\/tags?post=35053"}],"curies":[{"name":"wp","href":"https:\/\/api.w.org\/{rel}","templated":true}]}}