{"id":35088,"date":"2025-09-14T23:46:08","date_gmt":"2025-09-14T23:46:08","guid":{"rendered":"https:\/\/www.europesays.com\/fi\/35088\/"},"modified":"2025-09-14T23:46:08","modified_gmt":"2025-09-14T23:46:08","slug":"seiska-juhani-palmun-haudalla-pysayttavan-koskettava-naky","status":"publish","type":"post","link":"https:\/\/www.europesays.com\/fi\/35088\/","title":{"rendered":"Seiska: Juhani Palmun haudalla pys\u00e4ytt\u00e4v\u00e4n koskettava n\u00e4ky"},"content":{"rendered":"<p>Maineikkaan ja my\u00f6s taloudellisesti menestyneen taiteilija Juhani Palmun viimeiset vuodet olivat sairauden v\u00e4ritt\u00e4mi\u00e4. Vaikka taloushaasteita ja verovelkaa j\u00e4i useasti, taulut tekiv\u00e4t my\u00f6s kauppansa.<\/p>\n<p>Palmu sairasti viimeisin\u00e4 vuosinaan virtsarakon sy\u00f6p\u00e4\u00e4 ja keuhkoahtaumaa, ja h\u00e4n joutui sairaalaan useita kertoja keuhkokuumeen vuoksi. Palmu sai my\u00f6s vakavia palovammoja kahdella eri kertaa, ja niiden vuoksi jalka ja sormia jouduttiin amputoimaan. Terveys koetteli h\u00e4nt\u00e4 muutenkin: h\u00e4net elvytettiin syd\u00e4npys\u00e4hdyksen j\u00e4lkeen.<\/p>\n<p>Viimeiset viikot kuluivat saattohoidossa Kauhavalla. Palmu olisi halunnut kuolla kotonaan vaimonsa Leilan pit\u00e4ess\u00e4 h\u00e4nt\u00e4 k\u00e4dest\u00e4 kiinni, mutta t\u00e4m\u00e4 ei toteutunut.<\/p>\n<p>Palmu kuoli 26. kes\u00e4kuuta 2024 ollessaan 79 vuoden ik\u00e4inen.<\/p>\n<p>Muistomerkki jouduttiin poistamaan<\/p>\n<p>Palmu haudattiin Alah\u00e4rm\u00e4n vanhalle hautausmaalle. Hautaa koristi pitk\u00e4\u00e4n kookas puinen muistomerkki, jonka Palmu veisti itse 1990-luvulla. Teos sis\u00e4lsi symboliikkaa, oven, joka kuvasi el\u00e4m\u00e4n mahdollisuuksia ja sen p\u00e4\u00e4tepistett\u00e4, sek\u00e4 poikkipalkin, joka kertoi vastoink\u00e4ymisist\u00e4. Osana veistosta oli my\u00f6s niin sanottu luokki, viittaus talonpoikaiseen ty\u00f6v\u00e4lineeseen, jonka k\u00e4ytt\u00f6\u00f6n liittyy k\u00e4rsiv\u00e4llisyytt\u00e4 ja taitoa.<\/p>\n<p>Elokuun lopulla 2024 seurakunta poisti muistomerkin, koska sen katsottiin olevan hautausmaalle liian suuri ja kookas. Sille ei ollut haettu pystytyslupaa. Leila Palmu kertoi j\u00e4rkyttyneens\u00e4 asiasta, vaikka kirkkoherran mukaan h\u00e4n tiesi kyll\u00e4, ett\u00e4 muistomerkki on poistettava.<\/p>\n<p>Teos siirrettiin Alah\u00e4rm\u00e4n keskustaan Juhani Palmun gallerian eteen, miss\u00e4 se toistaiseksi edelleen sijaitsee.<\/p>\n<p>Teoksen p\u00e4\u00e4ll\u00e4 oli haudalla ollessaan Palmun k\u00e4ytt\u00e4v\u00e4 sivellin.<\/p>\n<p>Koskettava n\u00e4ky on Seiskan mukaan tiett\u00e4v\u00e4sti nyt haudalla. <a href=\"https:\/\/www.seiska.fi\/kotimaa\/uutta-koskettavaa-tietoa-juhani-palmusta\/1927796\" rel=\"nofollow noopener\" target=\"_blank\">Kuvia t\u00e4\u00e4ll\u00e4.<\/a><\/p>\n<p>Lue my\u00f6s: <a href=\"https:\/\/www.como.fi\/uutiset\/juhani-palmun-leila-vaimo-johtaa-kahta-taidefirmaa-nain-niilla-menee\/\" title=\"Juhani Palmun Leila-vaimo johtaa kahta taidefirmaa \u2013 n\u00e4in niill\u00e4 menee\" class=\"underline-custom !font-montserrat !font-bold !underline-offset-4 !decoration-4 !decoration-red-600 !text-md\" rel=\"nofollow noopener\" target=\"_blank\">Juhani Palmun Leila-vaimo johtaa kahta taidefirmaa \u2013 n\u00e4in niill\u00e4 menee<\/a><\/p>\n<p>Lue my\u00f6s: <a href=\"https:\/\/www.como.fi\/uutiset\/seiska-taiteilija-juhani-palmun-toinen-palovammaonnettomuus-tama-kaikki-amputoitiin\/\" title=\"Seiska: Taiteilija Juhani Palmun toinen palovammaonnettomuus \u2013 t\u00e4m\u00e4 kaikki amputoitiin\" class=\"underline-custom !font-montserrat !font-bold !underline-offset-4 !decoration-4 !decoration-red-600 !text-md\" rel=\"nofollow noopener\" target=\"_blank\">Seiska: Taiteilija Juhani Palmun toinen palovammaonnettomuus \u2013 t\u00e4m\u00e4 kaikki amputoitiin<\/a><\/p>\n<p>Lue my\u00f6s: <a href=\"https:\/\/www.como.fi\/uutiset\/leila-palmu-ei-uskonut-silmiaan-juhanin-haudalla-is-nyt-puhuu-kirkkoherra\/\" title=\"Leila Palmu ei uskonut silmi\u00e4\u00e4n Juhanin haudalla \u2013 IS: nyt puhuu kirkkoherra\" class=\"underline-custom !font-montserrat !font-bold !underline-offset-4 !decoration-4 !decoration-red-600 !text-md\" rel=\"nofollow noopener\" target=\"_blank\">Leila Palmu ei uskonut silmi\u00e4\u00e4n Juhanin haudalla \u2013 IS: nyt puhuu kirkkoherra<\/a><\/p>\n<p>Lue my\u00f6s: <a href=\"https:\/\/www.como.fi\/tilaa-comon-uutiskirje\/\" title=\"Tilaa Comon uutiskirje ja tied\u00e4t mist\u00e4 kahvitauolla puhutaan! Nappaa kotimaan tv-vinkit ja puheenaiheet suoraan s\u00e4hk\u00f6postiin t\u00e4st\u00e4.\" class=\"underline-custom !font-montserrat !font-bold !underline-offset-4 !decoration-4 !decoration-red-600 !text-md\" rel=\"nofollow noopener\" target=\"_blank\">Tilaa Comon uutiskirje ja tied\u00e4t mist\u00e4 kahvitauolla puhutaan! Nappaa kotimaan tv-vinkit ja puheenaiheet suoraan s\u00e4hk\u00f6postiin t\u00e4st\u00e4.<\/a><\/p>\n","protected":false},"excerpt":{"rendered":"Maineikkaan ja my\u00f6s taloudellisesti menestyneen taiteilija Juhani Palmun viimeiset vuodet olivat sairauden v\u00e4ritt\u00e4mi\u00e4. Vaikka taloushaasteita ja verovelkaa j\u00e4i&hellip;\n","protected":false},"author":2,"featured_media":35089,"comment_status":"","ping_status":"","sticky":false,"template":"","format":"standard","meta":{"footnotes":""},"categories":[136],"tags":[407,137,33,31,30,7055,408,7056,32,109],"class_list":{"0":"post-35088","1":"post","2":"type-post","3":"status-publish","4":"format-standard","5":"has-post-thumbnail","7":"category-julkkikset","8":"tag-celebrities","9":"tag-entertainment","10":"tag-fi","11":"tag-finland","12":"tag-finnish","13":"tag-juhani-palmu","14":"tag-julkkikset","15":"tag-leila-palmu","16":"tag-suomi","17":"tag-viihde"},"share_on_mastodon":{"url":"","error":""},"_links":{"self":[{"href":"https:\/\/www.europesays.com\/fi\/wp-json\/wp\/v2\/posts\/35088","targetHints":{"allow":["GET"]}}],"collection":[{"href":"https:\/\/www.europesays.com\/fi\/wp-json\/wp\/v2\/posts"}],"about":[{"href":"https:\/\/www.europesays.com\/fi\/wp-json\/wp\/v2\/types\/post"}],"author":[{"embeddable":true,"href":"https:\/\/www.europesays.com\/fi\/wp-json\/wp\/v2\/users\/2"}],"replies":[{"embeddable":true,"href":"https:\/\/www.europesays.com\/fi\/wp-json\/wp\/v2\/comments?post=35088"}],"version-history":[{"count":0,"href":"https:\/\/www.europesays.com\/fi\/wp-json\/wp\/v2\/posts\/35088\/revisions"}],"wp:featuredmedia":[{"embeddable":true,"href":"https:\/\/www.europesays.com\/fi\/wp-json\/wp\/v2\/media\/35089"}],"wp:attachment":[{"href":"https:\/\/www.europesays.com\/fi\/wp-json\/wp\/v2\/media?parent=35088"}],"wp:term":[{"taxonomy":"category","embeddable":true,"href":"https:\/\/www.europesays.com\/fi\/wp-json\/wp\/v2\/categories?post=35088"},{"taxonomy":"post_tag","embeddable":true,"href":"https:\/\/www.europesays.com\/fi\/wp-json\/wp\/v2\/tags?post=35088"}],"curies":[{"name":"wp","href":"https:\/\/api.w.org\/{rel}","templated":true}]}}