{"id":35090,"date":"2025-09-14T23:53:08","date_gmt":"2025-09-14T23:53:08","guid":{"rendered":"https:\/\/www.europesays.com\/fi\/35090\/"},"modified":"2025-09-14T23:53:08","modified_gmt":"2025-09-14T23:53:08","slug":"nyt-meni-tunteisiin-alexander-stubbin-reaktio-tallentui-kameraan","status":"publish","type":"post","link":"https:\/\/www.europesays.com\/fi\/35090\/","title":{"rendered":"Nyt meni tunteisiin! Alexander Stubbin reaktio tallentui kameraan"},"content":{"rendered":"<p>Tasavallan presidentti Alexander Stubb on seuraamassa Susijengin EM-pronssiottelua.<\/p>\n<p><img decoding=\"async\" class=\"image image-show image-preview\" src=\"https:\/\/www.europesays.com\/fi\/wp-content\/uploads\/2025\/09\/a9ae65722a2c059492318908e4a2daf5793f1622bbd509cb256b90e10cdc5e5c.jpg\" alt=\"\"\/><img decoding=\"async\" class=\"image image-show\" src=\"https:\/\/www.europesays.com\/fi\/wp-content\/uploads\/2025\/09\/1757893988_604_a9ae65722a2c059492318908e4a2daf5793f1622bbd509cb256b90e10cdc5e5c.jpg\" alt=\"\"\/><\/p>\n<p>Tasavallan presidentti Alexander Stubb reagoi ottelussa tunteella. Jussi Saarinen<\/p>\n<p class=\"paragraph\">Tasavallan presidentti <strong>Alexander Stubb<\/strong> on seuraamassa Susijengin EM-pronssiottelua Latviassa paikan p\u00e4\u00e4ll\u00e4.<\/p>\n<p class=\"paragraph\">Stubb on poimittu Riiassa pelattavassa Kreikka\u2013Suomi-ottelussa useita kertoja tv-kuviin. Suomen presidentti on kuvien perusteella el\u00e4nyt pronssiottelussa tunteella mukana.<\/p>\n<p class=\"paragraph\">Kun Suomen teinit\u00e4hte\u00e4 Miikka Muurista rikottiin avauspuoliskolla, tv-kuvissa n\u00e4kyi, kun Stubb reagoi huudahtamalla n\u00e4kyv\u00e4sti. Reaktio ei j\u00e4\u00e4nyt huomaamatta Ylelt\u00e4, joka jakoi tapauksesta videon Instagram-tilill\u00e4\u00e4n.<\/p>\n<p class=\"paragraph\">\u2013 Kuka seuraa urheilua yht\u00e4 intensiivisesti kuin tasavallan presidentti Stubb? Yle kyseli seuraajiltaan.<\/p>\n<p class=\"paragraph\">Jos video ei n\u00e4y, voit katsoa <a href=\"https:\/\/www.instagram.com\/p\/DOljoRUCBYv\/\" target=\"_blank\" rel=\"noopener nofollow\">sen t\u00e4st\u00e4.<\/a><\/p>\n<p class=\"paragraph\">Stubb n\u00e4ytti huudahtavan \u201dhei!\u201d kent\u00e4n suuntaan, mutta t\u00e4ytt\u00e4 varmuutta presidentin reaktiosta ei ole.<\/p>\n<p class=\"paragraph\">Ruudun l\u00e4hetyksess\u00e4 mainittiin, ett\u00e4 Stubb seuraa EM-pronssiottelua Kansainv\u00e4lisen koripalloliiton johtajien kanssa. Presidentti on tunnettu sek\u00e4 ahkerana urheilijana ett\u00e4 penkkiurheilijana.<\/p>\n<p class=\"paragraph\">Suomen ja Kreikan v\u00e4linen ottelu on yh\u00e4 kesken.<\/p>\n<p><script async src=\"\/\/www.instagram.com\/embed.js\"><\/script><\/p>\n","protected":false},"excerpt":{"rendered":"Tasavallan presidentti Alexander Stubb on seuraamassa Susijengin EM-pronssiottelua. Tasavallan presidentti Alexander Stubb reagoi ottelussa tunteella. Jussi Saarinen Tasavallan&hellip;\n","protected":false},"author":2,"featured_media":35091,"comment_status":"","ping_status":"","sticky":false,"template":"","format":"standard","meta":{"footnotes":""},"categories":[158],"tags":[35,33,31,30,1511,763,41,1616,159,32,397,160,161],"class_list":{"0":"post-35090","1":"post","2":"type-post","3":"status-publish","4":"format-standard","5":"has-post-thumbnail","7":"category-urheilu","8":"tag-24h","9":"tag-fi","10":"tag-finland","11":"tag-finnish","12":"tag-joukkoviestinta","13":"tag-kulttuuri-ja-viihde","14":"tag-liikunta-ja-urheilu","15":"tag-media-viestinta","16":"tag-sports","17":"tag-suomi","18":"tag-taide","19":"tag-urheilu","20":"tag-urheilutapahtumat"},"share_on_mastodon":{"url":"","error":""},"_links":{"self":[{"href":"https:\/\/www.europesays.com\/fi\/wp-json\/wp\/v2\/posts\/35090","targetHints":{"allow":["GET"]}}],"collection":[{"href":"https:\/\/www.europesays.com\/fi\/wp-json\/wp\/v2\/posts"}],"about":[{"href":"https:\/\/www.europesays.com\/fi\/wp-json\/wp\/v2\/types\/post"}],"author":[{"embeddable":true,"href":"https:\/\/www.europesays.com\/fi\/wp-json\/wp\/v2\/users\/2"}],"replies":[{"embeddable":true,"href":"https:\/\/www.europesays.com\/fi\/wp-json\/wp\/v2\/comments?post=35090"}],"version-history":[{"count":0,"href":"https:\/\/www.europesays.com\/fi\/wp-json\/wp\/v2\/posts\/35090\/revisions"}],"wp:featuredmedia":[{"embeddable":true,"href":"https:\/\/www.europesays.com\/fi\/wp-json\/wp\/v2\/media\/35091"}],"wp:attachment":[{"href":"https:\/\/www.europesays.com\/fi\/wp-json\/wp\/v2\/media?parent=35090"}],"wp:term":[{"taxonomy":"category","embeddable":true,"href":"https:\/\/www.europesays.com\/fi\/wp-json\/wp\/v2\/categories?post=35090"},{"taxonomy":"post_tag","embeddable":true,"href":"https:\/\/www.europesays.com\/fi\/wp-json\/wp\/v2\/tags?post=35090"}],"curies":[{"name":"wp","href":"https:\/\/api.w.org\/{rel}","templated":true}]}}