{"id":35400,"date":"2025-09-15T08:29:08","date_gmt":"2025-09-15T08:29:08","guid":{"rendered":"https:\/\/www.europesays.com\/fi\/35400\/"},"modified":"2025-09-15T08:29:08","modified_gmt":"2025-09-15T08:29:08","slug":"maajussi-perttu-hammentyy-puolisoehdokkaan-lahjasta-ilta-sanomat","status":"publish","type":"post","link":"https:\/\/www.europesays.com\/fi\/35400\/","title":{"rendered":"Maajussi-Perttu h\u00e4mmentyy puolisoehdokkaan lahjasta &#8211; Ilta-Sanomat"},"content":{"rendered":"<p>Varo juonipaljastuksia! Maajussille morsian -ohjelmassa n\u00e4hd\u00e4\u00e4n j\u00e4lleen hellytt\u00e4vi\u00e4 ja huvittaviakin hetki\u00e4, kun kumppaniehdokkaita valitaan jatkoon.<\/p>\n<p class=\"article-body mb-nof-24 px-nof-16\">Maajussit <a class=\"article-personlink\" href=\"https:\/\/www.is.fi\/haku\/?query=Ville\" rel=\"nofollow noopener\" target=\"_blank\">Ville<\/a>, <a class=\"article-personlink\" href=\"https:\/\/www.is.fi\/haku\/?query=Perttu\" rel=\"nofollow noopener\" target=\"_blank\">Perttu<\/a>, <a class=\"article-personlink\" href=\"https:\/\/www.is.fi\/haku\/?query=Matti\" rel=\"nofollow noopener\" target=\"_blank\">Matti<\/a> ja <a class=\"article-personlink\" href=\"https:\/\/www.is.fi\/haku\/?query=Antti\" rel=\"nofollow noopener\" target=\"_blank\">Antti<\/a> ovat j\u00e4lleen tiukan paikan edess\u00e4 Maajussille morsian -ohjelman nelj\u00e4nness\u00e4 jaksossa.<\/p>\n<p class=\"article-body mb-nof-24 px-nof-16\">Rakkautta etsiv\u00e4t miehet valitsevat pikatreffeill\u00e4 nelj\u00e4 kumppaniehdokasta my\u00f6hemmin j\u00e4rjestett\u00e4ville ryhm\u00e4treffeille. N\u00e4in ollen osa puolisoehdokkaista putoaa pois ohjelmasta.<\/p>\n<p class=\"article-body mb-nof-24 px-nof-16\">Puolisoehdokkaat kiikuttavat viiden minuutin pikatreffeille mukanaan erin\u00e4isi\u00e4 lahjoja.<\/p>\n<p class=\"article-body mb-nof-24 px-nof-16\">Polvij\u00e4rvell\u00e4 maitotilaa pit\u00e4v\u00e4 <a class=\"article-personlink\" href=\"https:\/\/www.is.fi\/haku\/?query=Perttu\" rel=\"nofollow noopener\" target=\"_blank\">Perttu<\/a>, 26, h\u00e4mmentyy silmin n\u00e4hden, kun 23-vuotias <a class=\"article-personlink\" href=\"https:\/\/www.is.fi\/haku\/?query=Laura\" rel=\"nofollow noopener\" target=\"_blank\">Laura<\/a> ojentaa h\u00e4nelle paketin kuivattua peuran lihaa.<\/p>\n<p class=\"article-body mb-nof-24 px-nof-16\">\u2013 Ihan itsek\u00f6 t\u00e4m\u00e4n kuivatit? Perttu naureskelee hermostuneena.<\/p>\n<p class=\"article-body mb-nof-24 px-nof-16\">\u2013 Kyll\u00e4 itse olen kuivatellut \u2013 ja itse olen ampunut, Laura paljastaa.<\/p>\n<p class=\"article-body mb-nof-24 px-nof-16\">T\u00e4st\u00e4 tiedosta Perttu n\u00e4ytt\u00e4\u00e4 h\u00e4mmentyv\u00e4n viel\u00e4 enemm\u00e4n, h\u00e4n ei meinaa saada sanaa suustaan.<\/p>\n<p class=\"article-body mb-nof-24 px-nof-16\">\u2013 Oho! Noni. Joo-o&#8230;okei, h\u00e4n py\u00f6rittelee ja katselee lihapakettia.<\/p>\n<p><img decoding=\"async\" src=\"https:\/\/www.europesays.com\/fi\/wp-content\/uploads\/2025\/09\/1757924948_505_468.jpg\" alt=\"Perttu ja Laura jutustelevat maatilan hommista.\" class=\"_Img_tdqg8_1\" style=\"aspect-ratio:1.5\" loading=\"eager\"\/><\/p>\n<p class=\"article-picture-caption\">Perttu ja Laura jutustelevat maatilan hommista. Kuva:\u00a0MTV<\/p>\n<p class=\"article-body mb-nof-24 px-nof-16\">Erikoisia lahjoja saa my\u00f6s Espanjassa oliivitilaa py\u00f6ritt\u00e4v\u00e4 <a class=\"article-personlink\" href=\"https:\/\/www.is.fi\/haku\/?query=Ville\" rel=\"nofollow noopener\" target=\"_blank\">Ville<\/a>, 58.<\/p>\n<p class=\"article-body mb-nof-24 px-nof-16\">Selke\u00e4sti ylpe\u00e4 satakuntalainen <a class=\"article-personlink\" href=\"https:\/\/www.is.fi\/haku\/?query=Pia\" rel=\"nofollow noopener\" target=\"_blank\">Pia<\/a>, 58, tuo mukanaan Pori-kirjan.<\/p>\n<p class=\"article-body mb-nof-24 px-nof-16\">\u2013 Ett\u00e4 Ville oppii tuntemaan minua ja muita porilaisia paremmin, h\u00e4n perustelee.<\/p>\n<p class=\"article-body mb-nof-24 px-nof-16\">Toisaalta Pia my\u00f6nt\u00e4\u00e4: Fuengirolaa, jossa Ville pit\u00e4\u00e4 oliivitilaa, h\u00e4n ei tunne.<\/p>\n<p class=\"article-body mb-nof-24 px-nof-16\">Sitten Villen kanssa treffeille istahtaa <a class=\"article-personlink\" href=\"https:\/\/www.is.fi\/haku\/?query=Outi\" rel=\"nofollow noopener\" target=\"_blank\">Outi<\/a>, 54.<\/p>\n<p class=\"article-body mb-nof-24 px-nof-16\">H\u00e4n tuo Villelle lahjaksi yll\u00e4tt\u00e4en pienen pelin.<\/p>\n<p class=\"article-body mb-nof-24 px-nof-16\">\u2013 Ehk\u00e4 menen v\u00e4h\u00e4n asioiden edelle, mutta jos olemme yhdess\u00e4 l\u00e4hemm\u00e4s 40 vuotta, niin meid\u00e4n kannattaa ruveta pelaamaan t\u00e4t\u00e4 peli\u00e4, h\u00e4n sanoo ja ojentaa paketin Villelle.<\/p>\n<p class=\"article-body mb-nof-24 px-nof-16\">Paketista paljastuu muistipeli.<\/p>\n<p class=\"article-body mb-nof-24 px-nof-16\">\u2013 Jos 40 vuotta olisimme yhdess\u00e4, niin se olisi aika hyv\u00e4 tarjous, sill\u00e4 sittenh\u00e4n el\u00e4isin l\u00e4hemm\u00e4s 100-vuotiaaksi, Ville veistelee.<\/p>\n<p><img decoding=\"async\" src=\"https:\/\/www.europesays.com\/fi\/wp-content\/uploads\/2025\/09\/1757924948_454_468.jpg\" alt=\"Ville valitsee jatkon lopussa, ketk\u00e4 puolisoehdokkaista, \u201dVillen enkeleist\u00e4\u201d, p\u00e4\u00e4sev\u00e4t jatkoon.\" class=\"_Img_tdqg8_1\" style=\"aspect-ratio:1.5\" loading=\"eager\"\/><\/p>\n<p class=\"article-picture-caption\">Ville valitsee jatkon lopussa, ketk\u00e4 puolisoehdokkaista, \u201dVillen enkeleist\u00e4\u201d, p\u00e4\u00e4sev\u00e4t jatkoon. Kuva:\u00a0MTV<\/p>\n<p class=\"article-body mb-nof-24 px-nof-16\">Maajussi-Matti, 43, saa puolestaan lahjan, joka saa h\u00e4net varsin hilpeisiin tunnelmiin.<\/p>\n<p class=\"article-body mb-nof-24 px-nof-16\"><a class=\"article-personlink\" href=\"https:\/\/www.is.fi\/haku\/?query=Suvi\" rel=\"nofollow noopener\" target=\"_blank\">Suvi<\/a>, 49, tuo Matille mystisen kortin. Matti lukee korttia rauhassa ja paljastaa sitten sen sis\u00e4ll\u00f6n.<\/p>\n<p class=\"article-body mb-nof-24 px-nof-16\">\u2013 Suvi varmaan halusi viestitt\u00e4\u00e4, ett\u00e4 pidet\u00e4\u00e4n miehen paikat kunnossa, kerran olen urheilullinen ollut. H\u00e4n antoi lahjakortin urheiluhierojalle.<\/p>\n<p class=\"article-body mb-nof-24 px-nof-16\">Hierontalahjakortista kameralle kertoessaan Matti purskahtaa nauruun.<\/p>\n<p class=\"article-body mb-nof-24 px-nof-16\">\u2013 T\u00e4m\u00e4n lahjan saattaa joku ajatella pikkasen kaksimielisesti, ai helkkari sent\u00e4\u00e4n, h\u00e4n nauraa.<\/p>\n<p><img decoding=\"async\" src=\"https:\/\/www.europesays.com\/fi\/wp-content\/uploads\/2025\/09\/1757924948_528_468.jpg\" alt=\"Ennill\u00e4 ja Antilla on varsin l\u00e4mminhenkiset pikatreffit.\" class=\"_Img_tdqg8_1\" style=\"aspect-ratio:1.5\" loading=\"eager\"\/><\/p>\n<p class=\"article-picture-caption\">Ennill\u00e4 ja Antilla on varsin l\u00e4mminhenkiset pikatreffit. Kuva:\u00a0MTV<\/p>\n<p class=\"article-body mb-nof-24 px-nof-16\">Suorastaan kipin\u00f6iv\u00e4 tunnelma leiskuu, kun <a class=\"article-personlink\" href=\"https:\/\/www.is.fi\/haku\/?query=Enni,\" rel=\"nofollow noopener\" target=\"_blank\">Enni,<\/a> 20v, tulee tapaamaan rakkautta etsiv\u00e4\u00e4 <a class=\"article-personlink\" href=\"https:\/\/www.is.fi\/haku\/?query=Anttia\" rel=\"nofollow noopener\" target=\"_blank\">Anttia<\/a>, 23.<\/p>\n<p class=\"article-body mb-nof-24 px-nof-16\">Maajussi-Antilla on hymy herk\u00e4ss\u00e4, kun Enni astelee ovesta sis\u00e4\u00e4n.<\/p>\n<p class=\"article-body mb-nof-24 px-nof-16\">\u2013 Kun sai h\u00e4nt\u00e4 halata ja h\u00e4n antoi viel\u00e4 lahjankin, niin tuntui, ett\u00e4 siin\u00e4 leuka tippui alas. Ett\u00e4 ihan nyt Antille lahjoja kannetaan, maajussi hykertelee tyytyv\u00e4isen\u00e4.<\/p>\n<p class=\"article-body mb-nof-24 px-nof-16\">Ennin mielest\u00e4 Antissa ihanaa on t\u00e4m\u00e4n iloisuus ja rempse\u00e4 asenne.<\/p>\n<p class=\"article-body mb-nof-24 px-nof-16\">\u2013 Millainen mies sinuun vetoaa? Antti tiedustelee puolisoehdokkaalta.<\/p>\n<p class=\"article-body mb-nof-24 px-nof-16\">\u2013 No sinun kaltainen, Enni vastaa.<\/p>\n<p class=\"article-body mb-nof-24 px-nof-16\">\u2013 Huhhuh, Antti huikkaa hymyss\u00e4 suin.<\/p>\n<p class=\"article-body mb-nof-24 px-nof-16\">\u2013 Kyll\u00e4h\u00e4n Enni\u00e4 kohtaan on l\u00e4mpim\u00e4t tunteet. Alkaa pieni puna poskille nousemaan! Antti tiivist\u00e4\u00e4.<\/p>\n<p class=\"article-body nof-ui-body-medium mb-nof-24 px-nof-16\">Maajussille morsian MTV Katsomossa ja MTV3-kanavalla ma 25.8. klo 20 alkaen.<\/p>\n","protected":false},"excerpt":{"rendered":"Varo juonipaljastuksia! Maajussille morsian -ohjelmassa n\u00e4hd\u00e4\u00e4n j\u00e4lleen hellytt\u00e4vi\u00e4 ja huvittaviakin hetki\u00e4, kun kumppaniehdokkaita valitaan jatkoon. Maajussit Ville, Perttu,&hellip;\n","protected":false},"author":2,"featured_media":35401,"comment_status":"","ping_status":"","sticky":false,"template":"","format":"standard","meta":{"footnotes":""},"categories":[133],"tags":[137,33,31,30,34,32,206,156,109],"class_list":{"0":"post-35400","1":"post","2":"type-post","3":"status-publish","4":"format-standard","5":"has-post-thumbnail","7":"category-televisiot","8":"tag-entertainment","9":"tag-fi","10":"tag-finland","11":"tag-finnish","12":"tag-ilta-sanomat","13":"tag-suomi","14":"tag-televisiot","15":"tag-tv","16":"tag-viihde"},"share_on_mastodon":{"url":"","error":""},"_links":{"self":[{"href":"https:\/\/www.europesays.com\/fi\/wp-json\/wp\/v2\/posts\/35400","targetHints":{"allow":["GET"]}}],"collection":[{"href":"https:\/\/www.europesays.com\/fi\/wp-json\/wp\/v2\/posts"}],"about":[{"href":"https:\/\/www.europesays.com\/fi\/wp-json\/wp\/v2\/types\/post"}],"author":[{"embeddable":true,"href":"https:\/\/www.europesays.com\/fi\/wp-json\/wp\/v2\/users\/2"}],"replies":[{"embeddable":true,"href":"https:\/\/www.europesays.com\/fi\/wp-json\/wp\/v2\/comments?post=35400"}],"version-history":[{"count":0,"href":"https:\/\/www.europesays.com\/fi\/wp-json\/wp\/v2\/posts\/35400\/revisions"}],"wp:featuredmedia":[{"embeddable":true,"href":"https:\/\/www.europesays.com\/fi\/wp-json\/wp\/v2\/media\/35401"}],"wp:attachment":[{"href":"https:\/\/www.europesays.com\/fi\/wp-json\/wp\/v2\/media?parent=35400"}],"wp:term":[{"taxonomy":"category","embeddable":true,"href":"https:\/\/www.europesays.com\/fi\/wp-json\/wp\/v2\/categories?post=35400"},{"taxonomy":"post_tag","embeddable":true,"href":"https:\/\/www.europesays.com\/fi\/wp-json\/wp\/v2\/tags?post=35400"}],"curies":[{"name":"wp","href":"https:\/\/api.w.org\/{rel}","templated":true}]}}