{"id":35412,"date":"2025-09-15T08:38:11","date_gmt":"2025-09-15T08:38:11","guid":{"rendered":"https:\/\/www.europesays.com\/fi\/35412\/"},"modified":"2025-09-15T08:38:11","modified_gmt":"2025-09-15T08:38:11","slug":"venaja-kiistaa-loukanneensa-romanian-ilmatilaa-droonilla-syyttaa-ukrainaa-provokaatiosta-uutissuomalainen-2","status":"publish","type":"post","link":"https:\/\/www.europesays.com\/fi\/35412\/","title":{"rendered":"Ven\u00e4j\u00e4 kiist\u00e4\u00e4 loukanneensa Romanian ilmatilaa droonilla \u2013 syytt\u00e4\u00e4 Ukrainaa &#8221;provokaatiosta&#8221; | Uutissuomalainen"},"content":{"rendered":"<p>Ven\u00e4j\u00e4 kiist\u00e4\u00e4 loukanneensa Romanian ilmatilaa droonillaan toissa p\u00e4iv\u00e4n\u00e4. Ven\u00e4j\u00e4n suurl\u00e4hettil\u00e4s Romaniassa Vladimir Lipajev syytt\u00e4\u00e4 lausunnossaan tapahtuneesta Ukrainaa.<\/p>\n<p>H\u00e4n sanoo lennokin olleen Ukrainan tahallinen provokaatio.<\/p>\n<p>Suurl\u00e4hettil\u00e4s antoi lausunnon sen j\u00e4lkeen, kun Romania kutsui eilen h\u00e4net puhutteluun maan ilmatilan toissap\u00e4iv\u00e4isen loukkaamisen takia. Romanian ulkoministeri\u00f6 sanoi v\u00e4litt\u00e4neens\u00e4 voimakkaan protestinsa Ven\u00e4j\u00e4n toiminnasta ja Romanian suvereniteetin loukkaamisesta.<\/p>\n<p>Lipajevin mukaan ei ole mit\u00e4\u00e4n perusteita syytt\u00e4\u00e4 tapahtuneesta Ven\u00e4j\u00e4\u00e4 eik\u00e4 Romania &#8221;kyennyt vastaamaan konkreettisesti ja vakuuttavalla tavalla&#8221; Ven\u00e4j\u00e4n esitt\u00e4miin kysymyksiin tapahtuneesta.<\/p>\n<p>Nato- ja EU-maa Romanian mukaan ven\u00e4l\u00e4inen drooni tunkeutui lauantaina sen ilmatilaan Ukrainaan kohdistetun hy\u00f6kk\u00e4yksen aikana.<\/p>\n<p>Romania l\u00e4hetti ilmaan kaksi h\u00e4vitt\u00e4j\u00e4\u00e4, jotka j\u00e4ljittiv\u00e4t ven\u00e4l\u00e4ist\u00e4 droonia maan ilmatilassa, kunnes se katosi tutkasta. Samaan aikaan my\u00f6s Puolassa h\u00e4lytettiin h\u00e4vitt\u00e4j\u00e4t ja ilmatorjunta l\u00e4hell\u00e4 rajaa lent\u00e4neiden droonien vuoksi.<\/p>\n<p>Romanian puolustusministeri\u00f6n mukaan Ven\u00e4j\u00e4n toiminta on &#8221;uusi haaste&#8221; Mustanmeren alueen turvallisuudelle. Ministeri\u00f6n mukaan ilmatilaloukkaukset osoittavat, ettei Ven\u00e4j\u00e4 kunnioita kansainv\u00e4list\u00e4 oikeutta.<\/p>\n","protected":false},"excerpt":{"rendered":"Ven\u00e4j\u00e4 kiist\u00e4\u00e4 loukanneensa Romanian ilmatilaa droonillaan toissa p\u00e4iv\u00e4n\u00e4. Ven\u00e4j\u00e4n suurl\u00e4hettil\u00e4s Romaniassa Vladimir Lipajev syytt\u00e4\u00e4 lausunnossaan tapahtuneesta Ukrainaa. H\u00e4n&hellip;\n","protected":false},"author":2,"featured_media":35413,"comment_status":"","ping_status":"","sticky":false,"template":"","format":"standard","meta":{"footnotes":""},"categories":[14],"tags":[22,23,1617,26,27,33,31,30,17,24,25,28,29,2579,15,18,21,637,2535,32,19,20,2534,549,56,4385,16,59,60,61],"class_list":{"0":"post-35412","1":"post","2":"type-post","3":"status-publish","4":"format-standard","5":"has-post-thumbnail","7":"category-ulkomaat","8":"tag-breaking-news","9":"tag-breakingnews","10":"tag-euroopan-unioni","11":"tag-featured-news","12":"tag-featurednews","13":"tag-fi","14":"tag-finland","15":"tag-finnish","16":"tag-headlines","17":"tag-latest-news","18":"tag-latestnews","19":"tag-main-news","20":"tag-mainnews","21":"tag-nato","22":"tag-news","23":"tag-otsikot","24":"tag-paauutiset","25":"tag-politiikka","26":"tag-puolustuspolitiikka","27":"tag-suomi","28":"tag-top-stories","29":"tag-topstories","30":"tag-turvallisuuspolitiikka","31":"tag-ukrainan-sota","32":"tag-ulkomaat","33":"tag-ulkopolitiikka-ja-kansainvalinen-politiikka","34":"tag-uutiset","35":"tag-world","36":"tag-world-news","37":"tag-worldnews"},"share_on_mastodon":{"url":"","error":""},"_links":{"self":[{"href":"https:\/\/www.europesays.com\/fi\/wp-json\/wp\/v2\/posts\/35412","targetHints":{"allow":["GET"]}}],"collection":[{"href":"https:\/\/www.europesays.com\/fi\/wp-json\/wp\/v2\/posts"}],"about":[{"href":"https:\/\/www.europesays.com\/fi\/wp-json\/wp\/v2\/types\/post"}],"author":[{"embeddable":true,"href":"https:\/\/www.europesays.com\/fi\/wp-json\/wp\/v2\/users\/2"}],"replies":[{"embeddable":true,"href":"https:\/\/www.europesays.com\/fi\/wp-json\/wp\/v2\/comments?post=35412"}],"version-history":[{"count":0,"href":"https:\/\/www.europesays.com\/fi\/wp-json\/wp\/v2\/posts\/35412\/revisions"}],"wp:featuredmedia":[{"embeddable":true,"href":"https:\/\/www.europesays.com\/fi\/wp-json\/wp\/v2\/media\/35413"}],"wp:attachment":[{"href":"https:\/\/www.europesays.com\/fi\/wp-json\/wp\/v2\/media?parent=35412"}],"wp:term":[{"taxonomy":"category","embeddable":true,"href":"https:\/\/www.europesays.com\/fi\/wp-json\/wp\/v2\/categories?post=35412"},{"taxonomy":"post_tag","embeddable":true,"href":"https:\/\/www.europesays.com\/fi\/wp-json\/wp\/v2\/tags?post=35412"}],"curies":[{"name":"wp","href":"https:\/\/api.w.org\/{rel}","templated":true}]}}