{"id":35416,"date":"2025-09-15T08:40:08","date_gmt":"2025-09-15T08:40:08","guid":{"rendered":"https:\/\/www.europesays.com\/fi\/35416\/"},"modified":"2025-09-15T08:40:08","modified_gmt":"2025-09-15T08:40:08","slug":"medvedevilta-taas-uusi-uhkaus-tama-tarkoittaisi-sotaa","status":"publish","type":"post","link":"https:\/\/www.europesays.com\/fi\/35416\/","title":{"rendered":"Medvedevilt\u00e4 taas uusi uhkaus: T\u00e4m\u00e4 tarkoittaisi sotaa"},"content":{"rendered":"<p>Ven\u00e4j\u00e4n entisen presidentin mukaan Nato-maiden ei pid\u00e4 menn\u00e4 torjumaan ven\u00e4l\u00e4isdrooneja Ukrainan ilmatilaan.<\/p>\n<p><img decoding=\"async\" class=\"image image-show image-preview\" src=\"https:\/\/www.europesays.com\/fi\/wp-content\/uploads\/2025\/09\/f5d486d9d77dc1dd64b232f13ae1c528cf75fba01123f7c85823eaa4d9781bbf.jpg\" alt=\"\"\/><img decoding=\"async\" class=\"image image-show\" src=\"https:\/\/www.europesays.com\/fi\/wp-content\/uploads\/2025\/09\/1757925608_494_f5d486d9d77dc1dd64b232f13ae1c528cf75fba01123f7c85823eaa4d9781bbf.jpg\" alt=\"\"\/><\/p>\n<p>Dmitri Medvedev uhkailee j\u00e4lleen Eurooppaa. AOP<\/p>\n<p class=\"paragraph\">Ven\u00e4j\u00e4n turvallisuusneuvoston varapuheenjohtaja <a href=\"https:\/\/www.iltalehti.fi\/henkilot\/Dmitri Medvedev\" class=\"article-link-person-page\" rel=\"nofollow noopener\" target=\"_blank\">Dmitri Medvedev<\/a> raottaa j\u00e4lleen sanaista arkkuaan Telegram-kanavallaan.<\/p>\n<p class=\"paragraph\">Medvedev pilkkaa aluksi viikonloppuna Kiovaan vierailulle saapunutta Viron ulkoministeri\u00e4 ja v\u00e4itt\u00e4\u00e4 t\u00e4t\u00e4 uhkailusta.<\/p>\n<p class=\"paragraph\">Ven\u00e4j\u00e4n ex-presidentti my\u00f6s uhoaa jo tutuksi tulleella tyylill\u00e4\u00e4n, ett\u00e4 lentokieltoalue Ukrainassa tai Nato-maiden mahdollinen p\u00e4\u00e4t\u00f6s ampua alas ven\u00e4l\u00e4isdrooneja Ukrainan ilmatilassa tarkoittaisi sotaa.<\/p>\n<p class=\"paragraph\">Ven\u00e4j\u00e4 on viime aikoina toistuvasti loukannut Nato-maiden ilmatilaa. Romanian puolustusministeri\u00f6n mukaan viimeksi lauantaina ainakin yksi Ven\u00e4j\u00e4n drooni k\u00e4ytti Romanian ilmatilaa hy\u00f6k\u00e4t\u00e4kseen Ukrainaan.<\/p>\n<p>J\u00e4\u00e4dytetyt varat<\/p>\n<p class=\"paragraph\">Medvedev jatkaa viesti\u00e4\u00e4n uhkaamalla EU-maita vastatoimilla, jos ne k\u00e4ytt\u00e4v\u00e4t j\u00e4\u00e4dytettyj\u00e4 ven\u00e4l\u00e4isvaroja Ukrainan tukemiseen. H\u00e4nen mukaansa Ven\u00e4j\u00e4 ryhtyy siin\u00e4 tapauksessa toimiin EU-maita vastaan kaikissa mahdollisissa kansainv\u00e4lisiss\u00e4 ja kansallisissa tuomioistuimissa.<\/p>\n<p class=\"paragraph\">\u2013 Ja joissakin tapauksissa my\u00f6s oikeusprosessien ulkopuolella.<\/p>\n<p class=\"paragraph\">Medvedev on Ven\u00e4j\u00e4n hy\u00f6kk\u00e4yssodan aikana tullut tunnetuksi s\u00e4\u00e4nn\u00f6llisist\u00e4 \u00e4rh\u00e4k\u00f6ist\u00e4 purkauksistaan sosiaalisessa mediassa.<\/p>\n<p class=\"paragraph\">Riippumaton ven\u00e4l\u00e4ismedia Vertska <a href=\"https:\/\/www.iltalehti.fi\/ulkomaat\/e1f3f086-6bad-418d-8ad5-a606516d00b0\" rel=\"nofollow noopener\" target=\"_blank\">selvitti jo pari vuotta sitten<\/a>, ett\u00e4 Medvedev laittaa n\u00e4pp\u00e4imist\u00f6ns\u00e4 laulamaan yleens\u00e4 alkoholin vaikutuksen alaisena.<\/p>\n","protected":false},"excerpt":{"rendered":"Ven\u00e4j\u00e4n entisen presidentin mukaan Nato-maiden ei pid\u00e4 menn\u00e4 torjumaan ven\u00e4l\u00e4isdrooneja Ukrainan ilmatilaan. Dmitri Medvedev uhkailee j\u00e4lleen Eurooppaa. AOP&hellip;\n","protected":false},"author":2,"featured_media":35417,"comment_status":"","ping_status":"","sticky":false,"template":"","format":"standard","meta":{"footnotes":""},"categories":[5],"tags":[35,22,23,26,27,33,31,30,17,70,5679,24,25,28,29,15,18,21,142,637,32,19,20,4385,16],"class_list":{"0":"post-35416","1":"post","2":"type-post","3":"status-publish","4":"format-standard","5":"has-post-thumbnail","7":"category-otsikot","8":"tag-24h","9":"tag-breaking-news","10":"tag-breakingnews","11":"tag-featured-news","12":"tag-featurednews","13":"tag-fi","14":"tag-finland","15":"tag-finnish","16":"tag-headlines","17":"tag-kansainvalinen-politiikka","18":"tag-kansainvaliset-organisaatiot-ja-sopimukset","19":"tag-latest-news","20":"tag-latestnews","21":"tag-main-news","22":"tag-mainnews","23":"tag-news","24":"tag-otsikot","25":"tag-paauutiset","26":"tag-poliitikot","27":"tag-politiikka","28":"tag-suomi","29":"tag-top-stories","30":"tag-topstories","31":"tag-ulkopolitiikka-ja-kansainvalinen-politiikka","32":"tag-uutiset"},"share_on_mastodon":{"url":"","error":""},"_links":{"self":[{"href":"https:\/\/www.europesays.com\/fi\/wp-json\/wp\/v2\/posts\/35416","targetHints":{"allow":["GET"]}}],"collection":[{"href":"https:\/\/www.europesays.com\/fi\/wp-json\/wp\/v2\/posts"}],"about":[{"href":"https:\/\/www.europesays.com\/fi\/wp-json\/wp\/v2\/types\/post"}],"author":[{"embeddable":true,"href":"https:\/\/www.europesays.com\/fi\/wp-json\/wp\/v2\/users\/2"}],"replies":[{"embeddable":true,"href":"https:\/\/www.europesays.com\/fi\/wp-json\/wp\/v2\/comments?post=35416"}],"version-history":[{"count":0,"href":"https:\/\/www.europesays.com\/fi\/wp-json\/wp\/v2\/posts\/35416\/revisions"}],"wp:featuredmedia":[{"embeddable":true,"href":"https:\/\/www.europesays.com\/fi\/wp-json\/wp\/v2\/media\/35417"}],"wp:attachment":[{"href":"https:\/\/www.europesays.com\/fi\/wp-json\/wp\/v2\/media?parent=35416"}],"wp:term":[{"taxonomy":"category","embeddable":true,"href":"https:\/\/www.europesays.com\/fi\/wp-json\/wp\/v2\/categories?post=35416"},{"taxonomy":"post_tag","embeddable":true,"href":"https:\/\/www.europesays.com\/fi\/wp-json\/wp\/v2\/tags?post=35416"}],"curies":[{"name":"wp","href":"https:\/\/api.w.org\/{rel}","templated":true}]}}