{"id":35418,"date":"2025-09-15T08:53:09","date_gmt":"2025-09-15T08:53:09","guid":{"rendered":"https:\/\/www.europesays.com\/fi\/35418\/"},"modified":"2025-09-15T08:53:09","modified_gmt":"2025-09-15T08:53:09","slug":"nyt-puhuu-ensimmaisena-pudonnut-ttk-pari-heti-ensi-sunnuntaina-takaisin","status":"publish","type":"post","link":"https:\/\/www.europesays.com\/fi\/35418\/","title":{"rendered":"Nyt puhuu ensimm\u00e4isen\u00e4 pudonnut TTK-pari: Heti ensi sunnuntaina takaisin"},"content":{"rendered":"<p>Sara Siipola ja Jurijs \u201dJurza\u201d Trosenko putosivat ensimm\u00e4isen\u00e4 Tanssii t\u00e4htien kanssa -ohjelman 18. tuotantokaudelta.<\/p>\n<p><img decoding=\"async\" class=\"image image-show image-preview\" src=\"https:\/\/www.europesays.com\/fi\/wp-content\/uploads\/2025\/09\/119a4a8691a0b356dc2dbb9f4a95e1bae09595297a565b9c8e6202efdb8a1e6c.jpg\" alt=\"\"\/><img decoding=\"async\" class=\"image image-show\" src=\"https:\/\/www.europesays.com\/fi\/wp-content\/uploads\/2025\/09\/1757926389_117_119a4a8691a0b356dc2dbb9f4a95e1bae09595297a565b9c8e6202efdb8a1e6c.jpg\" alt=\"\"\/><\/p>\n<p>Sara Siipola joutui j\u00e4tt\u00e4m\u00e4\u00e4n ensimm\u00e4isen\u00e4 hyv\u00e4stit parketille. Atte Kajova<\/p>\n<p class=\"paragraph\">\u2013 Harmittaa totta kai todella paljon.<\/p>\n<p class=\"paragraph\">N\u00e4in <a href=\"https:\/\/www.iltalehti.fi\/henkilot\/Sara Siipola\" class=\"article-link-person-page\" rel=\"nofollow noopener\" target=\"_blank\">Sara Siipola<\/a> ja <strong>Jurijs \u201dJurza\u201d Trosenko<\/strong><strong> <\/strong>kuvailivat tunnelmiaan heti Tanssii t\u00e4htien kanssa -pudotuksen j\u00e4lkeen.<\/p>\n<p class=\"paragraph\">Siipola ja Trosenko putosivat kilpailusta ensimm\u00e4isen\u00e4. Vaikka matka j\u00e4ikin lyhyeksi, pari on tyytyv\u00e4inen kuluneiden viikkojen suorituksiin ja kokemuksiin.<\/p>\n<p class=\"paragraph\">\u2013 T\u00e4m\u00e4 on ollut ihan mielet\u00f6n ja super ikimuistoinen [matka]. Olen onnellinen, ett\u00e4 Jurtza on ollut opettajani, meill\u00e4 on ollut mielet\u00f6n porukka t\u00e4\u00e4ll\u00e4 ja aion tulla t\u00e4nne jo ensi l\u00e4hetykseen tsemppaamaan muita, Siipola sanoo.<\/p>\n<p class=\"paragraph\">Pari ei osaa toistaiseksi sanoa, miksi juuri he putosivat kilpailusta ensimm\u00e4isen\u00e4. He olivat pisteiss\u00e4 kahden ensimm\u00e4isen viikon aikana jaetulla toiseksi viimeisell\u00e4 sijalla.<\/p>\n<p class=\"paragraph\">\u2013 Me olemme todella tyytyv\u00e4isi\u00e4 molempiin tansseihimme ja eik\u00e4 sit\u00e4 oikein osaa sanoa, miksi n\u00e4in k\u00e4vi, Trosenko tiivist\u00e4\u00e4.<\/p>\n<p>Pudotuksessa Siipolan kanssa oli hyvinvointil\u00e4\u00e4k\u00e4ri Pippa Laukka. Atte Kajova<\/p>\n<p class=\"paragraph\">Siipola on kiitollinen siit\u00e4, miten hyvin t\u00e4ll\u00e4 kaudella uutena t\u00e4htiopettajana n\u00e4hty Trosenko on ottanut h\u00e4net vastaan. Siipola kuvailee Trosenkoa ymm\u00e4rt\u00e4v\u00e4iseksi opettajaksi.<\/p>\n<p class=\"paragraph\">Trosenko on my\u00f6s oppinut hyvin Siipolan luonteen laadun.<\/p>\n<p class=\"paragraph\">\u2013 H\u00e4n on aktiivinen ja innostuu nopeasti uusista jutuista, mutta yht\u00e4 nopeasti v\u00e4lill\u00e4 my\u00f6s v\u00e4syy. Sitten olemme vaihtaneet teemaa ja tehneet muita juttuja, Trosenko naurahtaa.<\/p>\n<p class=\"paragraph\">Pudotuksen my\u00f6t\u00e4 sek\u00e4 Siipolalla ett\u00e4 Trosenkolla vapautuu tilaa kalenteriin. Molemmilla heill\u00e4 on kuitenkin syksyll\u00e4 ja alkutalvelle suunnitelmia luvassa.<\/p>\n<p class=\"paragraph\">\u2013 Olin varautunut siihen, ett\u00e4 jos n\u00e4in k\u00e4y, niin p\u00e4\u00e4see takaisin hommiin. Menen studiolle tekem\u00e4\u00e4n musaa, muutamia keikkojakin on viel\u00e4 ja ehk\u00e4 voisin pit\u00e4\u00e4 jotain lomaa, koska en tied\u00e4, koska olisin pit\u00e4nyt. Ehk\u00e4 t\u00e4m\u00e4 on nyt sellainen hetki, ett\u00e4 nyt likka lomalle! Siipola paljastaa.<\/p>\n<p class=\"paragraph\">\u2013 Jatkan opetuksia p\u00e4ivitt\u00e4in niin kuin olen t\u00e4h\u00e4nkin asti tehnyt, ett\u00e4 nyt on vaan v\u00e4h\u00e4n enemm\u00e4n aikaa olla my\u00f6s kotona vaimon kanssa. Opetuksia ja rentoutumista kotona, Trosenko p\u00e4\u00e4tt\u00e4\u00e4.<\/p>\n<p class=\"paragraph\">Tanssii t\u00e4htien kanssa -ohjelma sunnuntaisin MTV3-kanavalla ja MTV Katsomossa. <a href=\"https:\/\/www.iltalehti.fi\/telkku\/\" rel=\"nofollow noopener\" target=\"_blank\">Katso kaikki ohjelmatiedot ja l\u00e4hetysajat Telkusta.<\/a><\/p>\n","protected":false},"excerpt":{"rendered":"Sara Siipola ja Jurijs \u201dJurza\u201d Trosenko putosivat ensimm\u00e4isen\u00e4 Tanssii t\u00e4htien kanssa -ohjelman 18. tuotantokaudelta. Sara Siipola joutui j\u00e4tt\u00e4m\u00e4\u00e4n&hellip;\n","protected":false},"author":2,"featured_media":35419,"comment_status":"","ping_status":"","sticky":false,"template":"","format":"standard","meta":{"footnotes":""},"categories":[136],"tags":[35,407,137,33,31,30,408,979,1999,32,2140,140,139,109],"class_list":{"0":"post-35418","1":"post","2":"type-post","3":"status-publish","4":"format-standard","5":"has-post-thumbnail","7":"category-julkkikset","8":"tag-24h","9":"tag-celebrities","10":"tag-entertainment","11":"tag-fi","12":"tag-finland","13":"tag-finnish","14":"tag-julkkikset","15":"tag-sahkoinen-media","16":"tag-suomalaiset-tv-ohjelmat","17":"tag-suomi","18":"tag-tosi-tv-ohjelmat","19":"tag-tv-ja-elokuvat","20":"tag-tv-ohjelmat","21":"tag-viihde"},"share_on_mastodon":{"url":"","error":""},"_links":{"self":[{"href":"https:\/\/www.europesays.com\/fi\/wp-json\/wp\/v2\/posts\/35418","targetHints":{"allow":["GET"]}}],"collection":[{"href":"https:\/\/www.europesays.com\/fi\/wp-json\/wp\/v2\/posts"}],"about":[{"href":"https:\/\/www.europesays.com\/fi\/wp-json\/wp\/v2\/types\/post"}],"author":[{"embeddable":true,"href":"https:\/\/www.europesays.com\/fi\/wp-json\/wp\/v2\/users\/2"}],"replies":[{"embeddable":true,"href":"https:\/\/www.europesays.com\/fi\/wp-json\/wp\/v2\/comments?post=35418"}],"version-history":[{"count":0,"href":"https:\/\/www.europesays.com\/fi\/wp-json\/wp\/v2\/posts\/35418\/revisions"}],"wp:featuredmedia":[{"embeddable":true,"href":"https:\/\/www.europesays.com\/fi\/wp-json\/wp\/v2\/media\/35419"}],"wp:attachment":[{"href":"https:\/\/www.europesays.com\/fi\/wp-json\/wp\/v2\/media?parent=35418"}],"wp:term":[{"taxonomy":"category","embeddable":true,"href":"https:\/\/www.europesays.com\/fi\/wp-json\/wp\/v2\/categories?post=35418"},{"taxonomy":"post_tag","embeddable":true,"href":"https:\/\/www.europesays.com\/fi\/wp-json\/wp\/v2\/tags?post=35418"}],"curies":[{"name":"wp","href":"https:\/\/api.w.org\/{rel}","templated":true}]}}