{"id":35438,"date":"2025-09-15T09:19:09","date_gmt":"2025-09-15T09:19:09","guid":{"rendered":"https:\/\/www.europesays.com\/fi\/35438\/"},"modified":"2025-09-15T09:19:09","modified_gmt":"2025-09-15T09:19:09","slug":"miesparia-ei-nahty-ttk-parketilla-nain-mikko-silvennoinen-kommentoi","status":"publish","type":"post","link":"https:\/\/www.europesays.com\/fi\/35438\/","title":{"rendered":"Miesparia ei n\u00e4hty TTK-parketilla \u2013 N\u00e4in Mikko Silvennoinen kommentoi"},"content":{"rendered":"<p>Mikko Silvennoisen t\u00e4htiopettaja Matti Puro oli sunnuntaina sairaana.<\/p>\n<p class=\"paragraph\"><a href=\"https:\/\/www.iltalehti.fi\/henkilot\/Mikko Silvennoinen\" class=\"article-link-person-page\" rel=\"nofollow noopener\" target=\"_blank\">Mikko Silvennoinen<\/a> joutui sunnuntain Tanssii t\u00e4htien kanssa -l\u00e4hetyksess\u00e4 todelliseen tulikasteen alle, kun h\u00e4nen t\u00e4htiopettajansa <a href=\"https:\/\/www.iltalehti.fi\/henkilot\/Matti Puro\" class=\"article-link-person-page\" rel=\"nofollow noopener\" target=\"_blank\">Matti Puro<\/a> joutui vet\u00e4ytym\u00e4\u00e4n illan l\u00e4hetyksest\u00e4. Puroa paikkasi <strong>Katri Riihilahti<\/strong>.<\/p>\n<p class=\"paragraph\">\u2013 Matti oli sairas jo perjantaina, ja silloin Katri tuli treenauttamaan minua. Sovittiin jo silloin, ett\u00e4 lauantaina jatketaan. Alun perin meid\u00e4n piti Matinkin kanssa harjoitella lauantaina, koska en ollut valmis, joten ylim\u00e4\u00e4r\u00e4isi\u00e4 treenej\u00e4 oltiin jo sovittu, Silvennoinen kertaa.<\/p>\n<p class=\"paragraph\">\u2013 Treenin aikana tuli viel\u00e4 tieto, ett\u00e4 nyt tilanne on t\u00e4m\u00e4, Silvennoinen jatkaa.<\/p>\n<p><img decoding=\"async\" class=\"image image-show image-preview\" src=\"https:\/\/www.europesays.com\/fi\/wp-content\/uploads\/2025\/09\/ca43576ff67de8c9e551f7368cb8580bd3c372a429d7baa8252d295d6b8c9277.jpg\" alt=\"\"\/><img decoding=\"async\" class=\"image image-show\" src=\"https:\/\/www.europesays.com\/fi\/wp-content\/uploads\/2025\/09\/1757927949_180_ca43576ff67de8c9e551f7368cb8580bd3c372a429d7baa8252d295d6b8c9277.jpg\" alt=\"\"\/><\/p>\n<p>Mikko Silvennoinen n\u00e4htiin TTK-parketilla Katri Riihilahden kanssa. Atte Kajova<\/p>\n<p class=\"paragraph\">Riihilahden mukaan he treenasivat Silvennoisen kanssa lauantaina nelj\u00e4st\u00e4 viiteen tuntia.<\/p>\n<p class=\"paragraph\">\u2013 Se oli meid\u00e4n avain, teimme ihan sairaan m\u00e4\u00e4r\u00e4n toistoja!<\/p>\n<p class=\"paragraph\">Silvennoinen sanoi jo suorassa l\u00e4hetyksess\u00e4, ettei sunnuntain tanssi mennyt t\u00e4ysin nappiin. H\u00e4n kertoo seonneensa rytmist\u00e4 yleis\u00f6n villin taputuksen takia<\/p>\n<p class=\"paragraph\">\u2013 Min\u00e4 ihan h\u00e4kellyin, ett\u00e4 taputtavatko he minulle? Tapahtuuko t\u00e4\u00e4ll\u00e4 salissa jotain muuta? Silvennoinen muistelee tuntemuksiaan tanssin aikana.<\/p>\n<p class=\"paragraph\">\u2013 Sitten n\u00e4in Katrin silmist\u00e4 syv\u00e4n kauhun ja tajusin, ett\u00e4 nyt olen varmaan mokannut. En tied\u00e4, en halua katsoa sit\u00e4, Silvennoinen manaa.<\/p>\n<p class=\"paragraph\">Riihilahdella on kuitenkin Silvennoiselle hyvi\u00e4 uutisia.<\/p>\n<p class=\"paragraph\">\u2013 Se meni todella hienosti ja oli kivaa p\u00e4\u00e4st\u00e4 tanssimaan Mikon kanssa, Riihilahti summaa.<\/p>\n<p class=\"paragraph\">Mikko Silvennoinen ja Matti Purot ovat t\u00e4n\u00e4 vuonna historiallinen, Suomen TTK-historian ensimm\u00e4inen miespari. Riihilahti otti my\u00f6s t\u00e4lt\u00e4 osaa sunnuntaina Puron roolin.<\/p>\n<p class=\"paragraph\">\u2013 H\u00e4n oli TTK-historiaan ensimm\u00e4inen drag king ikin\u00e4! Silvennoinen hehkuttaa.<\/p>\n<p class=\"paragraph\">\u2013 Drag kingej\u00e4 ei ole kansainv\u00e4lisestik\u00e4\u00e4n n\u00e4hty TTK:ssa, mutta v\u00e4hint\u00e4\u00e4n Suomessa ensimm\u00e4inen, Silvennoinen jatkaa.<\/p>\n<p class=\"paragraph\">Tanssii t\u00e4htien kanssa -ohjelma sunnuntaisin MTV3-kanavalla ja MTV Katsomossa. <a href=\"https:\/\/www.iltalehti.fi\/telkku\/\" rel=\"nofollow noopener\" target=\"_blank\">Katso kaikki ohjelmatiedot ja l\u00e4hetysajat Telkusta.<\/a><\/p>\n","protected":false},"excerpt":{"rendered":"Mikko Silvennoisen t\u00e4htiopettaja Matti Puro oli sunnuntaina sairaana. Mikko Silvennoinen joutui sunnuntain Tanssii t\u00e4htien kanssa -l\u00e4hetyksess\u00e4 todelliseen tulikasteen&hellip;\n","protected":false},"author":2,"featured_media":35439,"comment_status":"","ping_status":"","sticky":false,"template":"","format":"standard","meta":{"footnotes":""},"categories":[136],"tags":[35,407,137,33,31,30,408,979,1999,32,2140,140,139,109],"class_list":{"0":"post-35438","1":"post","2":"type-post","3":"status-publish","4":"format-standard","5":"has-post-thumbnail","7":"category-julkkikset","8":"tag-24h","9":"tag-celebrities","10":"tag-entertainment","11":"tag-fi","12":"tag-finland","13":"tag-finnish","14":"tag-julkkikset","15":"tag-sahkoinen-media","16":"tag-suomalaiset-tv-ohjelmat","17":"tag-suomi","18":"tag-tosi-tv-ohjelmat","19":"tag-tv-ja-elokuvat","20":"tag-tv-ohjelmat","21":"tag-viihde"},"share_on_mastodon":{"url":"","error":""},"_links":{"self":[{"href":"https:\/\/www.europesays.com\/fi\/wp-json\/wp\/v2\/posts\/35438","targetHints":{"allow":["GET"]}}],"collection":[{"href":"https:\/\/www.europesays.com\/fi\/wp-json\/wp\/v2\/posts"}],"about":[{"href":"https:\/\/www.europesays.com\/fi\/wp-json\/wp\/v2\/types\/post"}],"author":[{"embeddable":true,"href":"https:\/\/www.europesays.com\/fi\/wp-json\/wp\/v2\/users\/2"}],"replies":[{"embeddable":true,"href":"https:\/\/www.europesays.com\/fi\/wp-json\/wp\/v2\/comments?post=35438"}],"version-history":[{"count":0,"href":"https:\/\/www.europesays.com\/fi\/wp-json\/wp\/v2\/posts\/35438\/revisions"}],"wp:featuredmedia":[{"embeddable":true,"href":"https:\/\/www.europesays.com\/fi\/wp-json\/wp\/v2\/media\/35439"}],"wp:attachment":[{"href":"https:\/\/www.europesays.com\/fi\/wp-json\/wp\/v2\/media?parent=35438"}],"wp:term":[{"taxonomy":"category","embeddable":true,"href":"https:\/\/www.europesays.com\/fi\/wp-json\/wp\/v2\/categories?post=35438"},{"taxonomy":"post_tag","embeddable":true,"href":"https:\/\/www.europesays.com\/fi\/wp-json\/wp\/v2\/tags?post=35438"}],"curies":[{"name":"wp","href":"https:\/\/api.w.org\/{rel}","templated":true}]}}