{"id":35447,"date":"2025-09-15T09:30:09","date_gmt":"2025-09-15T09:30:09","guid":{"rendered":"https:\/\/www.europesays.com\/fi\/35447\/"},"modified":"2025-09-15T09:30:09","modified_gmt":"2025-09-15T09:30:09","slug":"rekisteri-ilmoitusten-kasittelyssa-yha-ruuhkaa-suman-purkaminen-jatkuu-vuodenvaihteeseen","status":"publish","type":"post","link":"https:\/\/www.europesays.com\/fi\/35447\/","title":{"rendered":"Re\u00adkis\u00adte\u00adri-il\u00admoi\u00adtus\u00adten k\u00e4\u00adsit\u00adte\u00adlys\u00ads\u00e4 yh\u00e4 ruuh\u00adkaa \u2013 Suman purkaminen jatkuu vuodenvaihteeseen"},"content":{"rendered":"<p>Rekister\u00f6inti-ilmoitusten ruuhkat Patentti- ja rekisterihallituksessa (PRH) jatkuvat. PRH kertoo tiedotteessaan, ett\u00e4 suman purkamista jatketaan vuodenvaihteeseen asti.<\/p>\n<p>PRH:n mukaan k\u00e4sittelyaikojen pidentyminen johtuu kasvaneista ilmoitusm\u00e4\u00e4rist\u00e4. T\u00e4m\u00e4n vuoden tammi-kes\u00e4kuussa yritysten perustamisilmoituksia tuli PRH:lle yhdeks\u00e4n prosenttia edellisvuoden vastaavaa aikaa enemm\u00e4n.<\/p>\n<p>PRH mainitsee my\u00f6s henkil\u00f6st\u00f6n vaihtuvuuden vaikuttaneen ilmoitusten k\u00e4sittelyaikoihin.<\/p>\n<p>PRH kertoo nyt tiedotteessa priorisoineensa yritt\u00e4jille kiireellisimpien ilmoitustyyppien k\u00e4sittelyn.<\/p>\n<p>\u2013 Olemme onnistuneet pit\u00e4m\u00e4\u00e4n YTJ-palvelussa tehtyjen osakeyhti\u00f6iden ja toiminimiyritt\u00e4jien perustamisilmoitusten ja toimielinten muutosilmoitusten (esimerkiksi hallitusmuutokset) k\u00e4sittelyajat noin kahdessa viikossa. My\u00f6s sulautumisiin ja jakautumisiin liittyv\u00e4t t\u00e4yt\u00e4nt\u00f6\u00f6npanoilmoitukset k\u00e4sitell\u00e4\u00e4n nopeasti, PRH toteaa tiedotteessa.<\/p>\n<p>PRH p\u00e4ivitt\u00e4\u00e4 prh.fi-sivulle viikoittain tiedon siit\u00e4, min\u00e4 p\u00e4ivin\u00e4 saapuneita ilmoituksia kaupparekisteriss\u00e4 parhaillaan k\u00e4sitell\u00e4\u00e4n.<\/p>\n<p>\t\t\tS\u00e4hk\u00f6inen ilmoitus nopeuttaa\t\t<\/p>\n<p>S\u00e4hk\u00f6iset YTJ-palvelussa tehdyt ilmoitukset k\u00e4sitell\u00e4\u00e4n nopeammin kuin paperilomakkeella (Y-lomake) tehdyt ilmoitukset. PRH:n mukaan paperi-ilmoitusten k\u00e4sittelyaikaa pident\u00e4v\u00e4t merkitt\u00e4v\u00e4sti manuaaliset ty\u00f6vaiheet, jotka on automatisoitu s\u00e4hk\u00f6isess\u00e4 asioinnissa.<\/p>\n<p>PRH kehottaa muutenkin ottamaan YTJ-palvelun k\u00e4ytt\u00f6\u00f6n. Vuoden 2026 alusta alkaen kaikkien yritysten paitsi toiminimiyritt\u00e4jien sek\u00e4 kaupparekisteriin rekister\u00f6ityjen s\u00e4\u00e4ti\u00f6iden ja yhdistysten t\u00e4ytyy tehd\u00e4 ilmoitukset ja hakemukset kaupparekisteriin s\u00e4hk\u00f6isesti.<\/p>\n","protected":false},"excerpt":{"rendered":"Rekister\u00f6inti-ilmoitusten ruuhkat Patentti- ja rekisterihallituksessa (PRH) jatkuvat. PRH kertoo tiedotteessaan, ett\u00e4 suman purkamista jatketaan vuodenvaihteeseen asti. PRH:n mukaan&hellip;\n","protected":false},"author":2,"featured_media":35448,"comment_status":"","ping_status":"","sticky":false,"template":"","format":"standard","meta":{"footnotes":"","_share_on_mastodon":"0"},"categories":[76],"tags":[79,77,33,31,30,4393,32,78],"class_list":["post-35447","post","type-post","status-publish","format-standard","has-post-thumbnail","category-talous","tag-business","tag-economy","tag-fi","tag-finland","tag-finnish","tag-prh","tag-suomi","tag-talous"],"share_on_mastodon":{"url":"","error":""},"_links":{"self":[{"href":"https:\/\/www.europesays.com\/fi\/wp-json\/wp\/v2\/posts\/35447","targetHints":{"allow":["GET"]}}],"collection":[{"href":"https:\/\/www.europesays.com\/fi\/wp-json\/wp\/v2\/posts"}],"about":[{"href":"https:\/\/www.europesays.com\/fi\/wp-json\/wp\/v2\/types\/post"}],"author":[{"embeddable":true,"href":"https:\/\/www.europesays.com\/fi\/wp-json\/wp\/v2\/users\/2"}],"replies":[{"embeddable":true,"href":"https:\/\/www.europesays.com\/fi\/wp-json\/wp\/v2\/comments?post=35447"}],"version-history":[{"count":0,"href":"https:\/\/www.europesays.com\/fi\/wp-json\/wp\/v2\/posts\/35447\/revisions"}],"wp:featuredmedia":[{"embeddable":true,"href":"https:\/\/www.europesays.com\/fi\/wp-json\/wp\/v2\/media\/35448"}],"wp:attachment":[{"href":"https:\/\/www.europesays.com\/fi\/wp-json\/wp\/v2\/media?parent=35447"}],"wp:term":[{"taxonomy":"category","embeddable":true,"href":"https:\/\/www.europesays.com\/fi\/wp-json\/wp\/v2\/categories?post=35447"},{"taxonomy":"post_tag","embeddable":true,"href":"https:\/\/www.europesays.com\/fi\/wp-json\/wp\/v2\/tags?post=35447"}],"curies":[{"name":"wp","href":"https:\/\/api.w.org\/{rel}","templated":true}]}}