{"id":35630,"date":"2025-09-15T13:15:07","date_gmt":"2025-09-15T13:15:07","guid":{"rendered":"https:\/\/www.europesays.com\/fi\/35630\/"},"modified":"2025-09-15T13:15:07","modified_gmt":"2025-09-15T13:15:07","slug":"runebergin-patsas-sai-uuden-asusteen-on-hanella-joskus-ollut-huivikin-paikalliset","status":"publish","type":"post","link":"https:\/\/www.europesays.com\/fi\/35630\/","title":{"rendered":"Runebergin patsas sai uuden asusteen: &#8221;On h\u00e4nell\u00e4 joskus ollut huivikin&#8221; | Paikalliset"},"content":{"rendered":"<p>Asuste her\u00e4tt\u00e4\u00e4 keskustelua siit\u00e4, mit\u00e4 sill\u00e4 halutaan mahdollisesti viesti\u00e4.<\/p>\n<p>Porvoolaiset sunnuntaik\u00e4velij\u00e4t kiinnittiv\u00e4t huomionsa poikkeukselliseen yksityiskohtaan kaupungin keskustassa. Runebergin patsas oli saanut ylleen mustan solmion. Pian asiaa ihmeteltiin joukolla Facebookissa: mik\u00e4 musta kravatin viesti on?<\/p>\n","protected":false},"excerpt":{"rendered":"Asuste her\u00e4tt\u00e4\u00e4 keskustelua siit\u00e4, mit\u00e4 sill\u00e4 halutaan mahdollisesti viesti\u00e4. Porvoolaiset sunnuntaik\u00e4velij\u00e4t kiinnittiv\u00e4t huomionsa poikkeukselliseen yksityiskohtaan kaupungin keskustassa. Runebergin&hellip;\n","protected":false},"author":2,"featured_media":35631,"comment_status":"","ping_status":"","sticky":false,"template":"","format":"standard","meta":{"footnotes":""},"categories":[135],"tags":[389,387,388,390,137,1752,33,31,30,3674,763,9117,637,620,103,32,394,397,393,391,392,109],"class_list":{"0":"post-35630","1":"post","2":"type-post","3":"status-publish","4":"format-standard","5":"has-post-thumbnail","7":"category-taiteet-ja-suunnittelu","8":"tag-arts","9":"tag-arts-and-design","10":"tag-artsanddesign","11":"tag-design","12":"tag-entertainment","13":"tag-facebook","14":"tag-fi","15":"tag-finland","16":"tag-finnish","17":"tag-juhla-ja-vapaapaivat","18":"tag-kulttuuri-ja-viihde","19":"tag-laitteistovalmistajat-tietokonelaitteisto","20":"tag-politiikka","21":"tag-porvoo","22":"tag-sosiaalikysymykset","23":"tag-suomi","24":"tag-suunnittelu","25":"tag-taide","26":"tag-taiteet","27":"tag-taiteet-ja-suunnittelu","28":"tag-taiteetsuunnittelu","29":"tag-viihde"},"share_on_mastodon":{"url":"","error":""},"_links":{"self":[{"href":"https:\/\/www.europesays.com\/fi\/wp-json\/wp\/v2\/posts\/35630","targetHints":{"allow":["GET"]}}],"collection":[{"href":"https:\/\/www.europesays.com\/fi\/wp-json\/wp\/v2\/posts"}],"about":[{"href":"https:\/\/www.europesays.com\/fi\/wp-json\/wp\/v2\/types\/post"}],"author":[{"embeddable":true,"href":"https:\/\/www.europesays.com\/fi\/wp-json\/wp\/v2\/users\/2"}],"replies":[{"embeddable":true,"href":"https:\/\/www.europesays.com\/fi\/wp-json\/wp\/v2\/comments?post=35630"}],"version-history":[{"count":0,"href":"https:\/\/www.europesays.com\/fi\/wp-json\/wp\/v2\/posts\/35630\/revisions"}],"wp:featuredmedia":[{"embeddable":true,"href":"https:\/\/www.europesays.com\/fi\/wp-json\/wp\/v2\/media\/35631"}],"wp:attachment":[{"href":"https:\/\/www.europesays.com\/fi\/wp-json\/wp\/v2\/media?parent=35630"}],"wp:term":[{"taxonomy":"category","embeddable":true,"href":"https:\/\/www.europesays.com\/fi\/wp-json\/wp\/v2\/categories?post=35630"},{"taxonomy":"post_tag","embeddable":true,"href":"https:\/\/www.europesays.com\/fi\/wp-json\/wp\/v2\/tags?post=35630"}],"curies":[{"name":"wp","href":"https:\/\/api.w.org\/{rel}","templated":true}]}}