{"id":35632,"date":"2025-09-15T13:17:11","date_gmt":"2025-09-15T13:17:11","guid":{"rendered":"https:\/\/www.europesays.com\/fi\/35632\/"},"modified":"2025-09-15T13:17:11","modified_gmt":"2025-09-15T13:17:11","slug":"jukka-haapalaiselta-harvinainen-kannanotto-suorassa-lahetyksessa","status":"publish","type":"post","link":"https:\/\/www.europesays.com\/fi\/35632\/","title":{"rendered":"Jukka Haapalaiselta harvinainen kannanotto suorassa l\u00e4hetyksess\u00e4"},"content":{"rendered":"<p><strong class=\"typography-bold\">Jukka Haapalainen kertoi, ett\u00e4 on surullisena huomannut t\u00e4htioppilaiden saaneen osakseen tylyj\u00e4kin kommentteja julkisuudessa.<\/strong><\/p>\n<p>T\u00e4n\u00e4 sunnuntaina <a class=\"underline\" data-testid=\"internal-link\" role=\"link\" data-sentry-element=\"Link\" data-sentry-component=\"InternalLink\" data-sentry-source-file=\"InternalLink.tsx\" href=\"https:\/\/www.mtvuutiset.fi\/aihe\/tanssii-tahtien-kanssa\/2839810\" rel=\"nofollow noopener\" target=\"_blank\">Tanssii T\u00e4htien Kanssa<\/a> -t\u00e4htioppilaat avaavat syd\u00e4mens\u00e4 ja kertovat oman t\u00e4rke\u00e4n tarinansa Oma tarina -jakson merkeiss\u00e4. Illan p\u00e4\u00e4tteeksi ensimm\u00e4inen t\u00e4htipari joutuu j\u00e4tt\u00e4m\u00e4\u00e4n kilpailun.<\/p>\n<p>Kauden toisen suoran l\u00e4hetyksen alussa tuomari <a class=\"underline\" data-testid=\"internal-link\" role=\"link\" data-sentry-element=\"Link\" data-sentry-component=\"InternalLink\" data-sentry-source-file=\"InternalLink.tsx\" href=\"https:\/\/www.mtvuutiset.fi\/aihe\/jukka-haapalainen\/7593898\" rel=\"nofollow noopener\" target=\"_blank\"><strong class=\"typography-bold\">Jukka Haapalainen<\/strong><\/a> kertoi, miten 18. Tanssii T\u00e4htien Kanssa -kausi on h\u00e4nen n\u00e4k\u00f6vinkkelist\u00e4\u00e4n katsottuna l\u00e4htenyt k\u00e4yntiin.<\/p>\n<p>\u2013 Kausi l\u00e4hti loistavasti k\u00e4yntiin ja joka vuosi ihailen n\u00e4it\u00e4 rohkeita heitt\u00e4ytyji\u00e4, oppilaita, jotka l\u00e4htev\u00e4t t\u00e4h\u00e4n ohjelmaan mukaan. Viime viikollakin saimme nauttia todella hienoista esityksist\u00e4 jo heti ensimm\u00e4isess\u00e4 jaksossa, ja t\u00e4st\u00e4 on tulossa ehk\u00e4 se kaikkien aikojen kausi, Haapalainen ylisti.<\/p>\n<p>Samalla Haapalainen otti kantaa my\u00f6s vakavampaan aiheeseen.\u00a0<\/p>\n<p>\u2013\u00a0Samaan aikaan olen kuitenkin surullisena huomannut, ett\u00e4 oppilaat ovat saaneet osakseen aika tyly\u00e4kin kommentteja julkisuudessa. Vihapuhe on ylip\u00e4\u00e4t\u00e4\u00e4n yleisesti lis\u00e4\u00e4ntynyt t\u00e4ss\u00e4 maailmassa ja ajassa, jossa elet\u00e4\u00e4n ja toivoisinkin, ett\u00e4 varsinkaan n\u00e4in ihanan ja positiivisen ohjelman tiimoilla sit\u00e4 ei olisi, vaan ihmiset voisivat olla positiivia, rakkaudellisia ja yst\u00e4v\u00e4llisi\u00e4 toisilleen, h\u00e4n sanoi.<\/p>\n<p>Studioyleis\u00f6 puhkesi Haapalaisen lausunnon j\u00e4lkeen raikuviin aplodeihin.<\/p>\n<p>Tanssii T\u00e4htien Kanssa <a class=\"underline\" data-testid=\"external-link\" href=\"https:\/\/www.mtv.fi\/ohjelma\/5d872b916e7968c4206a\/tanssii-tahtien-kanssa\" rel=\"noopener noreferrer nofollow\" target=\"_blank\" data-sentry-component=\"ExternalLink\" data-sentry-source-file=\"ExternalLink.tsx\">MTV Katsomossa<\/a> ja MTV3-kanavalla sunnuntaisin klo 19.30.<\/p>\n","protected":false},"excerpt":{"rendered":"Jukka Haapalainen kertoi, ett\u00e4 on surullisena huomannut t\u00e4htioppilaiden saaneen osakseen tylyj\u00e4kin kommentteja julkisuudessa. T\u00e4n\u00e4 sunnuntaina Tanssii T\u00e4htien Kanssa&hellip;\n","protected":false},"author":2,"featured_media":35633,"comment_status":"","ping_status":"","sticky":false,"template":"","format":"standard","meta":{"footnotes":""},"categories":[133],"tags":[137,33,31,30,32,206,156,109],"class_list":{"0":"post-35632","1":"post","2":"type-post","3":"status-publish","4":"format-standard","5":"has-post-thumbnail","7":"category-televisiot","8":"tag-entertainment","9":"tag-fi","10":"tag-finland","11":"tag-finnish","12":"tag-suomi","13":"tag-televisiot","14":"tag-tv","15":"tag-viihde"},"share_on_mastodon":{"url":"","error":""},"_links":{"self":[{"href":"https:\/\/www.europesays.com\/fi\/wp-json\/wp\/v2\/posts\/35632","targetHints":{"allow":["GET"]}}],"collection":[{"href":"https:\/\/www.europesays.com\/fi\/wp-json\/wp\/v2\/posts"}],"about":[{"href":"https:\/\/www.europesays.com\/fi\/wp-json\/wp\/v2\/types\/post"}],"author":[{"embeddable":true,"href":"https:\/\/www.europesays.com\/fi\/wp-json\/wp\/v2\/users\/2"}],"replies":[{"embeddable":true,"href":"https:\/\/www.europesays.com\/fi\/wp-json\/wp\/v2\/comments?post=35632"}],"version-history":[{"count":0,"href":"https:\/\/www.europesays.com\/fi\/wp-json\/wp\/v2\/posts\/35632\/revisions"}],"wp:featuredmedia":[{"embeddable":true,"href":"https:\/\/www.europesays.com\/fi\/wp-json\/wp\/v2\/media\/35633"}],"wp:attachment":[{"href":"https:\/\/www.europesays.com\/fi\/wp-json\/wp\/v2\/media?parent=35632"}],"wp:term":[{"taxonomy":"category","embeddable":true,"href":"https:\/\/www.europesays.com\/fi\/wp-json\/wp\/v2\/categories?post=35632"},{"taxonomy":"post_tag","embeddable":true,"href":"https:\/\/www.europesays.com\/fi\/wp-json\/wp\/v2\/tags?post=35632"}],"curies":[{"name":"wp","href":"https:\/\/api.w.org\/{rel}","templated":true}]}}