{"id":35727,"date":"2025-09-15T15:26:10","date_gmt":"2025-09-15T15:26:10","guid":{"rendered":"https:\/\/www.europesays.com\/fi\/35727\/"},"modified":"2025-09-15T15:26:10","modified_gmt":"2025-09-15T15:26:10","slug":"hiersi-ja-satutti-hirvean-paljon","status":"publish","type":"post","link":"https:\/\/www.europesays.com\/fi\/35727\/","title":{"rendered":"\u201dHiersi ja satutti hirve\u00e4n paljon\u201d"},"content":{"rendered":"<p>Roope Salminen teki viime vuonna terapiassa havainnon is\u00e4suhteestaan.<\/p>\n<p><img decoding=\"async\" class=\"image image-show image-preview\" src=\"https:\/\/www.europesays.com\/fi\/wp-content\/uploads\/2025\/09\/6887f81fcbfabaf4444064318474809b02b35a7355cf3f842d1c485b8daf8e3d.jpg\" alt=\"\"\/><img decoding=\"async\" class=\"image image-show\" src=\"https:\/\/www.europesays.com\/fi\/wp-content\/uploads\/2025\/09\/1757050568_886_6887f81fcbfabaf4444064318474809b02b35a7355cf3f842d1c485b8daf8e3d.jpg\" alt=\"\"\/><\/p>\n<p>Roope Salminen avautuu podcastissa is\u00e4suhteestaan. Pete Anikari<\/p>\n<p class=\"paragraph\">Juontaja ja artisti <a href=\"https:\/\/www.iltalehti.fi\/henkilot\/Roope Salminen\" class=\"article-link-person-page\" rel=\"nofollow noopener\" target=\"_blank\">Roope Salminen<\/a> kertoo <a href=\"https:\/\/podme.com\/fi\/jakso\/8954791\/\" rel=\"noopener nofollow\" target=\"_blank\">Aikalis\u00e4-podcastissa<\/a> havainneensa viime vuonna terapiassa, ett\u00e4 h\u00e4nen is\u00e4suhteessaan on haava.<\/p>\n<p class=\"paragraph\">\u2013 Minusta tuntui, ettei minun is\u00e4ni ole ylpe\u00e4 minusta sellaisella tavalla kuin sen pit\u00e4isi olla, Salminen avaa.<\/p>\n<p class=\"paragraph\">Salminen sanoo, ett\u00e4 haluaisi is\u00e4ns\u00e4 <a href=\"https:\/\/www.iltalehti.fi\/henkilot\/Eppu Salminen\" class=\"article-link-person-page\" rel=\"nofollow noopener\" target=\"_blank\">Eppu Salmisen<\/a> kehuvan h\u00e4nt\u00e4 asioissa, jotka ovat menneet hyvin. H\u00e4n kertoo n\u00e4hneens\u00e4 is\u00e4\u00e4ns\u00e4 viime vuosina v\u00e4hemm\u00e4n, koska Salmisen is\u00e4ll\u00e4 on itsell\u00e4\u00e4n kuusi pient\u00e4 lasta.<\/p>\n<p class=\"paragraph\">Salminen kertoo soittaneensa havaintonsa tiimoilta is\u00e4lleen puolentoista tunnin puhelun.<\/p>\n<p class=\"paragraph\">\u2013 Sanoin, ett\u00e4 minulle olisi tosi t\u00e4rke\u00e4\u00e4, ett\u00e4 kuuntelisit nyt. Ja et s\u00e4\u00e4t\u00e4isi muuta samaan aikaan, vaan juttelisit vain minun kanssani.<\/p>\n<p class=\"paragraph\">Salmista alkaa itkett\u00e4\u00e4 tarinaa kertoessaan.<\/p>\n<p class=\"paragraph\">\u2013 (Sanoin ett\u00e4) minulle olisi tosi t\u00e4rke\u00e4\u00e4, ett\u00e4 kuulisit miten hyv\u00e4 is\u00e4 olen. Kun kerron n\u00e4it\u00e4 juttuja, ett\u00e4 miten olen poikani kanssa ollut, kerron niit\u00e4 siksi, ett\u00e4 sanoisit, ett\u00e4 \u201dvitsi, s\u00e4 kuulostat silt\u00e4, ett\u00e4 teill\u00e4 on hirve\u00e4n hyv\u00e4 suhde ja olet hyv\u00e4 faija\u201d, Salminen kuvaa puhelua.<\/p>\n<p class=\"paragraph\">Salminen sanoo, ett\u00e4 h\u00e4nen paras ominaisuutensa on se, miten hyv\u00e4 is\u00e4 h\u00e4n on.<\/p>\n<p class=\"paragraph\">\u2013 Is\u00e4suhteeni on intiimein ihmissuhteeni. Se, ettei se tullut n\u00e4hdyksi ja rakastetuksi, enk\u00e4 tullut siksi rakastetuksi, se hiersi ja satutti hirve\u00e4n paljon.<\/p>\n<p class=\"paragraph\">Vasta kun Salminen pys\u00e4htyi asian \u00e4\u00e4relle, h\u00e4n kehtasi sanoa tarpeensa \u00e4\u00e4neen.<\/p>\n<p class=\"paragraph\">\u2013 Se otettiin hyvin vastaan ja kaikki meni loppujen lopuksi hyvin, Salminen p\u00e4\u00e4tt\u00e4\u00e4.<\/p>\n<p class=\"paragraph\">Hiljattain Salminen kertoi kihlautuneensa rakkaansa <strong>Vivian Nickin<\/strong> kanssa. Pariskunta juhlii h\u00e4it\u00e4\u00e4n kes\u00e4ll\u00e4 2026.<\/p>\n<p class=\"paragraph\">Salminen <a href=\"https:\/\/www.iltalehti.fi\/musiikki\/93aa4f51-20e4-47e2-8c06-f9b2eaee8a3d\" rel=\"nofollow noopener\" target=\"_blank\">kertoi<\/a> Iltalehdelle yll\u00e4ttyneens\u00e4 is\u00e4ns\u00e4 reaktiosta h\u00e4\u00e4uutisesta.<\/p>\n<p class=\"paragraph\">\u2013 On el\u00e4m\u00e4ss\u00e4ni k\u00e4ynyt iloisia tai surullisia asioita, faija on ollut aina peruskallio, joka on suhtautunut asioihin rauhallisesti ja h\u00e4nen luokseen on aina voinut palata.<\/p>\n<p class=\"paragraph\">\u2013 Yll\u00e4tyin todella paljon siit\u00e4, ett\u00e4 h\u00e4n alkoi itke\u00e4, kun kuuli meid\u00e4n naimisiin menosta, Salminen kertoi.<\/p>\n<p>Roope Salminen kertoo tulevista h\u00e4ist\u00e4\u00e4n. Pete Anikari<\/p>\n","protected":false},"excerpt":{"rendered":"Roope Salminen teki viime vuonna terapiassa havainnon is\u00e4suhteestaan. Roope Salminen avautuu podcastissa is\u00e4suhteestaan. Pete Anikari Juontaja ja artisti&hellip;\n","protected":false},"author":2,"featured_media":26118,"comment_status":"","ping_status":"","sticky":false,"template":"","format":"standard","meta":{"footnotes":""},"categories":[136],"tags":[35,138,407,137,33,31,30,408,99,47,98,32,139,109],"class_list":{"0":"post-35727","1":"post","2":"type-post","3":"status-publish","4":"format-standard","5":"has-post-thumbnail","7":"category-julkkikset","8":"tag-24h","9":"tag-audio","10":"tag-celebrities","11":"tag-entertainment","12":"tag-fi","13":"tag-finland","14":"tag-finnish","15":"tag-julkkikset","16":"tag-lapset","17":"tag-musiikki","18":"tag-perhe","19":"tag-suomi","20":"tag-tv-ohjelmat","21":"tag-viihde"},"share_on_mastodon":{"url":"","error":""},"_links":{"self":[{"href":"https:\/\/www.europesays.com\/fi\/wp-json\/wp\/v2\/posts\/35727","targetHints":{"allow":["GET"]}}],"collection":[{"href":"https:\/\/www.europesays.com\/fi\/wp-json\/wp\/v2\/posts"}],"about":[{"href":"https:\/\/www.europesays.com\/fi\/wp-json\/wp\/v2\/types\/post"}],"author":[{"embeddable":true,"href":"https:\/\/www.europesays.com\/fi\/wp-json\/wp\/v2\/users\/2"}],"replies":[{"embeddable":true,"href":"https:\/\/www.europesays.com\/fi\/wp-json\/wp\/v2\/comments?post=35727"}],"version-history":[{"count":0,"href":"https:\/\/www.europesays.com\/fi\/wp-json\/wp\/v2\/posts\/35727\/revisions"}],"wp:featuredmedia":[{"embeddable":true,"href":"https:\/\/www.europesays.com\/fi\/wp-json\/wp\/v2\/media\/26118"}],"wp:attachment":[{"href":"https:\/\/www.europesays.com\/fi\/wp-json\/wp\/v2\/media?parent=35727"}],"wp:term":[{"taxonomy":"category","embeddable":true,"href":"https:\/\/www.europesays.com\/fi\/wp-json\/wp\/v2\/categories?post=35727"},{"taxonomy":"post_tag","embeddable":true,"href":"https:\/\/www.europesays.com\/fi\/wp-json\/wp\/v2\/tags?post=35727"}],"curies":[{"name":"wp","href":"https:\/\/api.w.org\/{rel}","templated":true}]}}