{"id":35999,"date":"2025-09-15T22:27:09","date_gmt":"2025-09-15T22:27:09","guid":{"rendered":"https:\/\/www.europesays.com\/fi\/35999\/"},"modified":"2025-09-15T22:27:09","modified_gmt":"2025-09-15T22:27:09","slug":"maajussit-tekivat-ensimmaiset-valintansa-kyynelilta-ei-valtytty","status":"publish","type":"post","link":"https:\/\/www.europesays.com\/fi\/35999\/","title":{"rendered":"Maajussit tekiv\u00e4t ensimm\u00e4iset valintansa: Kyynelilt\u00e4 ei v\u00e4ltytty"},"content":{"rendered":"<p>Maajussille morsian -ohjelmassa siirryt\u00e4\u00e4n ryhm\u00e4treffivaiheeseen. VARO JUONIPALJASTUKSIA.<\/p>\n<p><img decoding=\"async\" class=\"image image-show image-preview\" src=\"https:\/\/www.europesays.com\/fi\/wp-content\/uploads\/2025\/09\/c561fef21a17f48bc41a87b34872de3cff460599f82ed934fd0358f581cd9a0b.jpg\" alt=\"\"\/><img decoding=\"async\" class=\"image image-show\" src=\"https:\/\/www.europesays.com\/fi\/wp-content\/uploads\/2025\/09\/1757975229_503_c561fef21a17f48bc41a87b34872de3cff460599f82ed934fd0358f581cd9a0b.jpg\" alt=\"\"\/><\/p>\n<p>Maajussille morsian -ohjelmassa siirryt\u00e4\u00e4n ryhm\u00e4treffeihin.  MTV<\/p>\n<p class=\"paragraph\">Maajussille morsian -ohjelman nelj\u00e4 maajussia ovat tehneet valintansa ryhm\u00e4treffeille. Viiden minuutin pikatreffien perusteella tehdyt valinnat her\u00e4tt\u00e4v\u00e4t niin maajusseissa kuin puolisoehdokkaissa monenlaisia tunteita.<\/p>\n<p class=\"paragraph\"><strong>Antti<\/strong>, 23, valitsi ryhm\u00e4treffeille kaikki kolme puolisoehdokasta: et\u00e4yhteydell\u00e4 tavatun <strong>Jonnan<\/strong>, <strong>Ennin<\/strong> ja <strong>Matildan<\/strong>.<\/p>\n<p class=\"paragraph\">Muut maajussit saivat valita ryhm\u00e4treffeille nelj\u00e4 naista.<\/p>\n<p>Ennin ja Matildan lis\u00e4ksi my\u00f6s Jonna jatkaa tutustumistaan Antin kanssa. MTV<\/p>\n<p class=\"paragraph\"><strong>Matti<\/strong>, 43, kiitti kaikkia naisia l\u00e4sn\u00e4olosta. H\u00e4n valitsi ryhm\u00e4treffeille <strong>Jennan<\/strong>, <strong>Marikan<\/strong>, <strong>Helin<\/strong> ja <strong>Suvin<\/strong>. T\u00e4st\u00e4 johtuen Matti joutui hyv\u00e4stelem\u00e4\u00e4n <strong>Sannan.<\/strong><\/p>\n<p class=\"paragraph\">\u2013 Pettynyt tietenkin, mutta meill\u00e4 oli niin hyv\u00e4 porukka, ett\u00e4 Matti kyll\u00e4 teki hyv\u00e4t valinnat. El\u00e4m\u00e4 jatkuu, Sanna kuvaili oloaan pudotuksen j\u00e4lkeen.<\/p>\n<p>Matti joutui pudottamaan yhden naisen kotiin. MTV<\/p>\n<p class=\"paragraph\"><strong>Perttu<\/strong>, 25, joutui my\u00f6s tekem\u00e4\u00e4n kiperi\u00e4 valintoja.<\/p>\n<p class=\"paragraph\">\u2013 Haluan sanoa ison kiitoksen teille kaikille, ett\u00e4 olette tulleet t\u00e4nne ja olen p\u00e4\u00e4ssyt nyt n\u00e4kem\u00e4\u00e4n ja tutustumaan teihin kaikkiin. Kiitos kaikille, Perttu sanoo naisille.<\/p>\n<p class=\"paragraph\">Ensimm\u00e4isen\u00e4 jatkoon p\u00e4\u00e4si <strong>Aada<\/strong>. H\u00e4n my\u00f6nsi odottaneensa kutsua ryhm\u00e4treffeille. Aada purskahti itkuun saadessaan kutsun.<\/p>\n<p class=\"paragraph\">\u2013 T\u00e4ll\u00e4 hetkell\u00e4 Perttua kohtaan tunteet ovat kiinnostuksesta kyll\u00e4 vaihtuneet pieneen ihastukseen, Aada paljasti kameroille.<\/p>\n<p class=\"paragraph\">My\u00f6s <strong>Emilia<\/strong>, <strong>Henna<\/strong> ja <strong>Anniina<\/strong> saivat kutsun. <strong>Laura<\/strong>, <strong>Ella<\/strong> ja <strong>Angelica<\/strong> joutuivat hyv\u00e4stelem\u00e4\u00e4n Pertun.<\/p>\n","protected":false},"excerpt":{"rendered":"Maajussille morsian -ohjelmassa siirryt\u00e4\u00e4n ryhm\u00e4treffivaiheeseen. VARO JUONIPALJASTUKSIA. Maajussille morsian -ohjelmassa siirryt\u00e4\u00e4n ryhm\u00e4treffeihin. MTV Maajussille morsian -ohjelman nelj\u00e4 maajussia&hellip;\n","protected":false},"author":2,"featured_media":36000,"comment_status":"","ping_status":"","sticky":false,"template":"","format":"standard","meta":{"footnotes":""},"categories":[133],"tags":[35,153,137,33,31,30,979,32,206,2140,140,139,156,109],"class_list":{"0":"post-35999","1":"post","2":"type-post","3":"status-publish","4":"format-standard","5":"has-post-thumbnail","7":"category-televisiot","8":"tag-24h","9":"tag-audiovisuaalinen-media","10":"tag-entertainment","11":"tag-fi","12":"tag-finland","13":"tag-finnish","14":"tag-sahkoinen-media","15":"tag-suomi","16":"tag-televisiot","17":"tag-tosi-tv-ohjelmat","18":"tag-tv-ja-elokuvat","19":"tag-tv-ohjelmat","20":"tag-tv","21":"tag-viihde"},"share_on_mastodon":{"url":"","error":""},"_links":{"self":[{"href":"https:\/\/www.europesays.com\/fi\/wp-json\/wp\/v2\/posts\/35999","targetHints":{"allow":["GET"]}}],"collection":[{"href":"https:\/\/www.europesays.com\/fi\/wp-json\/wp\/v2\/posts"}],"about":[{"href":"https:\/\/www.europesays.com\/fi\/wp-json\/wp\/v2\/types\/post"}],"author":[{"embeddable":true,"href":"https:\/\/www.europesays.com\/fi\/wp-json\/wp\/v2\/users\/2"}],"replies":[{"embeddable":true,"href":"https:\/\/www.europesays.com\/fi\/wp-json\/wp\/v2\/comments?post=35999"}],"version-history":[{"count":0,"href":"https:\/\/www.europesays.com\/fi\/wp-json\/wp\/v2\/posts\/35999\/revisions"}],"wp:featuredmedia":[{"embeddable":true,"href":"https:\/\/www.europesays.com\/fi\/wp-json\/wp\/v2\/media\/36000"}],"wp:attachment":[{"href":"https:\/\/www.europesays.com\/fi\/wp-json\/wp\/v2\/media?parent=35999"}],"wp:term":[{"taxonomy":"category","embeddable":true,"href":"https:\/\/www.europesays.com\/fi\/wp-json\/wp\/v2\/categories?post=35999"},{"taxonomy":"post_tag","embeddable":true,"href":"https:\/\/www.europesays.com\/fi\/wp-json\/wp\/v2\/tags?post=35999"}],"curies":[{"name":"wp","href":"https:\/\/api.w.org\/{rel}","templated":true}]}}