{"id":36270,"date":"2025-09-16T05:30:08","date_gmt":"2025-09-16T05:30:08","guid":{"rendered":"https:\/\/www.europesays.com\/fi\/36270\/"},"modified":"2025-09-16T05:30:08","modified_gmt":"2025-09-16T05:30:08","slug":"ranskalainen-jalkapallon-maailmanmestari-paattaa-uransa-31-vuotiaana-urheilua-lyhyesti","status":"publish","type":"post","link":"https:\/\/www.europesays.com\/fi\/36270\/","title":{"rendered":"Ranskalainen jalkapallon maailmanmestari p\u00e4\u00e4tt\u00e4\u00e4 uransa 31-vuotiaana | Urheilua lyhyesti"},"content":{"rendered":"<p class=\"aw-1gybjub aw-5vja16 cmIuaG zKETg yle__article__paragraph\">Ranskalaispuolustaja Samuel Umtiti lopettaa pelaajauransa. <\/p>\n<p><img decoding=\"async\" alt=\"Samuel Umtiti med Frankrikes flagga\" src=\"https:\/\/www.europesays.com\/fi\/wp-content\/uploads\/2025\/09\/39-4983955b4b88aa5c6e0.jpeg\" class=\"aw-1l9m598 hKVVvP\"\/><\/p>\n<p>Avaa kuvien katselu<\/p>\n<p>Samuel Umtiti pit\u00e4\u00e4 kuvassa Ranskan lippua. Kuva: \/All Over Press<\/p>\n<p class=\"aw-1gybjub aw-1p7kakr cmIuaG fmSRng yle__article__paragraph\">Vakavista polviongelmista k\u00e4rsinyt ranskalaisjalkapalloillija <strong class=\"aw-ak79eh KyCXm yle__article__strong\">Samuel Umtiti<\/strong>, 31, p\u00e4\u00e4tt\u00e4\u00e4 pelaajauransa.<\/p>\n<p class=\"aw-1gybjub aw-1p7kakr cmIuaG fmSRng yle__article__paragraph\">Puolustaja edusti viel\u00e4 viime kaudella Lillen joukkuetta Ranskan Ligue 1:ssa.<\/p>\n<p class=\"aw-1gybjub aw-1p7kakr cmIuaG fmSRng yle__article__paragraph\">Umtiti aloitti ammattilaisuransa Lyonissa, jonka j\u00e4lkeen h\u00e4n siirtyi espanjalaisj\u00e4tti FC Barcelonaan.<\/p>\n<p class=\"aw-1gybjub aw-1p7kakr cmIuaG fmSRng yle__article__paragraph\">Umtiti edusti Barcelonaa kuuden kauden ajan ja h\u00e4nest\u00e4 tuli viidenneksi eniten seurassa otteluita pelannut ranskalainen (<a class=\"aw-iao6s4 iHOxEa yle__article__link\" href=\"https:\/\/players.fcbarcelona.com\/en\/player\/2425-umtiti-samuel-umtiti\" role=\"link\" rel=\"nofollow noopener\" target=\"_blank\">134<\/a>).<\/p>\n<p class=\"aw-1gybjub aw-1p7kakr cmIuaG fmSRng yle__article__paragraph\">Espanjasta Umtiti siirtyi Italiaan US Leccen riveihin ennen uransa p\u00e4\u00e4tt\u00e4mist\u00e4 Lilless\u00e4.<\/p>\n<p class=\"aw-1gybjub aw-1p7kakr cmIuaG fmSRng yle__article__paragraph\">Umitin uran kruunu oli maailmanmestaruuden voittaminen Ranskan paidassa vuonna 2018. Umtiti iski ratkaisevan maalin Belgian verkkoon MM-v\u00e4lier\u00e4ss\u00e4, kun Ranska eteni finaaliin. MM-finaalissa Ranska kaatoi Kroatian.<\/p>\n<p class=\"aw-1gybjub aw-1p7kakr cmIuaG fmSRng yle__article__paragraph\">Umtiti ilmoitti lopettamisp\u00e4\u00e4t\u00f6ksest\u00e4 Instagram-tilill\u00e4\u00e4n seuraavasti.<\/p>\n<p class=\"aw-1gybjub aw-1p7kakr cmIuaG fmSRng yle__article__paragraph\">\u2013 Uran yl\u00e4- ja alam\u00e4kien j\u00e4lkeen on tullut aika hyv\u00e4stell\u00e4. Annoin kaikkeni ja en kadu mit\u00e4\u00e4n. Haluan kiitt\u00e4\u00e4 kaikkia seuroja, valmentajia ja pelaajia, joiden kanssa pelasin, ranskalaispeluri kirjoitti.<\/p>\n","protected":false},"excerpt":{"rendered":"Ranskalaispuolustaja Samuel Umtiti lopettaa pelaajauransa. Avaa kuvien katselu Samuel Umtiti pit\u00e4\u00e4 kuvassa Ranskan lippua. Kuva: \/All Over Press&hellip;\n","protected":false},"author":2,"featured_media":36271,"comment_status":"","ping_status":"","sticky":false,"template":"","format":"standard","meta":{"footnotes":""},"categories":[158],"tags":[33,31,30,43,10177,159,32,160],"class_list":{"0":"post-36270","1":"post","2":"type-post","3":"status-publish","4":"format-standard","5":"has-post-thumbnail","7":"category-urheilu","8":"tag-fi","9":"tag-finland","10":"tag-finnish","11":"tag-jalkapallo","12":"tag-samuel-umtiti","13":"tag-sports","14":"tag-suomi","15":"tag-urheilu"},"share_on_mastodon":{"url":"","error":""},"_links":{"self":[{"href":"https:\/\/www.europesays.com\/fi\/wp-json\/wp\/v2\/posts\/36270","targetHints":{"allow":["GET"]}}],"collection":[{"href":"https:\/\/www.europesays.com\/fi\/wp-json\/wp\/v2\/posts"}],"about":[{"href":"https:\/\/www.europesays.com\/fi\/wp-json\/wp\/v2\/types\/post"}],"author":[{"embeddable":true,"href":"https:\/\/www.europesays.com\/fi\/wp-json\/wp\/v2\/users\/2"}],"replies":[{"embeddable":true,"href":"https:\/\/www.europesays.com\/fi\/wp-json\/wp\/v2\/comments?post=36270"}],"version-history":[{"count":0,"href":"https:\/\/www.europesays.com\/fi\/wp-json\/wp\/v2\/posts\/36270\/revisions"}],"wp:featuredmedia":[{"embeddable":true,"href":"https:\/\/www.europesays.com\/fi\/wp-json\/wp\/v2\/media\/36271"}],"wp:attachment":[{"href":"https:\/\/www.europesays.com\/fi\/wp-json\/wp\/v2\/media?parent=36270"}],"wp:term":[{"taxonomy":"category","embeddable":true,"href":"https:\/\/www.europesays.com\/fi\/wp-json\/wp\/v2\/categories?post=36270"},{"taxonomy":"post_tag","embeddable":true,"href":"https:\/\/www.europesays.com\/fi\/wp-json\/wp\/v2\/tags?post=36270"}],"curies":[{"name":"wp","href":"https:\/\/api.w.org\/{rel}","templated":true}]}}