{"id":36297,"date":"2025-09-16T06:04:07","date_gmt":"2025-09-16T06:04:07","guid":{"rendered":"https:\/\/www.europesays.com\/fi\/36297\/"},"modified":"2025-09-16T06:04:07","modified_gmt":"2025-09-16T06:04:07","slug":"ylojarvelainen-toivasen-pariskunta-halusi-muuttaa-asumaan-loma-asuntoonsa-sai-kaupungilta-rukkaset-vain-11-minuutissa-2","status":"publish","type":"post","link":"https:\/\/www.europesays.com\/fi\/36297\/","title":{"rendered":"Yl\u00f6j\u00e4rvel\u00e4inen Toivasen pariskunta halusi muuttaa asumaan loma-asuntoonsa \u2013 sai kaupungilta rukkaset vain 11 minuutissa"},"content":{"rendered":"<p>Byrokratia|Moni suomalainen haluaa tehd\u00e4 kes\u00e4m\u00f6kist\u00e4\u00e4n kodin. Kaksi heist\u00e4 kertoo Yl\u00f6j\u00e4rven kaupungin nihke\u00e4st\u00e4 suhtautumisesta muutokseen.<\/p>\n<p class=\"article-body mb-nof-24 px-nof-16\">Toivasen pariskunta oli jonkin aikaa miettinyt uudenkarhean loma-asuntonsa muuttamista vakituiseksi asunnoksi Yl\u00f6j\u00e4rvell\u00e4.<\/p>\n<p class=\"article-body mb-nof-24 px-nof-16\">Kauan ei tarvinnut mietti\u00e4: vastaus tuli vain 11 minuuttia sen j\u00e4lkeen, kun <a class=\"article-personlink\" href=\"https:\/\/www.hs.fi\/haku\/?query=Hanna%20Toivanen\" rel=\"nofollow noopener\" target=\"_blank\">Hanna Toivanen<\/a> l\u00e4hetti neuvontapyynn\u00f6n kaupungille. Nopeus yll\u00e4tti Hanna Toivasen ja h\u00e4nen puolisonsa <a class=\"article-personlink\" href=\"https:\/\/www.hs.fi\/haku\/?query=Harri%20Toivasen\" rel=\"nofollow noopener\" target=\"_blank\">Harri Toivasen<\/a>.<\/p>\n","protected":false},"excerpt":{"rendered":"Byrokratia|Moni suomalainen haluaa tehd\u00e4 kes\u00e4m\u00f6kist\u00e4\u00e4n kodin. Kaksi heist\u00e4 kertoo Yl\u00f6j\u00e4rven kaupungin nihke\u00e4st\u00e4 suhtautumisesta muutokseen. Toivasen pariskunta oli jonkin&hellip;\n","protected":false},"author":2,"featured_media":36298,"comment_status":"","ping_status":"","sticky":false,"template":"","format":"standard","meta":{"footnotes":""},"categories":[12],"tags":[22,23,26,27,33,31,30,17,46,24,25,28,29,15,18,21,32,19,20,16],"class_list":{"0":"post-36297","1":"post","2":"type-post","3":"status-publish","4":"format-standard","5":"has-post-thumbnail","7":"category-suomi","8":"tag-breaking-news","9":"tag-breakingnews","10":"tag-featured-news","11":"tag-featurednews","12":"tag-fi","13":"tag-finland","14":"tag-finnish","15":"tag-headlines","16":"tag-helsingin-sanomat","17":"tag-latest-news","18":"tag-latestnews","19":"tag-main-news","20":"tag-mainnews","21":"tag-news","22":"tag-otsikot","23":"tag-paauutiset","24":"tag-suomi","25":"tag-top-stories","26":"tag-topstories","27":"tag-uutiset"},"share_on_mastodon":{"url":"","error":""},"_links":{"self":[{"href":"https:\/\/www.europesays.com\/fi\/wp-json\/wp\/v2\/posts\/36297","targetHints":{"allow":["GET"]}}],"collection":[{"href":"https:\/\/www.europesays.com\/fi\/wp-json\/wp\/v2\/posts"}],"about":[{"href":"https:\/\/www.europesays.com\/fi\/wp-json\/wp\/v2\/types\/post"}],"author":[{"embeddable":true,"href":"https:\/\/www.europesays.com\/fi\/wp-json\/wp\/v2\/users\/2"}],"replies":[{"embeddable":true,"href":"https:\/\/www.europesays.com\/fi\/wp-json\/wp\/v2\/comments?post=36297"}],"version-history":[{"count":0,"href":"https:\/\/www.europesays.com\/fi\/wp-json\/wp\/v2\/posts\/36297\/revisions"}],"wp:featuredmedia":[{"embeddable":true,"href":"https:\/\/www.europesays.com\/fi\/wp-json\/wp\/v2\/media\/36298"}],"wp:attachment":[{"href":"https:\/\/www.europesays.com\/fi\/wp-json\/wp\/v2\/media?parent=36297"}],"wp:term":[{"taxonomy":"category","embeddable":true,"href":"https:\/\/www.europesays.com\/fi\/wp-json\/wp\/v2\/categories?post=36297"},{"taxonomy":"post_tag","embeddable":true,"href":"https:\/\/www.europesays.com\/fi\/wp-json\/wp\/v2\/tags?post=36297"}],"curies":[{"name":"wp","href":"https:\/\/api.w.org\/{rel}","templated":true}]}}