{"id":36361,"date":"2025-09-16T07:42:07","date_gmt":"2025-09-16T07:42:07","guid":{"rendered":"https:\/\/www.europesays.com\/fi\/36361\/"},"modified":"2025-09-16T07:42:07","modified_gmt":"2025-09-16T07:42:07","slug":"lassi-etelatalo-valmistautuu-viimeiseen-kilpailuunsa-paatos-pitaa-vaikka-tokiosta-tulisi-mitali-kaulaan-urheilu","status":"publish","type":"post","link":"https:\/\/www.europesays.com\/fi\/36361\/","title":{"rendered":"Lassi Etel\u00e4talo valmistautuu viimeiseen kilpailuunsa: P\u00e4\u00e4t\u00f6s pit\u00e4\u00e4, vaikka Tokiosta tulisi mitali kaulaan | Urheilu"},"content":{"rendered":"<p>Suomalaisen keih\u00e4\u00e4nheiton tasainen arvokisajyr\u00e4 Lassi Etel\u00e4talo lupailee, ett\u00e4 h\u00e4nell\u00e4 on uransa p\u00e4\u00e4t\u00f6skilpailussa hihassaan v\u00e4hint\u00e4\u00e4nkin kauden paras kaari.<\/p>\n<p>EM-pronssimitalisti ja seitsenkertainen arvokisafinalisti Etel\u00e4talo, 37, p\u00e4\u00e4tt\u00e4\u00e4 pitk\u00e4n uransa Tokion MM-kisoihin. Finaalipaikka on keskiviikon karsinnassa konkarille realismia, kuten muillekin suomalaisheitt\u00e4jille.<\/p>\n<p>Etel\u00e4talo kertoi olevansa hyv\u00e4ss\u00e4 fyysisess\u00e4 kunnossa, vaikka kylkivaiva vaatiikin yh\u00e4 kurinpitoa eri hoitokeinoin.<\/p>\n<p>\u2013\u2009Olen ollut kes\u00e4ll\u00e4 eri testeiss\u00e4 jopa l\u00e4hell\u00e4 enn\u00e4tystasoa. En ole niiss\u00e4 ainakaan per\u00e4ss\u00e4 verrattuna viime vuosiin. Niiden perusteella hihassa voisi olla hyv\u00e4kin tulos, mutta siin\u00e4 pit\u00e4\u00e4 monen asian onnistua, Etel\u00e4talo ennakoi.<\/p>\n<p>Joensuun Katajaa edustava Etel\u00e4talo on ollut urallaan tasainen jyskytt\u00e4j\u00e4, jonka enn\u00e4tys 86,44 on kolmen vuoden takaa. Konkariheitt\u00e4j\u00e4 kertoi, ettei kuitenkaan aio py\u00f6rt\u00e4\u00e4 lopettamisp\u00e4\u00e4t\u00f6st\u00e4\u00e4n, vaikka Tokiosta tulisi enn\u00e4tys tai j\u00e4ttipaukku eli mitali.<\/p>\n<p>\u2013\u2009Sitten otetaan mitali kaulaan ja l\u00e4hdet\u00e4\u00e4n muuhun el\u00e4m\u00e4\u00e4n, Etel\u00e4talo nauroi.<\/p>\n<p>\t\t\t\tUra pakettiin omilla ehdoilla<\/p>\n<p>Suomen MM-joukkueen nestori on kuunnellut vuosien varrella tarkasti kroppaansa. Viime vuosina viesti on tullut selv\u00e4ksi, vaikka Etel\u00e4talo jatkoikin Pariisin olympialaisten j\u00e4lkeen keih\u00e4starinaansa viel\u00e4 vuodella.<\/p>\n<p>\u2013\u2009P\u00e4\u00e4t\u00e4n uran mielell\u00e4\u00e4n sellaiseen tilanteeseen, ettei kroppa ole ihan hajalla, Etel\u00e4talo alleviivasi.<\/p>\n<p>Etel\u00e4talolta on kysytty jo useaan otteeseen, kiinnostaako h\u00e4nt\u00e4 jatkossa keih\u00e4svalmentajan ty\u00f6. Etel\u00e4talo vahvisti, ett\u00e4 laji kiinnostaa h\u00e4nt\u00e4 varmasti jatkossakin, mutta heitt\u00e4j\u00e4 haluaa pohtia rauhassa el\u00e4m\u00e4ns\u00e4 suuntaa.<\/p>\n<p>Helsingiss\u00e4 perheens\u00e4 kanssa asuva Etel\u00e4talo on opiskellut kauppatieteit\u00e4 Aalto-yliopistossa.<\/p>\n<p>\u2013\u2009On se valmentajuuskin mahdollista, jos joku maksaa tarpeeksi. Se on v\u00e4h\u00e4n Suomen urheilun ongelma, ettei siell\u00e4 ole oikein sit\u00e4 (rahaa).<\/p>\n","protected":false},"excerpt":{"rendered":"Suomalaisen keih\u00e4\u00e4nheiton tasainen arvokisajyr\u00e4 Lassi Etel\u00e4talo lupailee, ett\u00e4 h\u00e4nell\u00e4 on uransa p\u00e4\u00e4t\u00f6skilpailussa hihassaan v\u00e4hint\u00e4\u00e4nkin kauden paras kaari. EM-pronssimitalisti&hellip;\n","protected":false},"author":2,"featured_media":36362,"comment_status":"","ping_status":"","sticky":false,"template":"","format":"standard","meta":{"footnotes":""},"categories":[158],"tags":[33,31,30,104,10199,615,96,41,159,32,2676,2371,160],"class_list":{"0":"post-36361","1":"post","2":"type-post","3":"status-publish","4":"format-standard","5":"has-post-thumbnail","7":"category-urheilu","8":"tag-fi","9":"tag-finland","10":"tag-finnish","11":"tag-helsinki","12":"tag-joensuun-kataja","13":"tag-koulut","14":"tag-koulutus","15":"tag-liikunta-ja-urheilu","16":"tag-sports","17":"tag-suomi","18":"tag-tokio","19":"tag-tyo-ja-raha","20":"tag-urheilu"},"share_on_mastodon":{"url":"","error":""},"_links":{"self":[{"href":"https:\/\/www.europesays.com\/fi\/wp-json\/wp\/v2\/posts\/36361","targetHints":{"allow":["GET"]}}],"collection":[{"href":"https:\/\/www.europesays.com\/fi\/wp-json\/wp\/v2\/posts"}],"about":[{"href":"https:\/\/www.europesays.com\/fi\/wp-json\/wp\/v2\/types\/post"}],"author":[{"embeddable":true,"href":"https:\/\/www.europesays.com\/fi\/wp-json\/wp\/v2\/users\/2"}],"replies":[{"embeddable":true,"href":"https:\/\/www.europesays.com\/fi\/wp-json\/wp\/v2\/comments?post=36361"}],"version-history":[{"count":0,"href":"https:\/\/www.europesays.com\/fi\/wp-json\/wp\/v2\/posts\/36361\/revisions"}],"wp:featuredmedia":[{"embeddable":true,"href":"https:\/\/www.europesays.com\/fi\/wp-json\/wp\/v2\/media\/36362"}],"wp:attachment":[{"href":"https:\/\/www.europesays.com\/fi\/wp-json\/wp\/v2\/media?parent=36361"}],"wp:term":[{"taxonomy":"category","embeddable":true,"href":"https:\/\/www.europesays.com\/fi\/wp-json\/wp\/v2\/categories?post=36361"},{"taxonomy":"post_tag","embeddable":true,"href":"https:\/\/www.europesays.com\/fi\/wp-json\/wp\/v2\/tags?post=36361"}],"curies":[{"name":"wp","href":"https:\/\/api.w.org\/{rel}","templated":true}]}}