{"id":36379,"date":"2025-09-16T08:09:09","date_gmt":"2025-09-16T08:09:09","guid":{"rendered":"https:\/\/www.europesays.com\/fi\/36379\/"},"modified":"2025-09-16T08:09:09","modified_gmt":"2025-09-16T08:09:09","slug":"provinssi-julkaisi-ensimmaiset-artistit-ensi-kesalle-etela-pohjanmaa","status":"publish","type":"post","link":"https:\/\/www.europesays.com\/fi\/36379\/","title":{"rendered":"Provinssi julkaisi ensimm\u00e4iset artistit ensi kes\u00e4lle | Etel\u00e4-Pohjanmaa"},"content":{"rendered":"<p class=\"aw-1gybjub aw-5vja16 cmIuaG zKETg yle__article__paragraph\">Provinssi paljastaa seuraavan festivaalin artisteja perinteisesti hyviss\u00e4 ajoin. Metalliyhtye Bring Me The Horizon on yksi ensimm\u00e4isist\u00e4 artistijulkistuksista.<\/p>\n<p><img decoding=\"async\" alt=\"Provinssi kyltti joessa Sein\u00e4joen T\u00f6rn\u00e4v\u00e4ll\u00e4 Provinssissa 2024.\" src=\"https:\/\/www.europesays.com\/fi\/wp-content\/uploads\/2025\/08\/39-1312029668282c6cdd60.jpeg\" class=\"aw-1l9m598 hKVVvP\"\/><\/p>\n<p>Avaa kuvien katselu<\/p>\n<p>Provinssi j\u00e4rjestet\u00e4\u00e4n ensi kes\u00e4n\u00e4 25.-27. kes\u00e4kuuta. Ensimm\u00e4iset paljastetut artistit ovat monelle festivaalivieraalle entuudestaan tuttuja. Kuva: Tarmo Niemi \/ Yle<\/p>\n<p class=\"aw-1gybjub aw-1p7kakr cmIuaG fmSRng yle__article__paragraph\">Sein\u00e4joen Provinssi-festivaali on julkistanut ensimm\u00e4iset esiintyj\u00e4t ensi kes\u00e4n tapahtumaan.<\/p>\n<p class=\"aw-1gybjub aw-1p7kakr cmIuaG fmSRng yle__article__paragraph\">T\u00f6rn\u00e4v\u00e4nsaarella n\u00e4hd\u00e4\u00e4n muun muassa brittil\u00e4inen metalliyhtye Bring Me The Horizon, yhdysvaltalainen Bad Omens sek\u00e4 kotimainen Apulanta.<\/p>\n<p class=\"aw-1gybjub aw-1p7kakr cmIuaG fmSRng yle__article__paragraph\">Apulanta juhlistaa ensi kes\u00e4n\u00e4 Provinssissa 30-vuotista historiaansa festivaalissa. Yhtye on ollut yksi Provinssin toivotuimmista esiintyjist\u00e4 vuosien varrella.<\/p>\n<p class=\"aw-1gybjub aw-1p7kakr cmIuaG fmSRng yle__article__paragraph\">Festivaalin lipunmyynti on jo alkanut. Uutuutena valikoimassa on 13\u201317-vuotiaille r\u00e4\u00e4t\u00e4l\u00f6ity nuorisolippu.<\/p>\n<p class=\"aw-1gybjub aw-1p7kakr cmIuaG fmSRng yle__article__paragraph\">Lis\u00e4\u00e4 artistijulkistuksia on luvassa viel\u00e4 t\u00e4m\u00e4n vuoden puolella.<\/p>\n<p class=\"aw-1gybjub aw-1p7kakr cmIuaG fmSRng yle__article__paragraph\">Provinssi juhlitaan ensi vuonna 25.\u201327. kes\u00e4kuuta.<\/p>\n","protected":false},"excerpt":{"rendered":"Provinssi paljastaa seuraavan festivaalin artisteja perinteisesti hyviss\u00e4 ajoin. Metalliyhtye Bring Me The Horizon on yksi ensimm\u00e4isist\u00e4 artistijulkistuksista. Avaa&hellip;\n","protected":false},"author":2,"featured_media":36380,"comment_status":"","ping_status":"","sticky":false,"template":"","format":"standard","meta":{"footnotes":""},"categories":[130],"tags":[137,1377,970,33,31,30,6267,680,32,1667,109],"class_list":{"0":"post-36379","1":"post","2":"type-post","3":"status-publish","4":"format-standard","5":"has-post-thumbnail","7":"category-viihde","8":"tag-entertainment","9":"tag-etela-pohjanmaa","10":"tag-festivaalit","11":"tag-fi","12":"tag-finland","13":"tag-finnish","14":"tag-provinssi","15":"tag-seinajoki","16":"tag-suomi","17":"tag-tapahtumat","18":"tag-viihde"},"share_on_mastodon":{"url":"","error":""},"_links":{"self":[{"href":"https:\/\/www.europesays.com\/fi\/wp-json\/wp\/v2\/posts\/36379","targetHints":{"allow":["GET"]}}],"collection":[{"href":"https:\/\/www.europesays.com\/fi\/wp-json\/wp\/v2\/posts"}],"about":[{"href":"https:\/\/www.europesays.com\/fi\/wp-json\/wp\/v2\/types\/post"}],"author":[{"embeddable":true,"href":"https:\/\/www.europesays.com\/fi\/wp-json\/wp\/v2\/users\/2"}],"replies":[{"embeddable":true,"href":"https:\/\/www.europesays.com\/fi\/wp-json\/wp\/v2\/comments?post=36379"}],"version-history":[{"count":0,"href":"https:\/\/www.europesays.com\/fi\/wp-json\/wp\/v2\/posts\/36379\/revisions"}],"wp:featuredmedia":[{"embeddable":true,"href":"https:\/\/www.europesays.com\/fi\/wp-json\/wp\/v2\/media\/36380"}],"wp:attachment":[{"href":"https:\/\/www.europesays.com\/fi\/wp-json\/wp\/v2\/media?parent=36379"}],"wp:term":[{"taxonomy":"category","embeddable":true,"href":"https:\/\/www.europesays.com\/fi\/wp-json\/wp\/v2\/categories?post=36379"},{"taxonomy":"post_tag","embeddable":true,"href":"https:\/\/www.europesays.com\/fi\/wp-json\/wp\/v2\/tags?post=36379"}],"curies":[{"name":"wp","href":"https:\/\/api.w.org\/{rel}","templated":true}]}}