{"id":36415,"date":"2025-09-16T08:56:07","date_gmt":"2025-09-16T08:56:07","guid":{"rendered":"https:\/\/www.europesays.com\/fi\/36415\/"},"modified":"2025-09-16T08:56:07","modified_gmt":"2025-09-16T08:56:07","slug":"mita-on-luvassa-tampereen-kirjafestareilla-seuraa-ohjelman-julkistusta","status":"publish","type":"post","link":"https:\/\/www.europesays.com\/fi\/36415\/","title":{"rendered":"Mit\u00e4 on luvassa Tampereen Kirjafestareilla? Seuraa ohjelman julkistusta"},"content":{"rendered":"<p>Katso suora l\u00e4hetys Tampereen Kirjafestareiden ohjelmiston, aiheiden ja esiintyjien julkistuksesta Aamulehdest\u00e4 keskiviikkona 17. syyskuuta. Tilaisuuden voi katsoa my\u00f6hemmin my\u00f6s tallenteelta.<\/p>\n<p class=\"article-body mb-nof-24 px-nof-16\">Aamulehti<\/p>\n<p class=\"article-body mb-nof-24 px-nof-16\">Tampere-talossa vietet\u00e4\u00e4n marras\u2013joulukuun vaihteessa viidensi\u00e4 Tampereen Kirjafestareita. Pirkanmaan suurin kirjallisuustapahtuma saa t\u00e4n\u00e4 vuonna kylkeens\u00e4 my\u00f6s Levyfestarit ja Antikvaariset kirjafestarit. Tapahtumakokonaisuuden ohjelmaa, esiintyji\u00e4 ja aiheita esitell\u00e4\u00e4n keskiviikkona 17. syyskuuta Tampere-talossa.<\/p>\n","protected":false},"excerpt":{"rendered":"Katso suora l\u00e4hetys Tampereen Kirjafestareiden ohjelmiston, aiheiden ja esiintyjien julkistuksesta Aamulehdest\u00e4 keskiviikkona 17. syyskuuta. Tilaisuuden voi katsoa my\u00f6hemmin&hellip;\n","protected":false},"author":2,"featured_media":36416,"comment_status":"","ping_status":"","sticky":false,"template":"","format":"standard","meta":{"footnotes":""},"categories":[134],"tags":[157,377,137,33,31,30,378,32,109],"class_list":{"0":"post-36415","1":"post","2":"type-post","3":"status-publish","4":"format-standard","5":"has-post-thumbnail","7":"category-kirjat","8":"tag-aamulehti","9":"tag-books","10":"tag-entertainment","11":"tag-fi","12":"tag-finland","13":"tag-finnish","14":"tag-kirjat","15":"tag-suomi","16":"tag-viihde"},"share_on_mastodon":{"url":"","error":""},"_links":{"self":[{"href":"https:\/\/www.europesays.com\/fi\/wp-json\/wp\/v2\/posts\/36415","targetHints":{"allow":["GET"]}}],"collection":[{"href":"https:\/\/www.europesays.com\/fi\/wp-json\/wp\/v2\/posts"}],"about":[{"href":"https:\/\/www.europesays.com\/fi\/wp-json\/wp\/v2\/types\/post"}],"author":[{"embeddable":true,"href":"https:\/\/www.europesays.com\/fi\/wp-json\/wp\/v2\/users\/2"}],"replies":[{"embeddable":true,"href":"https:\/\/www.europesays.com\/fi\/wp-json\/wp\/v2\/comments?post=36415"}],"version-history":[{"count":0,"href":"https:\/\/www.europesays.com\/fi\/wp-json\/wp\/v2\/posts\/36415\/revisions"}],"wp:featuredmedia":[{"embeddable":true,"href":"https:\/\/www.europesays.com\/fi\/wp-json\/wp\/v2\/media\/36416"}],"wp:attachment":[{"href":"https:\/\/www.europesays.com\/fi\/wp-json\/wp\/v2\/media?parent=36415"}],"wp:term":[{"taxonomy":"category","embeddable":true,"href":"https:\/\/www.europesays.com\/fi\/wp-json\/wp\/v2\/categories?post=36415"},{"taxonomy":"post_tag","embeddable":true,"href":"https:\/\/www.europesays.com\/fi\/wp-json\/wp\/v2\/tags?post=36415"}],"curies":[{"name":"wp","href":"https:\/\/api.w.org\/{rel}","templated":true}]}}