{"id":36425,"date":"2025-09-16T09:06:07","date_gmt":"2025-09-16T09:06:07","guid":{"rendered":"https:\/\/www.europesays.com\/fi\/36425\/"},"modified":"2025-09-16T09:06:07","modified_gmt":"2025-09-16T09:06:07","slug":"ykn-tutkimuskomissio-israel-on-syyllistynyt-kansanmurhaan-gazassa","status":"publish","type":"post","link":"https:\/\/www.europesays.com\/fi\/36425\/","title":{"rendered":"YK:n tutkimuskomissio: Israel on syyllistynyt kansanmurhaan Gazassa"},"content":{"rendered":"<p><strong class=\"typography-bold\">Israel on syyllistynyt kansanmurhaan Gazassa, katsoo <\/strong><a class=\"underline\" data-testid=\"external-link\" href=\"https:\/\/www.ohchr.org\/sites\/default\/files\/documents\/hrbodies\/hrcouncil\/sessions-regular\/session60\/advance-version\/a-hrc-60-crp-3.pdf\" rel=\"noopener noreferrer nofollow\" data-sentry-component=\"ExternalLink\" data-sentry-source-file=\"ExternalLink.tsx\" target=\"_blank\"><strong class=\"typography-bold\">itsen\u00e4inen YK:n tutkimuskomissio<\/strong><\/a><strong class=\"typography-bold\">.<\/strong><\/p>\n<p>Tutkimuskomission mukaan israelilaisviranomaisten lausunnot ovat olleet kuitenkin suora todiste siit\u00e4, ett\u00e4 maan toimien tarkoituksena on kansanmurha.<\/p>\n<p>Tutkimuskomissio on itsen\u00e4inen elin, eik\u00e4 sen lausunto tarkoita, ett\u00e4 koko YK olisi tehnyt vastaavan p\u00e4\u00e4telm\u00e4n.<\/p>\n<p>Israel on kiist\u00e4nyt syyt\u00f6kset kansanmurhasta, vedoten oikeuteensa puolustaa itse\u00e4\u00e4n.\u00a0<\/p>\n<p>Israelin YK:n suurl\u00e4hettil\u00e4s <strong class=\"typography-bold\">Daniel Meron<\/strong> on tuoreeltaan tyrm\u00e4nnyt tutkimuskomission ratkaisun loukkaavana kiihkoiluna ja piti sit\u00e4 valheellisena.<\/p>\n<p>Lue my\u00f6s: <a class=\"underline\" data-testid=\"internal-link\" role=\"link\" data-sentry-element=\"Link\" data-sentry-component=\"InternalLink\" data-sentry-source-file=\"InternalLink.tsx\" href=\"https:\/\/www.mtvuutiset.fi\/artikkeli\/israelia-syytetaan-etnisesta-puhdistuksesta-tutkija-pitaa-vaitteita-aika-vakuuttavina\/9047648\" rel=\"nofollow noopener\" target=\"_blank\">Israelia syytet\u00e4\u00e4n etnisest\u00e4 puhdistuksesta \u2013 tutkija pit\u00e4\u00e4 v\u00e4itteit\u00e4 &#8221;aika vakuuttavina&#8221;<\/a><\/p>\n<p><a class=\"underline\" data-testid=\"internal-link\" role=\"link\" data-sentry-element=\"Link\" data-sentry-component=\"InternalLink\" data-sentry-source-file=\"InternalLink.tsx\" href=\"https:\/\/www.mtvuutiset.fi\/artikkeli\/yk-n-erityiskomitea-israelin-sotatoimet-gazassa-tayttavat-kansanmurhan-tunnusmerkit\/9047066\" rel=\"nofollow noopener\" target=\"_blank\">YK:n erityiskomitea on jo aiemmin arvioinut<\/a>, ett\u00e4 Israelin sodank\u00e4ynnin menetelm\u00e4t Gazassa t\u00e4ytt\u00e4v\u00e4t kansanmurhan tunnusmerkit. Vastaavia arvioita ovat antaneet my\u00f6s ihmisoikeusj\u00e4rjest\u00f6t <a class=\"underline\" data-testid=\"internal-link\" role=\"link\" data-sentry-element=\"Link\" data-sentry-component=\"InternalLink\" data-sentry-source-file=\"InternalLink.tsx\" href=\"https:\/\/www.mtvuutiset.fi\/artikkeli\/amnestyn-raportti-kuolemat-eivat-israelille-sivutuote-vaan-paamaara\/9060962\" rel=\"nofollow noopener\" target=\"_blank\">Amnesty<\/a>, <a class=\"underline\" data-testid=\"internal-link\" role=\"link\" data-sentry-element=\"Link\" data-sentry-component=\"InternalLink\" data-sentry-source-file=\"InternalLink.tsx\" href=\"https:\/\/www.mtvuutiset.fi\/artikkeli\/ihmisoikeusjarjesto-israel-on-syyllistynyt-kansanmurhan-tekoihin-gazassa\/9069634\" rel=\"nofollow noopener\" target=\"_blank\">Human Rights Watch<\/a>, <a class=\"underline\" data-testid=\"internal-link\" role=\"link\" data-sentry-element=\"Link\" data-sentry-component=\"InternalLink\" data-sentry-source-file=\"InternalLink.tsx\" href=\"https:\/\/www.mtvuutiset.fi\/artikkeli\/israelin-ihmisoikeusjarjestot-syyttavat-kansanmurha-gazassa\/9195664\" rel=\"nofollow noopener\" target=\"_blank\">israelilaiset ihmisoikeusj\u00e4rjest\u00f6t<\/a> ja kansanmurhatutkimuksen j\u00e4rjest\u00f6 <a class=\"underline\" data-testid=\"internal-link\" role=\"link\" data-sentry-element=\"Link\" data-sentry-component=\"InternalLink\" data-sentry-source-file=\"InternalLink.tsx\" href=\"https:\/\/www.mtvuutiset.fi\/artikkeli\/satojen-tutkijoiden-jarjesto-israel-syyllistyy-kansanmurhaan-gazan-kaistalla\/9214388\" rel=\"nofollow noopener\" target=\"_blank\">IAGS<\/a>.<\/p>\n","protected":false},"excerpt":{"rendered":"Israel on syyllistynyt kansanmurhaan Gazassa, katsoo itsen\u00e4inen YK:n tutkimuskomissio. Tutkimuskomission mukaan israelilaisviranomaisten lausunnot ovat olleet kuitenkin suora todiste&hellip;\n","protected":false},"author":2,"featured_media":9467,"comment_status":"","ping_status":"","sticky":false,"template":"","format":"standard","meta":{"footnotes":""},"categories":[14],"tags":[22,23,26,27,33,31,30,17,24,25,28,29,15,18,21,32,19,20,56,16,59,60,61],"class_list":{"0":"post-36425","1":"post","2":"type-post","3":"status-publish","4":"format-standard","5":"has-post-thumbnail","7":"category-ulkomaat","8":"tag-breaking-news","9":"tag-breakingnews","10":"tag-featured-news","11":"tag-featurednews","12":"tag-fi","13":"tag-finland","14":"tag-finnish","15":"tag-headlines","16":"tag-latest-news","17":"tag-latestnews","18":"tag-main-news","19":"tag-mainnews","20":"tag-news","21":"tag-otsikot","22":"tag-paauutiset","23":"tag-suomi","24":"tag-top-stories","25":"tag-topstories","26":"tag-ulkomaat","27":"tag-uutiset","28":"tag-world","29":"tag-world-news","30":"tag-worldnews"},"share_on_mastodon":{"url":"","error":""},"_links":{"self":[{"href":"https:\/\/www.europesays.com\/fi\/wp-json\/wp\/v2\/posts\/36425","targetHints":{"allow":["GET"]}}],"collection":[{"href":"https:\/\/www.europesays.com\/fi\/wp-json\/wp\/v2\/posts"}],"about":[{"href":"https:\/\/www.europesays.com\/fi\/wp-json\/wp\/v2\/types\/post"}],"author":[{"embeddable":true,"href":"https:\/\/www.europesays.com\/fi\/wp-json\/wp\/v2\/users\/2"}],"replies":[{"embeddable":true,"href":"https:\/\/www.europesays.com\/fi\/wp-json\/wp\/v2\/comments?post=36425"}],"version-history":[{"count":0,"href":"https:\/\/www.europesays.com\/fi\/wp-json\/wp\/v2\/posts\/36425\/revisions"}],"wp:featuredmedia":[{"embeddable":true,"href":"https:\/\/www.europesays.com\/fi\/wp-json\/wp\/v2\/media\/9467"}],"wp:attachment":[{"href":"https:\/\/www.europesays.com\/fi\/wp-json\/wp\/v2\/media?parent=36425"}],"wp:term":[{"taxonomy":"category","embeddable":true,"href":"https:\/\/www.europesays.com\/fi\/wp-json\/wp\/v2\/categories?post=36425"},{"taxonomy":"post_tag","embeddable":true,"href":"https:\/\/www.europesays.com\/fi\/wp-json\/wp\/v2\/tags?post=36425"}],"curies":[{"name":"wp","href":"https:\/\/api.w.org\/{rel}","templated":true}]}}