{"id":36426,"date":"2025-09-16T09:07:13","date_gmt":"2025-09-16T09:07:13","guid":{"rendered":"https:\/\/www.europesays.com\/fi\/36426\/"},"modified":"2025-09-16T09:07:13","modified_gmt":"2025-09-16T09:07:13","slug":"yksi-kuoli-porissa-valtatie-23n-yollisessa-onnettomuudessa-kotimaa","status":"publish","type":"post","link":"https:\/\/www.europesays.com\/fi\/36426\/","title":{"rendered":"Yksi kuoli Porissa valtatie 23:n y\u00f6llisess\u00e4 onnettomuudessa | Kotimaa"},"content":{"rendered":"<p class=\"aw-1gybjub aw-5vja16 cmIuaG zKETg yle__article__paragraph\">Ohikulkija oli h\u00e4lytt\u00e4nyt pelastuslaitoksen paikalle tiistaiaamuna hieman kello 7 j\u00e4lkeen. Pelastuslaitoksen mukaan onnettomuus oli kuitenkin sattunut jo y\u00f6ll\u00e4. <\/p>\n<p><img decoding=\"async\" alt=\"Kuva vt 23:n varrelta onnettomuuspaikalta.\" src=\"https:\/\/www.europesays.com\/fi\/wp-content\/uploads\/2025\/09\/39-152332268c9047a3463f.jpeg\" class=\"aw-1l9m598 hKVVvP\"\/><\/p>\n<p>Avaa kuvien katselu<\/p>\n<p>Onnettomuuspaikalla oli h\u00e4lytysajoneuvoja tiistaiaamuna. Kuva: Tapio Termonen \/ Yle<\/p>\n<p class=\"aw-1gybjub aw-1p7kakr cmIuaG fmSRng yle__article__paragraph\">Henkil\u00f6auton kuljettaja kuoli Porin Noormarkussa tiistain vastaisena y\u00f6n\u00e4 sattuneessa onnettomuudessa.<\/p>\n<p class=\"aw-1gybjub aw-1p7kakr cmIuaG fmSRng yle__article__paragraph\">Ohikulkija oli h\u00e4lytt\u00e4nyt pelastuslaitoksen paikalle valtatielle 23 tiistaiaamuna hieman kello 7 j\u00e4lkeen. Satakunnan pelastuslaitoksen mukaan onnettomuus oli kuitenkin <a class=\"aw-iao6s4 iHOxEa yle__article__link\" href=\"https:\/\/yle.fi\/a\/74-20183125\" role=\"link\" rel=\"nofollow noopener\" target=\"_blank\">sattunut jo y\u00f6ll\u00e4<\/a>.<\/p>\n<p class=\"aw-1gybjub aw-1p7kakr cmIuaG fmSRng yle__article__paragraph\">Poliisin suorittaman tutkinnan perusteella selvisi, ett\u00e4 henkil\u00f6auto oli suistunut tielt\u00e4 suoralla tieosuudella ja t\u00f6rm\u00e4nnyt esteeseen. T\u00f6rm\u00e4yksen seurauksena auto oli k\u00e4\u00e4ntynyt katolleen.<\/p>\n<p class=\"aw-1gybjub aw-1p7kakr cmIuaG fmSRng yle__article__paragraph\">Kuljettaja todettiin kuolleeksi tapahtumapaikalla.<\/p>\n","protected":false},"excerpt":{"rendered":"Ohikulkija oli h\u00e4lytt\u00e4nyt pelastuslaitoksen paikalle tiistaiaamuna hieman kello 7 j\u00e4lkeen. Pelastuslaitoksen mukaan onnettomuus oli kuitenkin sattunut jo y\u00f6ll\u00e4.&hellip;\n","protected":false},"author":2,"featured_media":36427,"comment_status":"","ping_status":"","sticky":false,"template":"","format":"standard","meta":{"footnotes":""},"categories":[12],"tags":[22,23,26,27,33,31,30,17,2455,71,683,24,25,28,29,15,837,18,21,2787,968,32,128,4134,19,20,16],"class_list":{"0":"post-36426","1":"post","2":"type-post","3":"status-publish","4":"format-standard","5":"has-post-thumbnail","7":"category-suomi","8":"tag-breaking-news","9":"tag-breakingnews","10":"tag-featured-news","11":"tag-featurednews","12":"tag-fi","13":"tag-finland","14":"tag-finnish","15":"tag-headlines","16":"tag-hengenvaara-ja-loukkaantuminen","17":"tag-kotimaa","18":"tag-kuolema","19":"tag-latest-news","20":"tag-latestnews","21":"tag-main-news","22":"tag-mainnews","23":"tag-news","24":"tag-onnettomuudet","25":"tag-otsikot","26":"tag-paauutiset","27":"tag-pori","28":"tag-satakunta","29":"tag-suomi","30":"tag-tieliikenne","31":"tag-tieliikenneonnettomuudet","32":"tag-top-stories","33":"tag-topstories","34":"tag-uutiset"},"share_on_mastodon":{"url":"","error":""},"_links":{"self":[{"href":"https:\/\/www.europesays.com\/fi\/wp-json\/wp\/v2\/posts\/36426","targetHints":{"allow":["GET"]}}],"collection":[{"href":"https:\/\/www.europesays.com\/fi\/wp-json\/wp\/v2\/posts"}],"about":[{"href":"https:\/\/www.europesays.com\/fi\/wp-json\/wp\/v2\/types\/post"}],"author":[{"embeddable":true,"href":"https:\/\/www.europesays.com\/fi\/wp-json\/wp\/v2\/users\/2"}],"replies":[{"embeddable":true,"href":"https:\/\/www.europesays.com\/fi\/wp-json\/wp\/v2\/comments?post=36426"}],"version-history":[{"count":0,"href":"https:\/\/www.europesays.com\/fi\/wp-json\/wp\/v2\/posts\/36426\/revisions"}],"wp:featuredmedia":[{"embeddable":true,"href":"https:\/\/www.europesays.com\/fi\/wp-json\/wp\/v2\/media\/36427"}],"wp:attachment":[{"href":"https:\/\/www.europesays.com\/fi\/wp-json\/wp\/v2\/media?parent=36426"}],"wp:term":[{"taxonomy":"category","embeddable":true,"href":"https:\/\/www.europesays.com\/fi\/wp-json\/wp\/v2\/categories?post=36426"},{"taxonomy":"post_tag","embeddable":true,"href":"https:\/\/www.europesays.com\/fi\/wp-json\/wp\/v2\/tags?post=36426"}],"curies":[{"name":"wp","href":"https:\/\/api.w.org\/{rel}","templated":true}]}}