{"id":36442,"date":"2025-09-16T09:28:08","date_gmt":"2025-09-16T09:28:08","guid":{"rendered":"https:\/\/www.europesays.com\/fi\/36442\/"},"modified":"2025-09-16T09:28:08","modified_gmt":"2025-09-16T09:28:08","slug":"mies-leimasi-tunnetun-muusikon-raiskaajaksi-sai-nyt-tuomion","status":"publish","type":"post","link":"https:\/\/www.europesays.com\/fi\/36442\/","title":{"rendered":"Mies leimasi tunnetun muusikon raiskaajaksi \u2013 Sai nyt tuomion"},"content":{"rendered":"<p>Mies kutsui muusikkoa raiskaajaksi julkisessa somep\u00e4ivityksess\u00e4. H\u00e4net on nyt tuomittu t\u00f6rke\u00e4st\u00e4 kunnianloukkauksesta.<\/p>\n<p><img decoding=\"async\" class=\"image image-show image-preview\" src=\"https:\/\/www.europesays.com\/fi\/wp-content\/uploads\/2025\/09\/e4261ce8294f3ee66f143e53a8f6d5aecf9e470e1109e7cb21740934cab578ff.jpg\" alt=\"\"\/><img decoding=\"async\" class=\"image image-show\" src=\"https:\/\/www.europesays.com\/fi\/wp-content\/uploads\/2025\/09\/1758014888_564_e4261ce8294f3ee66f143e53a8f6d5aecf9e470e1109e7cb21740934cab578ff.jpg\" alt=\"\"\/><\/p>\n<p>Teemu Bergman tunnetaan P\u00e4\u00e4 Kii -yhtyeen laulajana. Arkistokuva. Pasi Liesimaa<\/p>\n<p class=\"paragraph\">Turun hovioikeus on tuominnut 37-vuotiaan miehen muusikko <a href=\"https:\/\/www.iltalehti.fi\/henkilot\/Teemu Bergman\" class=\"article-link-person-page\" rel=\"nofollow noopener\" target=\"_blank\">Teemu Bergmaniin<\/a> kohdistuneesta t\u00f6rke\u00e4st\u00e4 kunnianloukkauksesta.<\/p>\n<p class=\"paragraph\">Mies julkaisi hein\u00e4kuussa 2021 twiitin, jossa syytti P\u00e4\u00e4 Kii -yhtyeen keulahahmoa Bergmania seksuaalisesta v\u00e4kivallasta. Kirjoituksen taustalla oli kyseisen\u00e4 kes\u00e4n\u00e4 kohauttanut niin sanottu Punkstoo-keskustelu.<\/p>\n<p class=\"paragraph\">Punkstoo-nimisell\u00e4 Instagram-tilill\u00e4 oli julkaistu nimet\u00f6n kertomus seksuaaliv\u00e4kivallasta. Bergman oli yhdistett\u00e4viss\u00e4 v\u00e4itetyksi tekij\u00e4ksi.<\/p>\n<p class=\"paragraph\">Tuolloin 33-vuotias mies kertoi pit\u00e4neens\u00e4 kertomusta totena. H\u00e4n jakoi linkin kohusta kertovaan uutiseen viestipalvelu Twitteriss\u00e4 (nykyisin X). Mies v\u00e4itti julkaisun yhteydess\u00e4, ett\u00e4 Bergman on k\u00e4ytt\u00e4nyt rockt\u00e4hteytt\u00e4\u00e4n hyv\u00e4kseen ja raiskannut naisia.<\/p>\n<p class=\"paragraph\">Mies poisti julkaisunsa noin viikkoa my\u00f6hemmin ymm\u00e4rretty\u00e4\u00e4n, ettei Punkstoo-tilin kirjoitus perustunut tuomioistuimen ratkaisuun. Kyse oli per\u00e4tt\u00f6m\u00e4st\u00e4 v\u00e4itteest\u00e4: Bergmania ei ole syytetty tai tuomittu seksuaaliv\u00e4kivallasta.<\/p>\n<p class=\"paragraph\">Alkuper\u00e4isest\u00e4 julkaisusta annettiin tuomio viime maaliskuussa. <a href=\"https:\/\/www.iltalehti.fi\/viihdeuutiset\/3e36d888-85b7-42e2-9f79-746cf856c8cc\" rel=\"nofollow noopener\" target=\"_blank\">Turun hovioikeus tuomitsi kaksi naista t\u00f6rke\u00e4st\u00e4 kunnianloukkauksesta<\/a>.<\/p>\n<p>Kaikki keikat peruuntuivat<\/p>\n<p class=\"paragraph\">Kirjoituksen lainvastaisuutta k\u00e4siteltiin Pirkanmaan k\u00e4r\u00e4j\u00e4oikeudessa viime vuonna.<\/p>\n<p class=\"paragraph\">Bergman vaati miehelt\u00e4 oikeudessa tuntuvia korvauksia: 5\u00a0000 euroa k\u00e4rsimyksest\u00e4 sek\u00e4 10\u00a0000 euroa menetetyist\u00e4 ansiotuloista, kuten peruuntuneista keikoista ja Teosto-korvauksista.<\/p>\n<p class=\"paragraph\">Muusikon manageri todisti oikeudessa, ett\u00e4 kaikki Bergmanin keikat peruuntuivat kohun my\u00f6t\u00e4.<\/p>\n<p class=\"paragraph\">Pirkanmaan k\u00e4r\u00e4j\u00e4oikeus antoi tuomionsa toukokuussa 2024. Se tuomitsi miehen t\u00f6rke\u00e4st\u00e4 kunnianloukkauksesta sakkorangaistukseen. 70 p\u00e4iv\u00e4sakkoa tekee miehen tuloilla yhteens\u00e4 420 euroa.<\/p>\n<p class=\"paragraph\">Mies m\u00e4\u00e4r\u00e4ttiin korvamaan Bergmanille 3\u00a0000 euroa loukkauksen aiheuttamasta k\u00e4rsimyksest\u00e4 sek\u00e4 tuhansien eurojen edest\u00e4 oikeudenk\u00e4yntikuluja. Sen sijaan vaatimukset ansionmenetyksen korvaamisesta hyl\u00e4ttiin.<\/p>\n<p class=\"paragraph\">Oikeudessa j\u00e4i n\u00e4ytt\u00e4m\u00e4tt\u00e4, ett\u00e4 keikat olisivat peruuntuneet vain miehen somejulkaisun seurauksena. Peruutusten taustalla oli ennemminkin yleinen kirjoittelu sosiaalisessa mediassa.<\/p>\n<p>\u201dLaajasti mainehaittaa\u201d<\/p>\n<p class=\"paragraph\">Mies valitti tuomiostaan hovioikeuteen vaatien, ett\u00e4 syyte hyl\u00e4t\u00e4\u00e4n.<\/p>\n<p class=\"paragraph\">Syytt\u00e4j\u00e4 ja Bergman vastustivat valitusta. Bergmanin mukaan miehen kirjoitus oli ensimm\u00e4inen, jossa h\u00e4net nimettiin raiskaajaksi. Loukkaava kirjoitus leimasi h\u00e4net seksuaalirikolliseksi.<\/p>\n<p class=\"paragraph\">My\u00f6s Turun hovioikeus katsoi, ett\u00e4 miehen twiitti on aiheuttanut Bergmanille suurta k\u00e4rsimyst\u00e4.<\/p>\n<p class=\"paragraph\">\u2013 Vakavia rikoksia koskevien valheellisten v\u00e4itteiden levitt\u00e4misen voidaan katsoa aiheuttaneen Bergmanille laajasti mainehaittaa. H\u00e4nt\u00e4 oli my\u00f6s uhkailtu ja ihmiset olivat v\u00e4ltelleet h\u00e4nen seuraansa.<\/p>\n<p class=\"paragraph\">Teko oli t\u00f6rke\u00e4, vaikka mies itse pitikin julkaisuaan kannanottona yhteiskunnallisesti merkitt\u00e4v\u00e4\u00e4n aiheeseen.<\/p>\n<p class=\"paragraph\">Turun hovioikeus ei muuttanut k\u00e4r\u00e4j\u00e4oikeuden ratkaisua milt\u00e4\u00e4n osin.<\/p>\n","protected":false},"excerpt":{"rendered":"Mies kutsui muusikkoa raiskaajaksi julkisessa somep\u00e4ivityksess\u00e4. H\u00e4net on nyt tuomittu t\u00f6rke\u00e4st\u00e4 kunnianloukkauksesta. Teemu Bergman tunnetaan P\u00e4\u00e4 Kii -yhtyeen&hellip;\n","protected":false},"author":2,"featured_media":36443,"comment_status":"","ping_status":"","sticky":false,"template":"","format":"standard","meta":{"footnotes":""},"categories":[130],"tags":[35,137,33,31,30,53,977,976,38,32,1727,109],"class_list":{"0":"post-36442","1":"post","2":"type-post","3":"status-publish","4":"format-standard","5":"has-post-thumbnail","7":"category-viihde","8":"tag-24h","9":"tag-entertainment","10":"tag-fi","11":"tag-finland","12":"tag-finnish","13":"tag-laki-oikeus-ja-rikos","14":"tag-oikeusistuimet","15":"tag-oikeusprosessit","16":"tag-rikos","17":"tag-suomi","18":"tag-tuomiot","19":"tag-viihde"},"share_on_mastodon":{"url":"","error":""},"_links":{"self":[{"href":"https:\/\/www.europesays.com\/fi\/wp-json\/wp\/v2\/posts\/36442","targetHints":{"allow":["GET"]}}],"collection":[{"href":"https:\/\/www.europesays.com\/fi\/wp-json\/wp\/v2\/posts"}],"about":[{"href":"https:\/\/www.europesays.com\/fi\/wp-json\/wp\/v2\/types\/post"}],"author":[{"embeddable":true,"href":"https:\/\/www.europesays.com\/fi\/wp-json\/wp\/v2\/users\/2"}],"replies":[{"embeddable":true,"href":"https:\/\/www.europesays.com\/fi\/wp-json\/wp\/v2\/comments?post=36442"}],"version-history":[{"count":0,"href":"https:\/\/www.europesays.com\/fi\/wp-json\/wp\/v2\/posts\/36442\/revisions"}],"wp:featuredmedia":[{"embeddable":true,"href":"https:\/\/www.europesays.com\/fi\/wp-json\/wp\/v2\/media\/36443"}],"wp:attachment":[{"href":"https:\/\/www.europesays.com\/fi\/wp-json\/wp\/v2\/media?parent=36442"}],"wp:term":[{"taxonomy":"category","embeddable":true,"href":"https:\/\/www.europesays.com\/fi\/wp-json\/wp\/v2\/categories?post=36442"},{"taxonomy":"post_tag","embeddable":true,"href":"https:\/\/www.europesays.com\/fi\/wp-json\/wp\/v2\/tags?post=36442"}],"curies":[{"name":"wp","href":"https:\/\/api.w.org\/{rel}","templated":true}]}}