{"id":36454,"date":"2025-09-16T09:38:23","date_gmt":"2025-09-16T09:38:23","guid":{"rendered":"https:\/\/www.europesays.com\/fi\/36454\/"},"modified":"2025-09-16T09:38:23","modified_gmt":"2025-09-16T09:38:23","slug":"starship-avaruusalus-asetettiin-lentokieltoon-mtv-uutiset","status":"publish","type":"post","link":"https:\/\/www.europesays.com\/fi\/36454\/","title":{"rendered":"Starship-avaruusalus asetettiin lentokieltoon | MTV Uutiset"},"content":{"rendered":"<p>Alus hajosi Atlantin yll\u00e4, lentokoneet v\u00e4istiv\u00e4t romua.<\/p>\n<p>Avaruusyhti\u00f6 SpaceX:n avaruusalus Starship on asetettu Yhdysvalloissa toistaiseksi lentokieltoon ep\u00e4onnistuneen testilennon takia.<\/p>\n<p>Starship hajosi avaruudessa varhain perjantaina Suomen aikaa. Avaruusaluksen palavat osat putosivat Atlanttiin, ja kymmeni\u00e4 lentoja jouduttiin reititt\u00e4m\u00e4\u00e4n uudelleen, kun ne v\u00e4istiv\u00e4t kappaleita.<\/p>\n<p>SpaceX:n omistaja, miljard\u00f6\u00f6ri <strong class=\"typography-bold\">Elon Musk<\/strong> kommentoi ep\u00e4onnistumista omistamassaan <a class=\"underline\" data-testid=\"external-link\" href=\"https:\/\/x.com\/elonmusk\/status\/1880040599761596689?ref_src=twsrc%5Etfw%7Ctwcamp%5Etweetembed%7Ctwterm%5E1880040599761596689%7Ctwgr%5E300a15e296ef5c2a84194d08ce68fe1a50092204%7Ctwcon%5Es1_&amp;ref_url=https%3A%2F%2Fembed.sanoma-sndp.fi%2Fext%2Fembed%2F%3Furl%3Dhttps3A2F2Ftwitter.com2Felonmusk2Fstatus2F1880040599761596689\" rel=\"noopener noreferrer nofollow\" target=\"_blank\" data-sentry-component=\"ExternalLink\" data-sentry-source-file=\"ExternalLink.tsx\">viestipalvelu X:ss\u00e4.<\/a><\/p>\n<p>\u2013\u2009 Menestys on ep\u00e4varmaa, mutta viihde taattua, Musk kirjoitti.<\/p>\n<p>Yhdysvaltain Texasista l\u00e4htenyt miehitt\u00e4m\u00e4t\u00f6n testilento ei ollut t\u00e4ydellinen ep\u00e4onnistuminen, sill\u00e4 avaruusaluksen kantoraketti onnistui palaamaan suunnitellusti laukaisualustalleen.<\/p>\n<p>R\u00e4j\u00e4hdyksen seurauksena Yhdysvaltain ilmailuviranomainen FAA asetti Starshipin lentokieltoon. SpaceX:n t\u00e4ytyy suorittaa tutkinta onnettomuuden syist\u00e4 ja esitt\u00e4\u00e4 korjaavia toimia ennen kuin alusta saa taas k\u00e4ytt\u00e4\u00e4.<\/p>\n<p>K\u00e4ytt\u00f6kielto viiv\u00e4stytt\u00e4nee Starship-alusten testiohjelmaa. SpaceX oli hakenut FAA:lta lupaa 25 testilaukaisuun kuluvan vuoden aikana. Viime vuonna testej\u00e4 tehtiin nelj\u00e4.<\/p>\n<p>Starship on kaikkien aikojen suurin ja tehokkain raketti, jota Yhdysvaltain avaruushallinto Nasa aikoo hy\u00f6dynt\u00e4\u00e4 miehitetyss\u00e4 Artemis-kuuohjelmassaan.<\/p>\n<p>Lue my\u00f6s: <a class=\"underline\" data-testid=\"internal-link\" role=\"link\" data-sentry-element=\"Link\" data-sentry-component=\"InternalLink\" data-sentry-source-file=\"InternalLink.tsx\" href=\"https:\/\/www.mtvuutiset.fi\/artikkeli\/matkustajakoneet-vaistivat-kun-roihuava-avaruusromu-syoksyi-maahan-katso-miten-elon-muskin-yhtion-testi-epaonnistui\/9083676\" rel=\"nofollow noopener\" target=\"_blank\">Matkustajakoneet v\u00e4istiv\u00e4t, kun roihuava avaruusromu sy\u00f6ksyi Maahan \u2013 katso, miten Elon Muskin yhti\u00f6n testi ep\u00e4onnistui<\/a><script async src=\"https:\/\/platform.twitter.com\/widgets.js\" charset=\"utf-8\"><\/script><\/p>\n","protected":false},"excerpt":{"rendered":"Alus hajosi Atlantin yll\u00e4, lentokoneet v\u00e4istiv\u00e4t romua. Avaruusyhti\u00f6 SpaceX:n avaruusalus Starship on asetettu Yhdysvalloissa toistaiseksi lentokieltoon ep\u00e4onnistuneen testilennon&hellip;\n","protected":false},"author":2,"featured_media":36455,"comment_status":"","ping_status":"","sticky":false,"template":"","format":"standard","meta":{"footnotes":""},"categories":[114],"tags":[453,33,31,30,118,452,32,119],"class_list":{"0":"post-36454","1":"post","2":"type-post","3":"status-publish","4":"format-standard","5":"has-post-thumbnail","7":"category-avaruus","8":"tag-avaruus","9":"tag-fi","10":"tag-finland","11":"tag-finnish","12":"tag-science","13":"tag-space","14":"tag-suomi","15":"tag-tiede"},"share_on_mastodon":{"url":"","error":""},"_links":{"self":[{"href":"https:\/\/www.europesays.com\/fi\/wp-json\/wp\/v2\/posts\/36454","targetHints":{"allow":["GET"]}}],"collection":[{"href":"https:\/\/www.europesays.com\/fi\/wp-json\/wp\/v2\/posts"}],"about":[{"href":"https:\/\/www.europesays.com\/fi\/wp-json\/wp\/v2\/types\/post"}],"author":[{"embeddable":true,"href":"https:\/\/www.europesays.com\/fi\/wp-json\/wp\/v2\/users\/2"}],"replies":[{"embeddable":true,"href":"https:\/\/www.europesays.com\/fi\/wp-json\/wp\/v2\/comments?post=36454"}],"version-history":[{"count":0,"href":"https:\/\/www.europesays.com\/fi\/wp-json\/wp\/v2\/posts\/36454\/revisions"}],"wp:featuredmedia":[{"embeddable":true,"href":"https:\/\/www.europesays.com\/fi\/wp-json\/wp\/v2\/media\/36455"}],"wp:attachment":[{"href":"https:\/\/www.europesays.com\/fi\/wp-json\/wp\/v2\/media?parent=36454"}],"wp:term":[{"taxonomy":"category","embeddable":true,"href":"https:\/\/www.europesays.com\/fi\/wp-json\/wp\/v2\/categories?post=36454"},{"taxonomy":"post_tag","embeddable":true,"href":"https:\/\/www.europesays.com\/fi\/wp-json\/wp\/v2\/tags?post=36454"}],"curies":[{"name":"wp","href":"https:\/\/api.w.org\/{rel}","templated":true}]}}