{"id":36466,"date":"2025-09-16T09:55:08","date_gmt":"2025-09-16T09:55:08","guid":{"rendered":"https:\/\/www.europesays.com\/fi\/36466\/"},"modified":"2025-09-16T09:55:08","modified_gmt":"2025-09-16T09:55:08","slug":"kivesjarven-susireviirilla-on-mahdollisesti-uusi-alfapari-ja-lauma-aiempi-johtajanaaras-kuoli-myrkkyyn-kotimaa","status":"publish","type":"post","link":"https:\/\/www.europesays.com\/fi\/36466\/","title":{"rendered":"Kivesj\u00e4rven susireviirill\u00e4 on mahdollisesti uusi alfapari ja lauma \u2013 aiempi johtajanaaras kuoli myrkkyyn | Kotimaa"},"content":{"rendered":"<p class=\"aw-1gybjub aw-5vja16 cmIuaG zKETg yle__article__paragraph\">Puolangalta l\u00f6ytyi myrkytetty naarassusi maaliskuussa. Lauma hajosi, mutta nyt reviirill\u00e4 on n\u00e4hty naarassusi viiden pennun kanssa.<\/p>\n<p><img decoding=\"async\" alt=\"Susi riistakameran kuvassa lumisessa maisemassa.\" src=\"https:\/\/www.europesays.com\/fi\/wp-content\/uploads\/2025\/09\/39-152345368c920b6cf39f.jpeg\" class=\"aw-1l9m598 hKVVvP\"\/><\/p>\n<p>Avaa kuvien katselu<\/p>\n<p>Kuvan susi kulki riistakameran ohi t\u00e4n\u00e4 kev\u00e4\u00e4n\u00e4 Kivesj\u00e4rven susireviirialueella. Kuva: Kivesj\u00e4rven susireviirity\u00f6ryhm\u00e4<\/p>\n<p class=\"aw-1gybjub aw-1p7kakr cmIuaG fmSRng yle__article__paragraph\">Kivesj\u00e4rven susireviirille on mahdollisesti muodostunut uusi susilauma alfanaaraan myrkytyskuoleman j\u00e4lkeen.<\/p>\n<p class=\"aw-1gybjub aw-1p7kakr cmIuaG fmSRng yle__article__paragraph\">Puolangalta l\u00f6ytyi <a class=\"aw-iao6s4 iHOxEa yle__article__link\" href=\"https:\/\/yle.fi\/a\/74-20167036\" role=\"link\" rel=\"nofollow noopener\" target=\"_blank\">strykniinimyrkkyyn kuollut kantava naarassusi maaliskuussa<\/a>, jonka j\u00e4lkeen lauma hajosi ja aikuistuvista pennuista tehtiin havaintoja eri puolilla reviiri\u00e4 Paltamon, Puolangan ja Vaalan alueilla.<\/p>\n<p class=\"aw-1gybjub aw-1p7kakr cmIuaG fmSRng yle__article__paragraph\">Kes\u00e4n aikana havainnot painottuivat Paltamon l\u00e4nsiosiin. Kivesj\u00e4rven seudulla n\u00e4k\u00f6havainnoista ilmoitettiin 25 kertaa, kun edellisvuoden vastaavana aikana kirjattiin vain yksi n\u00e4k\u00f6havainto.<\/p>\n<p class=\"aw-1gybjub aw-1p7kakr cmIuaG fmSRng yle__article__paragraph\">Kivesj\u00e4rven susireviirity\u00f6ryhm\u00e4n puheenjohtaja <strong class=\"aw-ak79eh KyCXm yle__article__strong\">Markku Ronkaisen<\/strong> mukaan kyseess\u00e4 ovat olleet todenn\u00e4k\u00f6isesti hajonneen lauman nuoret sudet, jotka ovat etsineet paikkaansa.<\/p>\n<p><img decoding=\"async\" alt=\"Paltamon Kivesj\u00e4rvi kartalla.\" src=\"https:\/\/www.europesays.com\/fi\/wp-content\/uploads\/2025\/09\/39-152348168c9295946cef.jpeg\" loading=\"lazy\" class=\"aw-1l9m598 hKVVvP\"\/><\/p>\n<p>Avaa kuvien katselu<\/p>\n<p>Kuva: Paulus Markkula \/ Yle<\/p>\n<p class=\"aw-1gybjub aw-1p7kakr cmIuaG fmSRng yle__article__paragraph\">Alueelta on saatu my\u00f6s yksi petoyhdyshenkil\u00f6n luotettavaksi arvioima n\u00e4k\u00f6havainto naarassudesta, jota seurasi viisi pentua.<\/p>\n<p class=\"aw-1gybjub aw-1p7kakr cmIuaG fmSRng yle__article__paragraph\">\u2013 Tieto on yll\u00e4tt\u00e4v\u00e4, koska yleens\u00e4 susireviirill\u00e4 lis\u00e4\u00e4ntyy vain yksi alfapari. Kyseess\u00e4 voi olla esimerkiksi myrkytetyn alfanaaraan edellisvuoden pentu, joka on tullut kiimaan ja l\u00f6yt\u00e4nyt kumppanin. Parittelukumppanina on voinut olla my\u00f6s lauman alfauros, Ronkainen kertoo.<\/p>\n<p>Susireviirity\u00f6ryhm\u00e4\u00e4n kuuluvat:<\/p>\n<ul class=\"aw-1jjocuh iJTSwP yle__article__list yle__article__list--ul\">\n<li class=\"aw-1j7gwms kUeLji\">Paltamon, Vaalan ja Puolangan riistanhoitoyhdistykset<\/li>\n<li class=\"aw-1j7gwms kUeLji\">Kainuun luonnonsuojelupiiri<\/li>\n<li class=\"aw-1j7gwms kUeLji\">Mets\u00e4hallitus<\/li>\n<li class=\"aw-1j7gwms kUeLji\">Kainuun ja Pohjois-Pohjanmaan kennelpiirit<\/li>\n<li class=\"aw-1j7gwms kUeLji\">Suomen mets\u00e4st\u00e4j\u00e4liiton Kainuun piiri<\/li>\n<li class=\"aw-1j7gwms kUeLji\">MTK-Paltamo<\/li>\n<li class=\"aw-1j7gwms kUeLji\">Vaalan, Puolangan ja Paltamon kunnat<\/li>\n<\/ul>\n<p>Lauma voi liikkua jatkossa koko reviirin alueella<\/p>\n<p class=\"aw-1gybjub aw-1p7kakr cmIuaG fmSRng yle__article__paragraph\">Kivesj\u00e4rven susireviirity\u00f6ryhm\u00e4 kehottaa mets\u00e4st\u00e4ji\u00e4 ja koiraharrastajia huomioimaan mahdollisen uuden lauman. Sen ravinnon tarve ja liikkuminen kasvaa pentujen varttuessa ja vanhemmat voivat puolustaa reviiri\u00e4\u00e4n esimerkiksi koiria, mutta my\u00f6s muita susia vastaan.<\/p>\n<p class=\"aw-1gybjub aw-1p7kakr cmIuaG fmSRng yle__article__paragraph\">Viimeist\u00e4\u00e4n lokakuussa, kun pennut ovat noin seitsem\u00e4n kuukauden ik\u00e4isi\u00e4, ne voivat liikkua vanhempien mukana koko reviirin alueella. My\u00f6s muita vaeltavia susia voi liikkua reviirin alueella.<\/p>\n<p class=\"aw-1gybjub aw-1p7kakr cmIuaG fmSRng yle__article__paragraph\">\u2013 Tilanne on t\u00e4ll\u00e4 hetkell\u00e4 hyv\u00e4, viime aikoina laumasta ei ole tehty n\u00e4k\u00f6havaintoja eik\u00e4 yht\u00e4\u00e4n vahinkoa ole tullut tietoon, Ronkainen kertoo.<\/p>\n<p class=\"aw-1gybjub aw-1p7kakr cmIuaG fmSRng yle__article__paragraph\">Tieto uudesta alfaparista varmistuu vasta lumien tultua, kun maastossa n\u00e4kyy lumij\u00e4lki\u00e4 ja Luonnonvarakeskus aloittaa DNA-n\u00e4ytteiden ker\u00e4\u00e4misen. Ulosten\u00e4ytteist\u00e4 voi selvit\u00e4 muun muassa uuden pentueen syntyhistoria.<\/p>\n<p class=\"aw-1gybjub aw-1p7kakr cmIuaG fmSRng yle__article__paragraph\">\u2013 Kaikki on viel\u00e4 arvailua ja joudumme odottamaan n\u00e4ytteiden tuloksia. Niist\u00e4 voidaan todeta, onko naaras entisest\u00e4 laumasta vai tullut jostain muualta.<\/p>\n","protected":false},"excerpt":{"rendered":"Puolangalta l\u00f6ytyi myrkytetty naarassusi maaliskuussa. Lauma hajosi, mutta nyt reviirill\u00e4 on n\u00e4hty naarassusi viiden pennun kanssa. Avaa kuvien&hellip;\n","protected":false},"author":2,"featured_media":36467,"comment_status":"","ping_status":"","sticky":false,"template":"","format":"standard","meta":{"footnotes":""},"categories":[112],"tags":[33,31,30,723,71,72,10221,883,726,118,32,4237,119,4649],"class_list":{"0":"post-36466","1":"post","2":"type-post","3":"status-publish","4":"format-standard","5":"has-post-thumbnail","7":"category-tiede","8":"tag-fi","9":"tag-finland","10":"tag-finnish","11":"tag-kainuu","12":"tag-kotimaa","13":"tag-luonto","14":"tag-paltamo","15":"tag-petoelaimet","16":"tag-puolanka","17":"tag-science","18":"tag-suomi","19":"tag-susi","20":"tag-tiede","21":"tag-vaala"},"share_on_mastodon":{"url":"","error":""},"_links":{"self":[{"href":"https:\/\/www.europesays.com\/fi\/wp-json\/wp\/v2\/posts\/36466","targetHints":{"allow":["GET"]}}],"collection":[{"href":"https:\/\/www.europesays.com\/fi\/wp-json\/wp\/v2\/posts"}],"about":[{"href":"https:\/\/www.europesays.com\/fi\/wp-json\/wp\/v2\/types\/post"}],"author":[{"embeddable":true,"href":"https:\/\/www.europesays.com\/fi\/wp-json\/wp\/v2\/users\/2"}],"replies":[{"embeddable":true,"href":"https:\/\/www.europesays.com\/fi\/wp-json\/wp\/v2\/comments?post=36466"}],"version-history":[{"count":0,"href":"https:\/\/www.europesays.com\/fi\/wp-json\/wp\/v2\/posts\/36466\/revisions"}],"wp:featuredmedia":[{"embeddable":true,"href":"https:\/\/www.europesays.com\/fi\/wp-json\/wp\/v2\/media\/36467"}],"wp:attachment":[{"href":"https:\/\/www.europesays.com\/fi\/wp-json\/wp\/v2\/media?parent=36466"}],"wp:term":[{"taxonomy":"category","embeddable":true,"href":"https:\/\/www.europesays.com\/fi\/wp-json\/wp\/v2\/categories?post=36466"},{"taxonomy":"post_tag","embeddable":true,"href":"https:\/\/www.europesays.com\/fi\/wp-json\/wp\/v2\/tags?post=36466"}],"curies":[{"name":"wp","href":"https:\/\/api.w.org\/{rel}","templated":true}]}}