{"id":36486,"date":"2025-09-16T10:16:07","date_gmt":"2025-09-16T10:16:07","guid":{"rendered":"https:\/\/www.europesays.com\/fi\/36486\/"},"modified":"2025-09-16T10:16:07","modified_gmt":"2025-09-16T10:16:07","slug":"tuska-julkisti-ensimmaiset-esiintyjat-kesalle-bring-me-the-horizon-the-plot-in-you-bad-omens-ja-monta-muuta","status":"publish","type":"post","link":"https:\/\/www.europesays.com\/fi\/36486\/","title":{"rendered":"Tuska julkisti ensimm\u00e4iset esiintyj\u00e4t kes\u00e4lle: Bring Me The Horizon, The Plot In You, Bad Omens ja monta muuta"},"content":{"rendered":"<p>T\u00e4st\u00e4 se alkaa \u2013 Helsingin Suvilahdessa 26.\u201328.6.2026 j\u00e4rjestett\u00e4v\u00e4 Tuska-festivaali on julkaissut ensimm\u00e4iset ensi kes\u00e4n esiintyj\u00e4t. P\u00e4\u00e4esiintyji\u00e4 julkaistaan heti k\u00e4ttelyss\u00e4 kaksin kappalein:<\/p>\n<p>Englannin Sheffieldist\u00e4 tuleva <strong>Bring Me The Horizon<\/strong> lunastaa itseoikeutetusti yhden Tuska 2026 -p\u00e4\u00e4esiintyj\u00e4n paikoista. Deathcoren parista vuonna 2004 aloittanut BMTH taipuu nyky\u00e4\u00e4n pikemminkin vaihtoehtometallin lipun alle elektronisine ja pop-vaikutteineen.<\/p>\n<p>Bring Me The Horizon on luonut oman kaistansa modernin metallin polulla ja on yksi lajityyppins\u00e4 merkitt\u00e4vimpi\u00e4 vaikuttajia ja suunnann\u00e4ytt\u00e4ji\u00e4. Vuonna 2024 ilmestynyt \u201cPOST HUMAN: NeX GEn\u201d -albumi nosti BMTH:n ennest\u00e4\u00e4nkin huiman kansainv\u00e4lisen suosion viel\u00e4kin rajumpiin sf\u00e4\u00e4reihin ja yhtyeen fanipohja jatkaa kasvamistaan, yksi mannerlaattoja vavisuttava keikka kerrallaan.<\/p>\n<p>Artikkeli jatkuu mainoksen j\u00e4lkeen<\/p>\n<p>Mainos p\u00e4\u00e4ttyy<\/p>\n<p>Bring Me The Horizonin toissakes\u00e4inen Tuska-veto oli aikamoinen tajunnanr\u00e4j\u00e4ytt\u00e4j\u00e4 ja b\u00e4ndin ollessa t\u00e4ll\u00e4 hetkell\u00e4 kenties kovemmassa vedossa kuin koskaan, kannattaa vertauskuvallisista ja ihan oikeistakin hatuista pit\u00e4\u00e4 kiinni!<\/p>\n<p>T\u00e4t\u00e4 tilasitte ja t\u00e4\u00e4lt\u00e4 pesee; <strong>Bad Omens<\/strong> on yksi Tuska 2026 -p\u00e4\u00e4esiintyjist\u00e4. B\u00e4ndi joutui perumaan toissakes\u00e4isen Euroopan kiertueensa ja siin\u00e4 samalla hartaasti odotetun Tuska-keikan, joten t\u00e4t\u00e4 on odotettu!<\/p>\n<p>Yhdysvaltalainen metalcore-sensaatio Bad Omens on ehdottomasti t\u00e4m\u00e4n hetken kuumimpia nimi\u00e4 modernin raskaan musiikin saralla. Vuonna 2015 perustettu yhtye sekoittaa raskaan ilmaisun, riipaisevat melodiat ja pist\u00e4m\u00e4tt\u00f6m\u00e4n tyylikk\u00e4\u00e4n tummanpuhuvan estetiikan. Se on yhdistelm\u00e4, joka osuu moneen.<\/p>\n<p>Artikkeli jatkuu mainoksen j\u00e4lkeen<a class=\"gofollow\" data-track=\"MjY4OCw0MSwxLDYw\" href=\"https:\/\/www.provinssi.fi\/liput\/\" rel=\"nofollow noopener\" target=\"_blank\"><img decoding=\"async\" src=\"https:\/\/www.europesays.com\/fi\/wp-content\/uploads\/2025\/09\/pr26-display-980x400-03.jpg\"\/><\/a>Mainos p\u00e4\u00e4ttyy<\/p>\n<p>Vuoden 2022 l\u00e4pimurtolevyll\u00e4 \u201cThe Death of Peace of Mind\u201d, Bad Omens esitteli uudenlaista elektronista syvyytt\u00e4 ja synkkyytt\u00e4, ja sen nimikkokappale nousi viraalihitiksi sosiaalisessa mediassa, ja se n\u00e4kyy yhtyeen fanikunnan r\u00e4j\u00e4hdysm\u00e4isen\u00e4 kasvuna maailmanlaajuisesti. Keulahahmo Noah Sebastianin moniulotteinen \u00e4\u00e4ni on Bad Omensin musiikillinen ydin. Yhtyeen taide on samanaikaisesti \u00e4\u00e4rimm\u00e4isen visuaalista, vangitsevaa ja h\u00e4kellytt\u00e4v\u00e4n henkil\u00f6kohtaista.<\/p>\n<p>Muita nyt julkaistuja Tuska 2026 -esiintyji\u00e4 ovat amerikkalainen metalcore-yhtye<strong> The Plot In You<\/strong>, kokeellista ja psykedeelist\u00e4 death metallia toimittava jenkki-ryhm\u00e4 <strong>Blood Incantation<\/strong>, proge-metallin kanta-isiin lukeutuva amerikkalainen <strong>Queensr\u00ffche<\/strong>, Teksasista tuleva, 90-luvun metallisen hardcoren perinteeseen nojaava ja \u00e4\u00e4rimm\u00e4isen raskaasti vy\u00f6ryv\u00e4 <strong>Kublai Khan<\/strong> TX, englantilainen, perinteist\u00e4 metalcorea jyr\u00e4\u00e4v\u00e4 <strong>Malevolence<\/strong>, G\u00f6teborgista kantautuvan melodisen death metallin uranuurtajiin kuuluva <strong>Soilwork<\/strong>, ylti\u00f6teknist\u00e4 death metallia esitt\u00e4v\u00e4 amerikkalainen <strong>Rivers of Nihil<\/strong>, folk metal -vaikutteilla melodista death metalliaan maustava kotimainen <strong>Ensiferum<\/strong>, kotimaisen metallin eturiviss\u00e4 takova moderni mikkelil\u00e4inen <strong>Bloodred Hourglass<\/strong>, ruotsalainen sinfonisen power metalin sanansaattaja <strong>Majestica<\/strong>, australialainen metalcore-ilmi\u00f6 Melrose Avenue, genrerajat rikkovan yhdistelm\u00e4n mathcorea, nu metallia ja kaoottista emoilua tarjoileva Atlantasta tuleva <strong>The Callous Daoboys<\/strong> sek\u00e4 vanhan liiton death metallia modernilla tatsilla veistelev\u00e4 tanskalainen <strong>Neckbreakker<\/strong>.<\/p>\n<p>Vahvistuneet Tuska 2026 -esiintyj\u00e4t:<br \/><strong>Bring Me The Horizon, Bad Omens<br \/>The Plot In You, Blood Incantation, Queensr\u00ffche<br \/>Kublai Khan TX, Malevolence, Soilwork<br \/>Rivers of Nihil, Ensiferum, Bloodred Hourglass, Majestica<br \/>Melrose Avenue, The Callous Daoboys, Neckbreakker<\/strong><\/p>\n<p>Artistien esiintymisp\u00e4iv\u00e4t ilmoitetaan my\u00f6hemmin.<br \/>Lis\u00e4\u00e4 ohjelmaa julkaistaan loppuvuoden aikana.<\/p>\n<p>Artikkeli jatkuu mainoksen j\u00e4lkeen<a class=\"gofollow\" data-track=\"MjY4OCw0MiwxLDYw\" href=\"https:\/\/www.provinssi.fi\/liput\/\" rel=\"nofollow noopener\" target=\"_blank\"><img decoding=\"async\" src=\"https:\/\/www.europesays.com\/fi\/wp-content\/uploads\/2025\/09\/pr26-display-980x400-03.jpg\"\/><\/a>Mainos p\u00e4\u00e4ttyy<\/p>\n<p>Liput:<br \/>Tuska 2026 3pv-liput, sek\u00e4 VIP 3pv-liput ovat nyt saatavilla Tuskan virallisten lipunmyyntikumppaneiden, Tiketin ja Lippu.fi:n kautta.<br \/>Muut lippukategoriat tulevat myyntiin my\u00f6hemmin.<\/p>\n<p>Kolmen p\u00e4iv\u00e4n liput alk. 239,00\u20ac<br \/>VIP kolmen p\u00e4iv\u00e4n liput alk. 379,00\u20ac<\/p>\n<p>Tuskan ik\u00e4raja on 18 vuotta.<\/p>\n<p>Yhteisty\u00f6ss\u00e4: Fortum, Helsinki, Karhu, Radio City, Redi<\/p>\n<p>Artikkeli jatkuu mainoksen j\u00e4lkeen<a class=\"gofollow\" data-track=\"MjY3Niw0MywxLDYw\" href=\"https:\/\/www.tiketti.fi\/marko-hietala-leverage-rytmikorjaamo-seinajoki-lippuja\/109553\" rel=\"nofollow noopener\" target=\"_blank\"><img decoding=\"async\" src=\"https:\/\/www.europesays.com\/fi\/wp-content\/uploads\/2025\/09\/marko-hietala-980x400-1.jpg\"\/><\/a>Mainos p\u00e4\u00e4ttyy<\/p>\n","protected":false},"excerpt":{"rendered":"T\u00e4st\u00e4 se alkaa \u2013 Helsingin Suvilahdessa 26.\u201328.6.2026 j\u00e4rjestett\u00e4v\u00e4 Tuska-festivaali on julkaissut ensimm\u00e4iset ensi kes\u00e4n esiintyj\u00e4t. P\u00e4\u00e4esiintyji\u00e4 julkaistaan heti&hellip;\n","protected":false},"author":2,"featured_media":36487,"comment_status":"","ping_status":"","sticky":false,"template":"","format":"standard","meta":{"footnotes":""},"categories":[132],"tags":[137,33,31,30,195,47,32,109],"class_list":{"0":"post-36486","1":"post","2":"type-post","3":"status-publish","4":"format-standard","5":"has-post-thumbnail","7":"category-musiikki","8":"tag-entertainment","9":"tag-fi","10":"tag-finland","11":"tag-finnish","12":"tag-music","13":"tag-musiikki","14":"tag-suomi","15":"tag-viihde"},"share_on_mastodon":{"url":"","error":""},"_links":{"self":[{"href":"https:\/\/www.europesays.com\/fi\/wp-json\/wp\/v2\/posts\/36486","targetHints":{"allow":["GET"]}}],"collection":[{"href":"https:\/\/www.europesays.com\/fi\/wp-json\/wp\/v2\/posts"}],"about":[{"href":"https:\/\/www.europesays.com\/fi\/wp-json\/wp\/v2\/types\/post"}],"author":[{"embeddable":true,"href":"https:\/\/www.europesays.com\/fi\/wp-json\/wp\/v2\/users\/2"}],"replies":[{"embeddable":true,"href":"https:\/\/www.europesays.com\/fi\/wp-json\/wp\/v2\/comments?post=36486"}],"version-history":[{"count":0,"href":"https:\/\/www.europesays.com\/fi\/wp-json\/wp\/v2\/posts\/36486\/revisions"}],"wp:featuredmedia":[{"embeddable":true,"href":"https:\/\/www.europesays.com\/fi\/wp-json\/wp\/v2\/media\/36487"}],"wp:attachment":[{"href":"https:\/\/www.europesays.com\/fi\/wp-json\/wp\/v2\/media?parent=36486"}],"wp:term":[{"taxonomy":"category","embeddable":true,"href":"https:\/\/www.europesays.com\/fi\/wp-json\/wp\/v2\/categories?post=36486"},{"taxonomy":"post_tag","embeddable":true,"href":"https:\/\/www.europesays.com\/fi\/wp-json\/wp\/v2\/tags?post=36486"}],"curies":[{"name":"wp","href":"https:\/\/api.w.org\/{rel}","templated":true}]}}