{"id":36488,"date":"2025-09-16T10:17:07","date_gmt":"2025-09-16T10:17:07","guid":{"rendered":"https:\/\/www.europesays.com\/fi\/36488\/"},"modified":"2025-09-16T10:17:07","modified_gmt":"2025-09-16T10:17:07","slug":"kuva-jason-stathamilla-on-taas-parta-ja-se-voi-tarkoittaa-vain-yhta-asiaa","status":"publish","type":"post","link":"https:\/\/www.europesays.com\/fi\/36488\/","title":{"rendered":"Kuva: Jason Stathamilla on taas parta ja se voi tarkoittaa vain yht\u00e4 asiaa"},"content":{"rendered":"\n<p><strong>Jason Statham on antanut karvojen kasvaa.<\/strong><\/p>\n<p>Lukuisista toimintaelokuvista tuttu <a href=\"https:\/\/muropaketti.com\/avainsana\/jason-statham\/\" rel=\"nofollow noopener\" target=\"_blank\">Jason Statham<\/a> on j\u00e4lleen parrakas. T\u00e4t\u00e4 on pidetty selv\u00e4n\u00e4 merkkin\u00e4 siit\u00e4, ett\u00e4 Statham on pian kuvaamassa jatko-osan vuoden 2024 hitttielokuvalleen The Beekeeper, jossa naama oli my\u00f6s naavaa t\u00e4ynn\u00e4.<\/p>\n<p>Jason Stathamin lis\u00e4ksi my\u00f6s Jeremy Irons on mukana The Beekeeper 2:ssa, mutta ohjaaja on mennyt vaihtoon. David Ayerin sijaan elokuvan ohjaa Timo Tjahjanto.<\/p>\n<p>Mik\u00e4li The Beekeeper 2 tosiaan kuvataan t\u00e4n\u00e4 syksyn\u00e4, kuten vahvasti vaikuttaa, voi elokuvaa odottaa teattereihin vuoden 2026 puolella.<\/p>\n<blockquote class=\"twitter-tweet\">\n<p dir=\"ltr\" lang=\"en\">Jason Statham has arrived to <a href=\"https:\/\/twitter.com\/hashtag\/CaneloCrawford?src=hash&amp;ref_src=twsrc%5Etfw\" rel=\"nofollow noopener\" target=\"_blank\">#CaneloCrawford<\/a>! <a href=\"https:\/\/t.co\/hapyfY4lZC\" rel=\"nofollow\">pic.twitter.com\/hapyfY4lZC<\/a><\/p>\n<p>\u2014 Netflix (@netflix) <a href=\"https:\/\/twitter.com\/netflix\/status\/1967021344606048715?ref_src=twsrc%5Etfw\" rel=\"nofollow noopener\" target=\"_blank\">September 14, 2025<\/a><\/p>\n<\/blockquote>\n<p>Ensimm\u00e4isen The Beekeeperin juonikuvaus kuuluu seuraavasti:<\/p>\n<p>\u201dBeekeepers-erikoisjoukoista el\u00e4k\u00f6itynyt Adam Clay (Jason Statham) el\u00e4\u00e4 rauhallista el\u00e4m\u00e4\u00e4 mehil\u00e4isi\u00e4 hoitaen. Kun h\u00e4nen i\u00e4k\u00e4s naapurinsa joutuu huijauksen kohteeksi ja menett\u00e4\u00e4 kaikki s\u00e4\u00e4st\u00f6ns\u00e4 traagisin seurauksin, Clayn on ryhdytt\u00e4v\u00e4 j\u00e4lleen toimiin. Adam Clay p\u00e4\u00e4see jyv\u00e4lle salaliitosta aivan valtaapit\u00e4vien huipulla, miss\u00e4 h\u00e4ik\u00e4ilem\u00e4tt\u00f6m\u00e4t liikemiehet juonittelevat yhteiskunnan heikko-osaisimpia vastaan. Kun ket\u00e4\u00e4n muuta ei kiinnosta saattaa tekij\u00f6it\u00e4 vastuuseen, h\u00e4nen on otettava oikeus omiin k\u00e4siins\u00e4. Teoilla on aina seuraukset.\u201d<\/p>\n<p><strong>Katso The Beekeeper<\/strong><\/p>\n<p><script async src=\"https:\/\/platform.twitter.com\/widgets.js\" charset=\"utf-8\"><\/script><\/p>\n","protected":false},"excerpt":{"rendered":"Jason Statham on antanut karvojen kasvaa. Lukuisista toimintaelokuvista tuttu Jason Statham on j\u00e4lleen parrakas. T\u00e4t\u00e4 on pidetty selv\u00e4n\u00e4&hellip;\n","protected":false},"author":2,"featured_media":36489,"comment_status":"","ping_status":"","sticky":false,"template":"","format":"standard","meta":{"footnotes":""},"categories":[131],"tags":[155,137,33,173,31,30,1831,172,32,8142,109],"class_list":{"0":"post-36488","1":"post","2":"type-post","3":"status-publish","4":"format-standard","5":"has-post-thumbnail","7":"category-elokuvat","8":"tag-elokuvat","9":"tag-entertainment","10":"tag-fi","11":"tag-film","12":"tag-finland","13":"tag-finnish","14":"tag-jason-statham","15":"tag-movies","16":"tag-suomi","17":"tag-the-beekeeper","18":"tag-viihde"},"share_on_mastodon":{"url":"","error":""},"_links":{"self":[{"href":"https:\/\/www.europesays.com\/fi\/wp-json\/wp\/v2\/posts\/36488","targetHints":{"allow":["GET"]}}],"collection":[{"href":"https:\/\/www.europesays.com\/fi\/wp-json\/wp\/v2\/posts"}],"about":[{"href":"https:\/\/www.europesays.com\/fi\/wp-json\/wp\/v2\/types\/post"}],"author":[{"embeddable":true,"href":"https:\/\/www.europesays.com\/fi\/wp-json\/wp\/v2\/users\/2"}],"replies":[{"embeddable":true,"href":"https:\/\/www.europesays.com\/fi\/wp-json\/wp\/v2\/comments?post=36488"}],"version-history":[{"count":0,"href":"https:\/\/www.europesays.com\/fi\/wp-json\/wp\/v2\/posts\/36488\/revisions"}],"wp:featuredmedia":[{"embeddable":true,"href":"https:\/\/www.europesays.com\/fi\/wp-json\/wp\/v2\/media\/36489"}],"wp:attachment":[{"href":"https:\/\/www.europesays.com\/fi\/wp-json\/wp\/v2\/media?parent=36488"}],"wp:term":[{"taxonomy":"category","embeddable":true,"href":"https:\/\/www.europesays.com\/fi\/wp-json\/wp\/v2\/categories?post=36488"},{"taxonomy":"post_tag","embeddable":true,"href":"https:\/\/www.europesays.com\/fi\/wp-json\/wp\/v2\/tags?post=36488"}],"curies":[{"name":"wp","href":"https:\/\/api.w.org\/{rel}","templated":true}]}}