{"id":36496,"date":"2025-09-16T10:24:06","date_gmt":"2025-09-16T10:24:06","guid":{"rendered":"https:\/\/www.europesays.com\/fi\/36496\/"},"modified":"2025-09-16T10:24:06","modified_gmt":"2025-09-16T10:24:06","slug":"tama-on-kuvottavaa-ruotsin-ministerit-ryopyttavat-palestiina-aktivisteja","status":"publish","type":"post","link":"https:\/\/www.europesays.com\/fi\/36496\/","title":{"rendered":"&#8221;T\u00e4m\u00e4 on kuvottavaa&#8221; &#8211; Ruotsin ministerit ry\u00f6pytt\u00e4v\u00e4t Palestiina-aktivisteja"},"content":{"rendered":"<p class=\"ai-optimize-9 ai-optimize-introduction\">Palestiinaa tukevat mielenosoittajat kokoontuivat maanantaina iltap\u00e4iv\u00e4ll\u00e4 juutalaiskoulun edustalle Tukholman keskustassa. Kyseess\u00e4 on ala-aste, joten mielenilmaus on her\u00e4tt\u00e4nyt voimakkaita reaktioita Ruotsissa. Asiasta kertoo <a href=\"https:\/\/www.expressen.se\/nyheter\/varlden\/kulturministern-rasar-mot-protest-vid-judiska-skolan-vedervardigt\/\" target=\"_blank\" rel=\"noopener nofollow\">Expressen<\/a>.<\/p>\n<p class=\"ai-optimize-11\">\u2013 Taas yksi raja on ylitetty. T\u00e4m\u00e4 on kuvottavaa, kommentoi Ruotsin kulttuuriministeri <strong>Parisa Liljestrand<\/strong> Instagramissa.<\/p>\n<p class=\"ai-optimize-12\" data-start=\"23\" data-end=\"129\">Ulkoministeri <strong>Maria Malmer Stenergard<\/strong> (M) tuomitsee my\u00f6s mielenosoituksen.<\/p>\n<p class=\"ai-optimize-13\" data-start=\"131\" data-end=\"369\">\u2013 T\u00e4ss\u00e4 ei ole kyse sananvapaudesta, vaan pelon ja kauhun luomisesta lapsille, jotka asuvat Ruotsissa. Lapsille, joiden perheit\u00e4 on vainottu sukupolvien ajan. Tunnen pelk\u00e4st\u00e4\u00e4n inhoa niit\u00e4 kohtaan, jotka tekev\u00e4t t\u00e4llaista, h\u00e4n kirjoittaa X-palvelussa.<\/p>\n<p class=\"ai-optimize-16\" data-start=\"131\" data-end=\"369\">Ruotsin sosiaalidemokraattien puheenjohtaja, entinen p\u00e4\u00e4ministeri <strong>Magdalena Andersson<\/strong> kirjoittaa X:ss\u00e4, ett\u00e4 kaikkien lasten pit\u00e4isi voida tuntea olonsa turvalliseksi koulussa ja koulumatkalla.<\/p>\n<p class=\"ai-optimize-17\" data-start=\"131\" data-end=\"369\">\u2013 Siksi mielenosoitus Israelia vastaan \u200b\u200bjuutalaisen koulun edustalla on t\u00e4ysin sopimaton. Ruotsinjuutalaisilla ei ole mit\u00e4\u00e4n vastuuta (<strong>Benjamin<\/strong>) <strong>Netanjahun<\/strong> \u00e4\u00e4rioikeistolaisen hallituksen toimista, h\u00e4n kirjoittaa.<\/p>\n<p class=\"ai-optimize-6\" data-start=\"131\" data-end=\"369\">Poliisi on turvannut juutalaislasten koulua jo kahden vuoden ajan turvallisuussyiden takia.<\/p>\n<p class=\"ai-optimize-7\" data-start=\"131\" data-end=\"369\">\u2013 Meill\u00e4 on tilanne, jossa juutalaiset lapset tarvitsevat poliisisuojaa, koska heihin kohdistuu uhka. Silti pieni joukko mielenosoittajia valitsee juuri tuon paikan, h\u00e4mm\u00e4stelee juutalaisen keskusneuvoston puheenjohtaja <strong>Aron Verst\u00e4ndig<\/strong> Expressenille.<\/p>\n<p class=\"ai-optimize-8\" data-start=\"131\" data-end=\"369\">\u2013 Jos haluaa osoittaa mielt\u00e4\u00e4n Israelin valtiota vastaan, Israelilla on suurl\u00e4hetyst\u00f6 Tukholmassa, h\u00e4n muistuttaa.<\/p>\n<blockquote class=\"twitter-tweet\" data-width=\"550\" data-dnt=\"true\">\n<p lang=\"sv\" dir=\"ltr\">Det h\u00e4r handlar inte om yttrandefrihet, utan om att skapa skr\u00e4ck och r\u00e4dsla hos barn som bor i Sverige. Vars familjer i generationer har blivit f\u00f6rf\u00f6ljda. Jag k\u00e4nner bara avsky mot dem som g\u00f6r detta. <\/p>\n<p>Det \u00e4r en helt ny r\u00f6relse som v\u00e4xer fram. Som g\u00f6mmer sig bakom\u2026 <a href=\"https:\/\/t.co\/qc0EDTR9ia\" rel=\"nofollow\">https:\/\/t.co\/qc0EDTR9ia<\/a><\/p>\n<p>\u2014 Maria M Stenergard (@MariaStenergard) <a href=\"https:\/\/twitter.com\/MariaStenergard\/status\/1967655892226052497?ref_src=twsrc%5Etfw\" rel=\"nofollow noopener\" target=\"_blank\">September 15, 2025<\/a><\/p>\n<\/blockquote>\n<blockquote class=\"twitter-tweet\" data-width=\"550\" data-dnt=\"true\">\n<p lang=\"sv\" dir=\"ltr\">Alla barn och ungdomar ska kunna k\u00e4nna sig trygga n\u00e4r man g\u00e5r till och fr\u00e5n skolan. D\u00e4rf\u00f6r \u00e4r en demonstration mot Israel utanf\u00f6r judiska skolan djupt ol\u00e4mplig. Svenska judar har inget ansvar f\u00f6r Netanyahus h\u00f6gerextrema regerings agerande.<\/p>\n<p>\u2014 Magdalena Andersson (@magdandersson) <a href=\"https:\/\/twitter.com\/magdandersson\/status\/1967684879761698840?ref_src=twsrc%5Etfw\" rel=\"nofollow noopener\" target=\"_blank\">September 15, 2025<\/a><\/p>\n<\/blockquote>\n<blockquote class=\"instagram-media\" style=\"background: #FFF; border: 0; border-radius: 3px; box-shadow: 0 0 1px 0 rgba(0,0,0,0.5),0 1px 10px 0 rgba(0,0,0,0.15); margin: 1px; max-width: 540px; min-width: 326px; padding: 0; width: calc(100% - 2px);\" data-instgrm-captioned=\"\" data-instgrm-permalink=\"https:\/\/www.instagram.com\/p\/DOohlTYDK2F\/?utm_source=ig_embed&amp;utm_campaign=loading\" data-instgrm-version=\"14\">\n<\/blockquote>\n<p>Poimintoja videosis\u00e4ll\u00f6ist\u00e4mme<\/p>\n<p>\t\t\t\t<script async src=\"https:\/\/platform.twitter.com\/widgets.js\" charset=\"utf-8\"><\/script><script async src=\"\/\/www.instagram.com\/embed.js\"><\/script><\/p>\n","protected":false},"excerpt":{"rendered":"Palestiinaa tukevat mielenosoittajat kokoontuivat maanantaina iltap\u00e4iv\u00e4ll\u00e4 juutalaiskoulun edustalle Tukholman keskustassa. Kyseess\u00e4 on ala-aste, joten mielenilmaus on her\u00e4tt\u00e4nyt voimakkaita&hellip;\n","protected":false},"author":2,"featured_media":36497,"comment_status":"","ping_status":"","sticky":false,"template":"","format":"standard","meta":{"footnotes":""},"categories":[14],"tags":[22,23,26,27,33,31,30,17,993,24,25,28,29,15,18,21,7428,110,32,19,20,56,16,59,60,61],"class_list":{"0":"post-36496","1":"post","2":"type-post","3":"status-publish","4":"format-standard","5":"has-post-thumbnail","7":"category-ulkomaat","8":"tag-breaking-news","9":"tag-breakingnews","10":"tag-featured-news","11":"tag-featurednews","12":"tag-fi","13":"tag-finland","14":"tag-finnish","15":"tag-headlines","16":"tag-israel","17":"tag-latest-news","18":"tag-latestnews","19":"tag-main-news","20":"tag-mainnews","21":"tag-news","22":"tag-otsikot","23":"tag-paauutiset","24":"tag-palestiina","25":"tag-ruotsi","26":"tag-suomi","27":"tag-top-stories","28":"tag-topstories","29":"tag-ulkomaat","30":"tag-uutiset","31":"tag-world","32":"tag-world-news","33":"tag-worldnews"},"share_on_mastodon":{"url":"","error":""},"_links":{"self":[{"href":"https:\/\/www.europesays.com\/fi\/wp-json\/wp\/v2\/posts\/36496","targetHints":{"allow":["GET"]}}],"collection":[{"href":"https:\/\/www.europesays.com\/fi\/wp-json\/wp\/v2\/posts"}],"about":[{"href":"https:\/\/www.europesays.com\/fi\/wp-json\/wp\/v2\/types\/post"}],"author":[{"embeddable":true,"href":"https:\/\/www.europesays.com\/fi\/wp-json\/wp\/v2\/users\/2"}],"replies":[{"embeddable":true,"href":"https:\/\/www.europesays.com\/fi\/wp-json\/wp\/v2\/comments?post=36496"}],"version-history":[{"count":0,"href":"https:\/\/www.europesays.com\/fi\/wp-json\/wp\/v2\/posts\/36496\/revisions"}],"wp:featuredmedia":[{"embeddable":true,"href":"https:\/\/www.europesays.com\/fi\/wp-json\/wp\/v2\/media\/36497"}],"wp:attachment":[{"href":"https:\/\/www.europesays.com\/fi\/wp-json\/wp\/v2\/media?parent=36496"}],"wp:term":[{"taxonomy":"category","embeddable":true,"href":"https:\/\/www.europesays.com\/fi\/wp-json\/wp\/v2\/categories?post=36496"},{"taxonomy":"post_tag","embeddable":true,"href":"https:\/\/www.europesays.com\/fi\/wp-json\/wp\/v2\/tags?post=36496"}],"curies":[{"name":"wp","href":"https:\/\/api.w.org\/{rel}","templated":true}]}}