{"id":36505,"date":"2025-09-16T10:41:06","date_gmt":"2025-09-16T10:41:06","guid":{"rendered":"https:\/\/www.europesays.com\/fi\/36505\/"},"modified":"2025-09-16T10:41:06","modified_gmt":"2025-09-16T10:41:06","slug":"ylen-teksti-tvssa-hairio-uutisia-lyhyesti","status":"publish","type":"post","link":"https:\/\/www.europesays.com\/fi\/36505\/","title":{"rendered":"Ylen teksti-tv:ss\u00e4 h\u00e4iri\u00f6 | Uutisia lyhyesti"},"content":{"rendered":"<p class=\"aw-1gybjub aw-1p7kakr cmIuaG fmSRng yle__article__paragraph\">Ylen teksti-tv:ss\u00e4 on tilap\u00e4inen h\u00e4iri\u00f6, joka est\u00e4\u00e4 sis\u00e4ll\u00f6n p\u00e4ivitt\u00e4misen.<\/p>\n<p class=\"aw-1gybjub aw-1p7kakr cmIuaG fmSRng yle__article__paragraph\">Ylen uutistuotantopalveluista kerrotaan, ett\u00e4 kyse on tietoliikenneongelmasta, jonka korjausty\u00f6t ovat k\u00e4ynniss\u00e4.<\/p>\n<p class=\"aw-1gybjub aw-1p7kakr cmIuaG fmSRng yle__article__paragraph\">Vika ei liity Digitan v\u00e4litt\u00e4mien antenni-tv- ja radiol\u00e4hetyksien <a class=\"aw-iao6s4 iHOxEa yle__article__link\" href=\"https:\/\/yle.fi\/a\/74-20183180\" role=\"link\" rel=\"nofollow noopener\" target=\"_blank\">h\u00e4iri\u00f6ihin<\/a>, joita on esiintynyt tiistaiaamup\u00e4iv\u00e4n aikana Etel\u00e4- ja It\u00e4-Suomessa.<\/p>\n<p class=\"aw-1gybjub aw-1p7kakr cmIuaG fmSRng yle__article__paragraph\">Teksti-tv:n vian p\u00e4\u00e4ttymisest\u00e4 ei ole viel\u00e4 arviota.<\/p>\n","protected":false},"excerpt":{"rendered":"Ylen teksti-tv:ss\u00e4 on tilap\u00e4inen h\u00e4iri\u00f6, joka est\u00e4\u00e4 sis\u00e4ll\u00f6n p\u00e4ivitt\u00e4misen. Ylen uutistuotantopalveluista kerrotaan, ett\u00e4 kyse on tietoliikenneongelmasta, jonka korjausty\u00f6t&hellip;\n","protected":false},"author":2,"featured_media":36506,"comment_status":"","ping_status":"","sticky":false,"template":"","format":"standard","meta":{"footnotes":""},"categories":[133],"tags":[137,33,31,30,10037,71,32,10225,206,634,156,109],"class_list":{"0":"post-36505","1":"post","2":"type-post","3":"status-publish","4":"format-standard","5":"has-post-thumbnail","7":"category-televisiot","8":"tag-entertainment","9":"tag-fi","10":"tag-finland","11":"tag-finnish","12":"tag-hairiot","13":"tag-kotimaa","14":"tag-suomi","15":"tag-teksti-tv","16":"tag-televisiot","17":"tag-tietoliikenne","18":"tag-tv","19":"tag-viihde"},"share_on_mastodon":{"url":"","error":""},"_links":{"self":[{"href":"https:\/\/www.europesays.com\/fi\/wp-json\/wp\/v2\/posts\/36505","targetHints":{"allow":["GET"]}}],"collection":[{"href":"https:\/\/www.europesays.com\/fi\/wp-json\/wp\/v2\/posts"}],"about":[{"href":"https:\/\/www.europesays.com\/fi\/wp-json\/wp\/v2\/types\/post"}],"author":[{"embeddable":true,"href":"https:\/\/www.europesays.com\/fi\/wp-json\/wp\/v2\/users\/2"}],"replies":[{"embeddable":true,"href":"https:\/\/www.europesays.com\/fi\/wp-json\/wp\/v2\/comments?post=36505"}],"version-history":[{"count":0,"href":"https:\/\/www.europesays.com\/fi\/wp-json\/wp\/v2\/posts\/36505\/revisions"}],"wp:featuredmedia":[{"embeddable":true,"href":"https:\/\/www.europesays.com\/fi\/wp-json\/wp\/v2\/media\/36506"}],"wp:attachment":[{"href":"https:\/\/www.europesays.com\/fi\/wp-json\/wp\/v2\/media?parent=36505"}],"wp:term":[{"taxonomy":"category","embeddable":true,"href":"https:\/\/www.europesays.com\/fi\/wp-json\/wp\/v2\/categories?post=36505"},{"taxonomy":"post_tag","embeddable":true,"href":"https:\/\/www.europesays.com\/fi\/wp-json\/wp\/v2\/tags?post=36505"}],"curies":[{"name":"wp","href":"https:\/\/api.w.org\/{rel}","templated":true}]}}