{"id":36507,"date":"2025-09-16T10:42:07","date_gmt":"2025-09-16T10:42:07","guid":{"rendered":"https:\/\/www.europesays.com\/fi\/36507\/"},"modified":"2025-09-16T10:42:07","modified_gmt":"2025-09-16T10:42:07","slug":"espanjan-yleisradio-paatti-maa-ei-osallistu-kilpailuun-jos-israel-on-mukana","status":"publish","type":"post","link":"https:\/\/www.europesays.com\/fi\/36507\/","title":{"rendered":"Espanjan yleisradio p\u00e4\u00e4tti: maa ei osallistu kilpailuun, jos Israel on mukana"},"content":{"rendered":"<p>Euroviisut|Sit\u00e4 vastoin niin ik\u00e4\u00e4n Euroviisujen rahoittajamaa Britannia odottaa viel\u00e4 EBU:n p\u00e4\u00e4t\u00f6st\u00e4 Israel-kysymyksess\u00e4.<\/p>\n<p class=\"article-body mb-nof-24 px-nof-16\">Tiistaina Espanjan yleisradioyhti\u00f6 <a class=\"article-genericlink\" href=\"https:\/\/www.rtve.es\/noticias\/20250916\/rtve-eurovision-participacion-israel\/16730487.shtml\" rel=\"nofollow noopener\" target=\"_blank\">RTVE:n<\/a> hallintoneuvosto p\u00e4\u00e4tti, ett\u00e4 Espanja ei osallistu Euroviisuihin, jos Israel osallistuu laulukilpailuun Gazan veril\u00f6ylyn jatkuessa.<\/p>\n<p class=\"article-body mb-nof-24 px-nof-16\">Espanja on yksi Euroviisujen rahoittajamaista.<\/p>\n<p class=\"article-body mb-nof-24 px-nof-16\">Maanantaina useat muutkin Euroopan maat uhkasivat j\u00e4\u00e4v\u00e4ns\u00e4 pois Euroviisuista, jos Israel on mukana. Britannian yleisradioyhti\u00f6n BBC:n p\u00e4\u00e4johtajan <a class=\"article-personlink\" href=\"https:\/\/www.hs.fi\/haku\/?query=Tim%20Davien\" rel=\"nofollow noopener\" target=\"_blank\">Tim Davien<\/a> mielest\u00e4 Euroviisut ei ole poliittinen tapahtuma. Davie kommentoi asiaa maanantaina Euroopan maiden ilmoitusten j\u00e4lkeen.<\/p>\n<p class=\"article-body mb-nof-24 px-nof-16\"><a class=\"article-genericlink\" href=\"https:\/\/www.hs.fi\/kulttuuri\/art-2000011489088.html\" rel=\"nofollow noopener\" target=\"_blank\">BBC:n<\/a> mukaan Davie sanoo olevansa tietoinen siit\u00e4, ett\u00e4 Israelin osallistuminen on aiheuttanut huolestumista.<\/p>\n<p class=\"article-body mb-nof-24 px-nof-16\">\u201dEuroviisuissa ei ole koskaan ollut kyse politiikasta. Sen kuuluu olla musiikin ja kulttuurin juhla, joka yhdist\u00e4\u00e4 ihmisi\u00e4\u201d, Davie sanoo.<\/p>\n<p class=\"article-body mb-nof-24 px-nof-16\">H\u00e4nen mukaansa BBC k\u00e4sittelee asiaa yhdess\u00e4 Euroviisuja j\u00e4rjest\u00e4v\u00e4n Euroopan yleisradiounionin EBU:n kanssa ja odottaa EBU:n p\u00e4\u00e4t\u00f6st\u00e4.<\/p>\n<p class=\"article-body mb-nof-24 px-nof-16\">Britannia on yksi Euroviisujen alkuper\u00e4isist\u00e4 rahoittajamaista. Espanjan ilmoituksen lis\u00e4ksi toistaiseksi EBU-maista Hollanti, Irlanti, Slovenia ja Islanti ovat uhanneet boikotoivansa kilpailua Israelin osallistumisen takia.<\/p>\n<p class=\"article-body mb-nof-24 px-nof-16\">Espanjan p\u00e4\u00e4ministeri <a class=\"article-personlink\" href=\"https:\/\/www.hs.fi\/haku\/?query=Pedro%20S%C3%A1nchez\" rel=\"nofollow noopener\" target=\"_blank\">Pedro S\u00e1nchez<\/a> on syytt\u00e4nyt Israelia palestiinalaisten kansanmurhasta Gazassa. Israel on kiist\u00e4nyt v\u00e4itteet.<\/p>\n<p class=\"article-body mb-nof-24 px-nof-16\">My\u00f6s Yle on <a class=\"article-genericlink\" href=\"https:\/\/www.hs.fi\/kulttuuri\/art-2000011489088.html\" rel=\"nofollow noopener\" target=\"_blank\">keskustellut<\/a> Israel-kysymyksest\u00e4 EBU:n kanssa. Ylen Kulttuuri ja asia -yksik\u00f6n johtajan <a class=\"article-personlink\" href=\"https:\/\/www.hs.fi\/haku\/?query=Johanna%20T%C3%B6rn-Mangsin\" rel=\"nofollow noopener\" target=\"_blank\">Johanna T\u00f6rn-Mangsin<\/a> mukaan Yless\u00e4 ei ole kuitenkaan k\u00e4yty keskusteluja mahdollisesta Euroviisujen boikotoinnista.<\/p>\n<p class=\"article-body mb-nof-24 px-nof-16\">EBU:n j\u00e4senmaiden on ilmoitettava osallistumisestaan joulukuun puoliv\u00e4liin menness\u00e4. Ensi vuoden viisufinaali j\u00e4rjestet\u00e4\u00e4n toukokuussa It\u00e4vallan Wieniss\u00e4.<\/p>\n","protected":false},"excerpt":{"rendered":"Euroviisut|Sit\u00e4 vastoin niin ik\u00e4\u00e4n Euroviisujen rahoittajamaa Britannia odottaa viel\u00e4 EBU:n p\u00e4\u00e4t\u00f6st\u00e4 Israel-kysymyksess\u00e4. Tiistaina Espanjan yleisradioyhti\u00f6 RTVE:n hallintoneuvosto p\u00e4\u00e4tti,&hellip;\n","protected":false},"author":2,"featured_media":36508,"comment_status":"","ping_status":"","sticky":false,"template":"","format":"standard","meta":{"footnotes":""},"categories":[132],"tags":[137,33,31,30,46,195,47,32,109],"class_list":{"0":"post-36507","1":"post","2":"type-post","3":"status-publish","4":"format-standard","5":"has-post-thumbnail","7":"category-musiikki","8":"tag-entertainment","9":"tag-fi","10":"tag-finland","11":"tag-finnish","12":"tag-helsingin-sanomat","13":"tag-music","14":"tag-musiikki","15":"tag-suomi","16":"tag-viihde"},"share_on_mastodon":{"url":"","error":""},"_links":{"self":[{"href":"https:\/\/www.europesays.com\/fi\/wp-json\/wp\/v2\/posts\/36507","targetHints":{"allow":["GET"]}}],"collection":[{"href":"https:\/\/www.europesays.com\/fi\/wp-json\/wp\/v2\/posts"}],"about":[{"href":"https:\/\/www.europesays.com\/fi\/wp-json\/wp\/v2\/types\/post"}],"author":[{"embeddable":true,"href":"https:\/\/www.europesays.com\/fi\/wp-json\/wp\/v2\/users\/2"}],"replies":[{"embeddable":true,"href":"https:\/\/www.europesays.com\/fi\/wp-json\/wp\/v2\/comments?post=36507"}],"version-history":[{"count":0,"href":"https:\/\/www.europesays.com\/fi\/wp-json\/wp\/v2\/posts\/36507\/revisions"}],"wp:featuredmedia":[{"embeddable":true,"href":"https:\/\/www.europesays.com\/fi\/wp-json\/wp\/v2\/media\/36508"}],"wp:attachment":[{"href":"https:\/\/www.europesays.com\/fi\/wp-json\/wp\/v2\/media?parent=36507"}],"wp:term":[{"taxonomy":"category","embeddable":true,"href":"https:\/\/www.europesays.com\/fi\/wp-json\/wp\/v2\/categories?post=36507"},{"taxonomy":"post_tag","embeddable":true,"href":"https:\/\/www.europesays.com\/fi\/wp-json\/wp\/v2\/tags?post=36507"}],"curies":[{"name":"wp","href":"https:\/\/api.w.org\/{rel}","templated":true}]}}