{"id":36515,"date":"2025-09-16T10:47:10","date_gmt":"2025-09-16T10:47:10","guid":{"rendered":"https:\/\/www.europesays.com\/fi\/36515\/"},"modified":"2025-09-16T10:47:10","modified_gmt":"2025-09-16T10:47:10","slug":"jarmo-lahti-kalasta-kotiin-sitten-auton-eteen-tupsahti-poikkeuksellinen-naky","status":"publish","type":"post","link":"https:\/\/www.europesays.com\/fi\/36515\/","title":{"rendered":"Jarmo l\u00e4hti kalasta kotiin \u2013 Sitten auton eteen tupsahti poikkeuksellinen n\u00e4ky"},"content":{"rendered":"<p><a href=\"https:\/\/www.iltalehti.fi\/kotimaa\" class=\"breadcrumb breadcrumb-uutiset\" rel=\"nofollow noopener\" target=\"_blank\">Kotimaa<\/a><\/p>\n<p>Birdlifen viestint\u00e4p\u00e4\u00e4llik\u00f6n mukaan ei ole tyypillist\u00e4, ett\u00e4 merikotka p\u00e4\u00e4st\u00e4\u00e4 ihmist\u00e4 l\u00e4helleen. <\/p>\n<p>Jarmo onnistui tallentamaan n\u00e4ytt\u00e4v\u00e4n linnun videolle. Aleksi Pylv\u00e4n\u00e4inen<\/p>\n<p><a href=\"https:\/\/www.iltalehti.fi\/kirjoittajat\/Aleksi Pylv\u00e4n\u00e4inen\" rel=\"nofollow noopener\" target=\"_blank\"><img decoding=\"async\" class=\"author-image-img\" alt=\"Tekij\u00e4n kuva\" src=\"https:\/\/www.europesays.com\/fi\/wp-content\/uploads\/2025\/09\/38b67f965bc0f49effeab377bb575d38c6056a6834e7fa70c58687a6e488cd4e.png\"\/><\/a>L\u00c4HET\u00c4 VIDEOSI MEILLE<\/p>\n<p class=\"paragraph\">Iltalehti maksaa jokaisesta julkaistusta videosta v\u00e4hint\u00e4\u00e4n 60 euroa. Valitsemme joka kuukausi parhaan lukijan l\u00e4hett\u00e4m\u00e4n videon, ja maksamme parhaasta videosta per\u00e4ti 550 euroa.<\/p>\n<p class=\"paragraph\">L\u00e4het\u00e4 meille videosi Whatsappilla puhelinnumeroon 050 571 4530 tai s\u00e4hk\u00f6postilla osoitteeseen il-tv@iltalehti.fi. Voit my\u00f6s l\u00e4hett\u00e4\u00e4 videon lataamalla sen uutisvihjelomakkeen kautta. Muista liitt\u00e4\u00e4 mukaan yhteystietosi.<\/p>\n<p class=\"paragraph\">Muista, ett\u00e4 onnettomuuksissa pit\u00e4\u00e4 auttaa ensin loukkaantuneita, h\u00e4lytt\u00e4\u00e4 apua (h\u00e4t\u00e4numero 112) ja varoittaa muita. Onnettomuuspaikalle ei saa pys\u00e4hty\u00e4 kuvaamaan, jos se h\u00e4iritsee pelastust\u00f6it\u00e4 tai vaarantaa muuta liikennett\u00e4. Iltalehti ei julkaise kuvia onnettomuuksien uhreista.<\/p>\n","protected":false},"excerpt":{"rendered":"Kotimaa Birdlifen viestint\u00e4p\u00e4\u00e4llik\u00f6n mukaan ei ole tyypillist\u00e4, ett\u00e4 merikotka p\u00e4\u00e4st\u00e4\u00e4 ihmist\u00e4 l\u00e4helleen. Jarmo onnistui tallentamaan n\u00e4ytt\u00e4v\u00e4n linnun videolle.&hellip;\n","protected":false},"author":2,"featured_media":36516,"comment_status":"","ping_status":"","sticky":false,"template":"","format":"standard","meta":{"footnotes":""},"categories":[112],"tags":[35,404,33,31,30,121,72,785,118,591,32,119],"class_list":{"0":"post-36515","1":"post","2":"type-post","3":"status-publish","4":"format-standard","5":"has-post-thumbnail","7":"category-tiede","8":"tag-24h","9":"tag-elaimet","10":"tag-fi","11":"tag-finland","12":"tag-finnish","13":"tag-liikenne-ja-kuljetus","14":"tag-luonto","15":"tag-nisakkaat","16":"tag-science","17":"tag-selkarankaiset","18":"tag-suomi","19":"tag-tiede"},"share_on_mastodon":{"url":"","error":""},"_links":{"self":[{"href":"https:\/\/www.europesays.com\/fi\/wp-json\/wp\/v2\/posts\/36515","targetHints":{"allow":["GET"]}}],"collection":[{"href":"https:\/\/www.europesays.com\/fi\/wp-json\/wp\/v2\/posts"}],"about":[{"href":"https:\/\/www.europesays.com\/fi\/wp-json\/wp\/v2\/types\/post"}],"author":[{"embeddable":true,"href":"https:\/\/www.europesays.com\/fi\/wp-json\/wp\/v2\/users\/2"}],"replies":[{"embeddable":true,"href":"https:\/\/www.europesays.com\/fi\/wp-json\/wp\/v2\/comments?post=36515"}],"version-history":[{"count":0,"href":"https:\/\/www.europesays.com\/fi\/wp-json\/wp\/v2\/posts\/36515\/revisions"}],"wp:featuredmedia":[{"embeddable":true,"href":"https:\/\/www.europesays.com\/fi\/wp-json\/wp\/v2\/media\/36516"}],"wp:attachment":[{"href":"https:\/\/www.europesays.com\/fi\/wp-json\/wp\/v2\/media?parent=36515"}],"wp:term":[{"taxonomy":"category","embeddable":true,"href":"https:\/\/www.europesays.com\/fi\/wp-json\/wp\/v2\/categories?post=36515"},{"taxonomy":"post_tag","embeddable":true,"href":"https:\/\/www.europesays.com\/fi\/wp-json\/wp\/v2\/tags?post=36515"}],"curies":[{"name":"wp","href":"https:\/\/api.w.org\/{rel}","templated":true}]}}