{"id":36517,"date":"2025-09-16T10:48:25","date_gmt":"2025-09-16T10:48:25","guid":{"rendered":"https:\/\/www.europesays.com\/fi\/36517\/"},"modified":"2025-09-16T10:48:25","modified_gmt":"2025-09-16T10:48:25","slug":"tassa-ovat-apple-uutuuksien-hinnat-suomessa-taman-verran-uudet-iphonet-apple-watchit-ja-airpods-pro-3-kuulokkeet-maksavat","status":"publish","type":"post","link":"https:\/\/www.europesays.com\/fi\/36517\/","title":{"rendered":"T\u00e4ss\u00e4 ovat Apple-uutuuksien hinnat Suomessa \u2013 t\u00e4m\u00e4n verran uudet iPhonet, Apple Watchit ja AirPods Pro 3 -kuulokkeet maksavat"},"content":{"rendered":"<p><a href=\"https:\/\/mobiili.fi\/wp-content\/uploads\/2025\/09\/iphone_17_pro_cameras.jpg\" data-lightbox=\"image\" rel=\"nofollow noopener\" target=\"_blank\"><img fetchpriority=\"high\" decoding=\"async\" aria-describedby=\"caption-attachment-265220\" class=\"size-large wp-image-265220\" src=\"data:image\/svg+xml,%3Csvg%20xmlns=\" http:=\"\" alt=\"iPhone 17 Pro.\" width=\"1200\" height=\"675\" data-lazy- data-lazy- data-lazy-src=\"https:\/\/www.europesays.com\/fi\/wp-content\/uploads\/2025\/09\/iphone_17_pro_cameras-1200x675.jpg\"\/><\/a><\/p>\n<p id=\"caption-attachment-265220\" class=\"wp-caption-text\">iPhone 17 Pro.<\/p>\n<p>Apple on julkistanut odotetut uutuutensa \u2013 nelj\u00e4 uutta iPhone-mallia, kolme uutta Apple Watch -mallia sek\u00e4 AirPods Pro 3 -kuulokkeet.<\/p>\n<p>Applen uutuudet tulevat saataville perjantaista 19. syyskuuta alkaen. Ker\u00e4simme alle uutuuksien suositushinnat Suomessa.<\/p>\n<p>iPhone 17, iPhone Air, iPhone 17 Pro ja iPhone 17 Pro Max<\/p>\n<p>iPhone 17, iPhone Air, iPhone 17 Pro ja iPhone 17 Pro Max tulevat ennakkotilattavaksi perjantaina 12. syyskuuta ja saataville perjantaista 19. syyskuuta alkaen.<\/p>\n<p style=\"width: 98%; text-align: center; font-size:13px; border-bottom: 1px solid #C8C8C8; line-height: 0.1em; margin: 8px 1% 16px 1%;\">MAINOS (ARTIKKELI JATKUU ALLA)<\/p>\n<p>V\u00e4rivaihtoehdot iPhone 17:st\u00e4 ovat musta, valkoinen, kuura (sininen), salvia (vihre\u00e4) ja laventeli, iPhone Airista t\u00e4htimusta, poudanvalkea, vaalea kulta ja taivaansininen sek\u00e4 iPhone 17 Pro -malleista hopea, kosminen oranssi ja mustansininen.<\/p>\n<ul>\n<li>iPhone 17, 256 Gt: 999 \u20ac<\/li>\n<li>iPhone 17, 512 Gt: 1 249 \u20ac<\/li>\n<li>iPhone Air, 256 Gt: 1 259 \u20ac<\/li>\n<li>iPhone Air, 512 Gt: 1 509 \u20ac<\/li>\n<li>iPhone Air, 1 Tt:\u00a0 1 759 \u20ac<\/li>\n<li>iPhone 17 Pro, 256 Gt: 1 359 \u20ac<\/li>\n<li>iPhone 17 Pro, 512 Gt: 1 609 \u20ac<\/li>\n<li>iPhone 17 Pro, 1 Tt: 1 859 \u20ac<\/li>\n<li>iPhone 17 Pro Max, 256 Gt: 1 509 \u20ac<\/li>\n<li>iPhone 17 Pro Max, 512 Gt: 1 759 \u20ac<\/li>\n<li>iPhone 17 Pro Max, 1 Tt: 2 009 \u20ac<\/li>\n<li>iPhone 17 Pro Max, 2 Tt: 2 509 \u20ac<\/li>\n<\/ul>\n<p><strong><a href=\"https:\/\/mobiili.fi\/2025\/09\/09\/iphone-17\/\" rel=\"nofollow noopener\" target=\"_blank\">Lue aiemmasta artikkelistamme lis\u00e4\u00e4 iPhone 17:st\u00e4!<\/a><\/strong><\/p>\n<p><strong><a href=\"https:\/\/mobiili.fi\/2025\/09\/09\/apple-julkisti-kaikkien-aikojen-ohuimman-iphonen-tallainen-on-iphone-air\/\" rel=\"nofollow noopener\" target=\"_blank\">Lue aiemmasta artikkelistamme lis\u00e4\u00e4 iPhone Airista!<\/a><\/strong><\/p>\n<p style=\"width: 98%; text-align: center; font-size:13px; border-bottom: 1px solid #C8C8C8; line-height: 0.1em; margin: 8px 1% 16px 1%;\">MAINOS (ARTIKKELI JATKUU ALLA)<\/p>\n<p><strong><a href=\"https:\/\/mobiili.fi\/2025\/09\/09\/apple-julkisti-iphone-17-pron-ja-pro-maxin-uusittu-rakenne-ja-kolme-48-megapikselin-takakameraa\/\" rel=\"nofollow noopener\" target=\"_blank\">Lue aiemmasta artikkelistamme lis\u00e4\u00e4 iPhone 17 Prosta ja Pro Maxista!<\/a><\/strong><\/p>\n<p><a href=\"https:\/\/mobiili.fi\/wp-content\/uploads\/2025\/09\/iphone_17_colors-scaled.jpg\" data-lightbox=\"image\" rel=\"nofollow noopener\" target=\"_blank\"><img loading=\"lazy\" decoding=\"async\" aria-describedby=\"caption-attachment-265213\" class=\"size-large wp-image-265213\" src=\"data:image\/svg+xml,%3Csvg%20xmlns=\" http:=\"\" alt=\"iPhone 17 eri v\u00e4reiss\u00e4.\" width=\"1200\" height=\"885\" data-lazy- data-lazy- data-lazy-src=\"https:\/\/www.europesays.com\/fi\/wp-content\/uploads\/2025\/09\/iphone_17_colors-1200x885.jpg\"\/><\/a><\/p>\n<p id=\"caption-attachment-265213\" class=\"wp-caption-text\">iPhone 17 eri v\u00e4reiss\u00e4.<\/p>\n<p><a href=\"https:\/\/mobiili.fi\/wp-content\/uploads\/2025\/09\/iphone_air.jpg\" data-lightbox=\"image\" rel=\"nofollow noopener\" target=\"_blank\"><img loading=\"lazy\" decoding=\"async\" aria-describedby=\"caption-attachment-265203\" class=\"size-large wp-image-265203\" src=\"data:image\/svg+xml,%3Csvg%20xmlns=\" http:=\"\" alt=\"iPhone Air eri v\u00e4reiss\u00e4.\" width=\"1200\" height=\"1034\" data-lazy- data-lazy- data-lazy-src=\"https:\/\/www.europesays.com\/fi\/wp-content\/uploads\/2025\/09\/iphone_air-1200x1034.jpg\"\/><\/a><\/p>\n<p id=\"caption-attachment-265203\" class=\"wp-caption-text\">iPhone Air eri v\u00e4reiss\u00e4.<\/p>\n<p><a href=\"https:\/\/mobiili.fi\/wp-content\/uploads\/2025\/09\/iphone_17_pro_colors.jpg\" data-lightbox=\"image\" rel=\"nofollow noopener\" target=\"_blank\"><img loading=\"lazy\" decoding=\"async\" aria-describedby=\"caption-attachment-265208\" class=\"size-large wp-image-265208\" src=\"data:image\/svg+xml,%3Csvg%20xmlns=\" http:=\"\" alt=\"iPhone 17 Pro eri v\u00e4reiss\u00e4.\" width=\"1200\" height=\"939\" data-lazy- data-lazy- data-lazy-src=\"https:\/\/www.europesays.com\/fi\/wp-content\/uploads\/2025\/09\/iphone_17_pro_colors-1200x939.jpg\"\/><\/a><\/p>\n<p id=\"caption-attachment-265208\" class=\"wp-caption-text\">iPhone 17 Pro eri v\u00e4reiss\u00e4.<\/p>\n<p>Apple Watch SE 3, Apple Watch Series 11 ja Apple Watch Ultra 3<\/p>\n<p>Apple Watch SE 3, Apple Watch Series 11 ja Apple Watch Ultra 3 ovat jo ennakkotilattavissa ja tulevat saataville perjantaista 19. syyskuuta alkaen.<\/p>\n<ul>\n<li>Apple Watch SE 3, 40 mm, GPS: alkaen 279 euroa<\/li>\n<li>Apple Watch SE 3, 40 mm, GPS + Cellular: alkaen 329 euroa<\/li>\n<li>Apple Watch SE 3, 44 mm, GPS: alkaen 309 euroa<\/li>\n<li>Apple Watch SE 3, 44 mm, GPS + Cellular: alkaen 359 euroa<\/li>\n<li>Apple Watch Series 11, alumiini, 42 mm, GPS: alkaen 469 euroa<\/li>\n<li>Apple Watch Series 11, alumiini, 42 mm, GPS + Cellular: alkaen. 589 euroa<\/li>\n<li>Apple Watch Series 11, alumiini, 46 mm, GPS: alkaen 499 euroa<\/li>\n<li>Apple Watch Series 11, alumiini, 46 mm, GPS + Cellular \u2013 alkaen: 619 euroa<\/li>\n<li>Apple Watch Series 11, titaani, 42 mm, GPS + Cellular: alkaen 829 euroa<\/li>\n<li>Apple Watch Series 11, titaani, 46 mm, GPS + Cellular: alkaen 879 euroa<\/li>\n<li>Apple Watch Ultra 3: 929 euroa<\/li>\n<\/ul>\n<p><strong><a href=\"https:\/\/mobiili.fi\/2025\/09\/09\/apple-julkisti-apple-watch-se-3n-series-11n-ja-ultra-3n\/\" rel=\"nofollow noopener\" target=\"_blank\">Lue aiemmasta artikkelistamme lis\u00e4\u00e4 Apple Watch SE 3:sta, Apple Watch Series 11:st\u00e4 ja Apple Watch Ultra 3:sta!<\/a><\/strong><\/p>\n<p><a href=\"https:\/\/mobiili.fi\/wp-content\/uploads\/2025\/09\/apple_watch_se_3-scaled.jpg\" data-lightbox=\"image\" rel=\"nofollow noopener\" target=\"_blank\"><img loading=\"lazy\" decoding=\"async\" aria-describedby=\"caption-attachment-265222\" class=\"size-large wp-image-265222\" src=\"data:image\/svg+xml,%3Csvg%20xmlns=\" http:=\"\" alt=\"Apple Watch SE 3.\" width=\"1200\" height=\"769\" data-lazy- data-lazy- data-lazy-src=\"https:\/\/www.europesays.com\/fi\/wp-content\/uploads\/2025\/09\/apple_watch_se_3-1200x769.jpg\"\/><\/a><\/p>\n<p id=\"caption-attachment-265222\" class=\"wp-caption-text\">Apple Watch SE 3.<\/p>\n<p><a href=\"https:\/\/mobiili.fi\/wp-content\/uploads\/2025\/09\/apple_watch_series_11-scaled.jpg\" data-lightbox=\"image\" rel=\"nofollow noopener\" target=\"_blank\"><img loading=\"lazy\" decoding=\"async\" aria-describedby=\"caption-attachment-265221\" class=\"size-large wp-image-265221\" src=\"data:image\/svg+xml,%3Csvg%20xmlns=\" http:=\"\" alt=\"Apple Watch Series 11.\" width=\"1200\" height=\"769\" data-lazy- data-lazy- data-lazy-src=\"https:\/\/www.europesays.com\/fi\/wp-content\/uploads\/2025\/09\/apple_watch_series_11-1200x769.jpg\"\/><\/a><\/p>\n<p id=\"caption-attachment-265221\" class=\"wp-caption-text\">Apple Watch Series 11.<\/p>\n<p><a href=\"https:\/\/mobiili.fi\/wp-content\/uploads\/2025\/09\/ultra-5.png\" data-lightbox=\"image\" rel=\"nofollow noopener\" target=\"_blank\"><img loading=\"lazy\" decoding=\"async\" aria-describedby=\"caption-attachment-265186\" class=\"size-large wp-image-265186\" src=\"data:image\/svg+xml,%3Csvg%20xmlns=\" http:=\"\" alt=\"Apple Watch Ultra 3.\" width=\"1200\" height=\"662\" data-lazy- data-lazy- data-lazy-src=\"https:\/\/www.europesays.com\/fi\/wp-content\/uploads\/2025\/09\/ultra-5-1200x662.png\"\/><\/a><\/p>\n<p id=\"caption-attachment-265186\" class=\"wp-caption-text\">Apple Watch Ultra 3.<\/p>\n<p>AirPods Pro 3<br \/>\n<a href=\"https:\/\/mobiili.fi\/wp-content\/uploads\/2025\/09\/airpods_pro_3_screen.jpg\" data-lightbox=\"image\" rel=\"nofollow noopener\" target=\"_blank\"><img loading=\"lazy\" decoding=\"async\" aria-describedby=\"caption-attachment-265169\" class=\"size-large wp-image-265169\" src=\"data:image\/svg+xml,%3Csvg%20xmlns=\" http:=\"\" alt=\"AirPods Pro 3.\" width=\"1200\" height=\"1072\" data-lazy- data-lazy- data-lazy-src=\"https:\/\/www.europesays.com\/fi\/wp-content\/uploads\/2025\/09\/airpods_pro_3_screen-1200x1072.jpg\"\/><\/a><\/p>\n<p id=\"caption-attachment-265169\" class=\"wp-caption-text\">AirPods Pro 3.<\/p>\n<p>AirPods Pro 3 on jo ennakkotilattavissa ja tulee saataville perjantaista 19. syyskuuta alkaen.<\/p>\n<p style=\"width: 98%; text-align: center; font-size:13px; border-bottom: 1px solid #C8C8C8; line-height: 0.1em; margin: 8px 1% 16px 1%;\">MAINOS (ARTIKKELI JATKUU ALLA)<\/p>\n<p><strong><a href=\"https:\/\/mobiili.fi\/2025\/09\/09\/apple-esitteli-airpods-pro-3-kuulokkeet-tuplasti-paremmalla-melunvaimennuksella-ja-sykkeen-mittauksella\/\" rel=\"nofollow noopener\" target=\"_blank\">Lue aiemmasta artikkelistamme lis\u00e4\u00e4 AirPods Pro 3:sta!<\/a><\/strong><\/p>\n<p>Mainos: <a href=\"https:\/\/hinta.fi\/?src=gPp6fX03\" target=\"_blank\" rel=\"nofollow noopener\">Noin 1 600 000 tuotteen hintavertailu ja hintaseuranta &#8211; katso Hinta.fist\u00e4 mist\u00e4 saat halvimmalla<\/a><\/p>\n","protected":false},"excerpt":{"rendered":"iPhone 17 Pro. Apple on julkistanut odotetut uutuutensa \u2013 nelj\u00e4 uutta iPhone-mallia, kolme uutta Apple Watch -mallia sek\u00e4&hellip;\n","protected":false},"author":2,"featured_media":36518,"comment_status":"","ping_status":"","sticky":false,"template":"","format":"standard","meta":{"footnotes":""},"categories":[84],"tags":[33,31,30,32,91,92],"class_list":{"0":"post-36517","1":"post","2":"type-post","3":"status-publish","4":"format-standard","5":"has-post-thumbnail","7":"category-teknologia","8":"tag-fi","9":"tag-finland","10":"tag-finnish","11":"tag-suomi","12":"tag-technology","13":"tag-teknologia"},"share_on_mastodon":{"url":"","error":""},"_links":{"self":[{"href":"https:\/\/www.europesays.com\/fi\/wp-json\/wp\/v2\/posts\/36517","targetHints":{"allow":["GET"]}}],"collection":[{"href":"https:\/\/www.europesays.com\/fi\/wp-json\/wp\/v2\/posts"}],"about":[{"href":"https:\/\/www.europesays.com\/fi\/wp-json\/wp\/v2\/types\/post"}],"author":[{"embeddable":true,"href":"https:\/\/www.europesays.com\/fi\/wp-json\/wp\/v2\/users\/2"}],"replies":[{"embeddable":true,"href":"https:\/\/www.europesays.com\/fi\/wp-json\/wp\/v2\/comments?post=36517"}],"version-history":[{"count":0,"href":"https:\/\/www.europesays.com\/fi\/wp-json\/wp\/v2\/posts\/36517\/revisions"}],"wp:featuredmedia":[{"embeddable":true,"href":"https:\/\/www.europesays.com\/fi\/wp-json\/wp\/v2\/media\/36518"}],"wp:attachment":[{"href":"https:\/\/www.europesays.com\/fi\/wp-json\/wp\/v2\/media?parent=36517"}],"wp:term":[{"taxonomy":"category","embeddable":true,"href":"https:\/\/www.europesays.com\/fi\/wp-json\/wp\/v2\/categories?post=36517"},{"taxonomy":"post_tag","embeddable":true,"href":"https:\/\/www.europesays.com\/fi\/wp-json\/wp\/v2\/tags?post=36517"}],"curies":[{"name":"wp","href":"https:\/\/api.w.org\/{rel}","templated":true}]}}