{"id":36521,"date":"2025-09-16T10:50:08","date_gmt":"2025-09-16T10:50:08","guid":{"rendered":"https:\/\/www.europesays.com\/fi\/36521\/"},"modified":"2025-09-16T10:50:08","modified_gmt":"2025-09-16T10:50:08","slug":"lehti-barron-trump-muutti-valkoiseen-taloon","status":"publish","type":"post","link":"https:\/\/www.europesays.com\/fi\/36521\/","title":{"rendered":"Lehti: Barron Trump muutti Valkoiseen taloon"},"content":{"rendered":"<p>Barron Trump opiskelee New Yorkin yliopistossa liiketaloutta.<\/p>\n<p>Donald Trumpin nuorin poika n\u00e4htiin virkaanastujaisissa k\u00e4ttelem\u00e4ss\u00e4 Joe Bidenin ja Kamala Harrisin kanssa.<\/p>\n<p class=\"article-body mb-nof-24 px-nof-16\">Yhdysvaltain presidentti <a class=\"article-personlink\" href=\"https:\/\/www.is.fi\/haku\/?query=Donald%20Trumpin\" rel=\"nofollow noopener\" target=\"_blank\">Donald Trumpin<\/a> ja <a class=\"article-personlink\" href=\"https:\/\/www.is.fi\/haku\/?query=Melania%20Trumpin\" rel=\"nofollow noopener\" target=\"_blank\">Melania Trumpin<\/a> poika <a class=\"article-personlink\" href=\"https:\/\/www.is.fi\/haku\/?query=Barron%20Trump\" rel=\"nofollow noopener\" target=\"_blank\">Barron Trump<\/a>, 19, on muuttanut takaisin Valkoiseen taloon vanhempiensa luokse, kertoo <a class=\"article-genericlink\" href=\"https:\/\/nypost.com\/2025\/09\/09\/us-news\/barron-trump-moves-into-white-house-as-he-starts-sophomore-year-at-nyu-sources\/\" rel=\"nofollow noopener\" target=\"_blank\">New York Post<\/a> l\u00e4hteisiins\u00e4 vedoten.<\/p>\n<p class=\"article-body mb-nof-24 px-nof-16\">Barron opiskelee New Yorkin yliopistossa liiketaloutta. Nyt h\u00e4n on New York Postin ja <a class=\"article-genericlink\" href=\"https:\/\/people.com\/barron-trump-studying-in-dc-11807442\" rel=\"nofollow noopener\" target=\"_blank\">Peoplen<\/a> mukaan siirtynyt opiskelemaan kyseisen yliopiston toiselle kampukselle Washingtoniin.<\/p>\n<p class=\"article-body mb-nof-24 px-nof-16\">Ensimm\u00e4isen opiskeluvuotensa h\u00e4n vietti yliopiston kampuksella Greenwich Villagessa New Yorkissa. Tuolloin Barron asui Trump Tower -pilvenpiirt\u00e4j\u00e4ss\u00e4 kaupungin ytimess\u00e4 Manhattanilla.<\/p>\n<p class=\"article-body mb-nof-24 px-nof-16\">People-lehti uutisoi, ett\u00e4 Barronin odotetaan pysyv\u00e4n vanhempiensa l\u00e4hell\u00e4 ainakin seuraavat kuukaudet. Lehti sai tietoonsa, ett\u00e4 Barron on vaihtanut opintojensa paikkaa lukukaudeksi sen j\u00e4lkeen, kun h\u00e4nt\u00e4 ei n\u00e4hty yliopiston p\u00e4\u00e4kampuksella kurssien alettua.<\/p>\n<p class=\"article-body mb-nof-24 px-nof-16\">New Yorkin yliopistossa opiskelee kymmeni\u00e4 tuhansia opiskelijoita, mutta Washingtonin-kampuksella heist\u00e4 on vain noin sata. Koulun verkkosivujen mukaan kyseisen kampuksen opiskelijat toimivat l\u00e4heisesti politiikan, bisneksen, journalismin ja johtajuuden aloilla.<\/p>\n<p class=\"article-body mb-nof-24 px-nof-16\">Viel\u00e4 ei ole tiedossa, palaako Barron New Yorkiin syyslukukauden j\u00e4lkeen, People kertoo. My\u00f6s Barronin siirron syy on j\u00e4\u00e4nyt ep\u00e4selv\u00e4ksi.<\/p>\n<p><img decoding=\"async\" src=\"https:\/\/www.europesays.com\/fi\/wp-content\/uploads\/2025\/09\/1758019808_743_468.jpg\" alt=\"Barron Trump on Donald ja Melania Trumpin ainoa yhteinen lapsi.\" class=\"_Img_tdqg8_1\" style=\"aspect-ratio:1.4317673378076063\" loading=\"eager\"\/><\/p>\n<p class=\"article-picture-caption\">Barron Trump on Donald ja Melania Trumpin ainoa yhteinen lapsi. Kuva:\u00a0Carlos Barria \/ Reuters<\/p>\n<p class=\"article-body mb-nof-24 px-nof-16\">Melanian tiedet\u00e4\u00e4n olevan hyvin l\u00e4heinen poikansa kanssa. Elokuussa l\u00e4hde kertoi Peoplelle, ett\u00e4 \u00e4iti on pit\u00e4nyt huolta silm\u00e4ter\u00e4st\u00e4\u00e4n my\u00f6s opintojen aikana.<\/p>\n<p class=\"article-body mb-nof-24 px-nof-16\">\u2013 Melania huolehtii Barronista jatkuvasti, jotta kukaan ei aiheuttaisi t\u00e4lle harmia tai kiusaisi t\u00e4t\u00e4. T\u00e4m\u00e4 on Melanian jatkuva huoli. H\u00e4n tiet\u00e4\u00e4 aina, miss\u00e4 Barron on ja mit\u00e4 t\u00e4m\u00e4 tekee, l\u00e4hde kertoi.<\/p>\n<p class=\"article-body mb-nof-24 px-nof-16\">Donald Trump on aiemmin puhunut poikansa opinnoista.<\/p>\n<p class=\"article-body mb-nof-24 px-nof-16\">\u2013 H\u00e4n on ollut todella hyv\u00e4 opiskelija. Ja h\u00e4n pit\u00e4\u00e4 politiikasta, Trump totesi poikansa opintojen alkuvaiheessa New York Postin mukaan.<\/p>\n","protected":false},"excerpt":{"rendered":"Barron Trump opiskelee New Yorkin yliopistossa liiketaloutta. Donald Trumpin nuorin poika n\u00e4htiin virkaanastujaisissa k\u00e4ttelem\u00e4ss\u00e4 Joe Bidenin ja Kamala&hellip;\n","protected":false},"author":2,"featured_media":36522,"comment_status":"","ping_status":"","sticky":false,"template":"","format":"standard","meta":{"footnotes":""},"categories":[14],"tags":[22,23,26,27,33,31,30,17,34,24,25,28,29,15,18,21,32,19,20,56,16,59,60,61],"class_list":{"0":"post-36521","1":"post","2":"type-post","3":"status-publish","4":"format-standard","5":"has-post-thumbnail","7":"category-ulkomaat","8":"tag-breaking-news","9":"tag-breakingnews","10":"tag-featured-news","11":"tag-featurednews","12":"tag-fi","13":"tag-finland","14":"tag-finnish","15":"tag-headlines","16":"tag-ilta-sanomat","17":"tag-latest-news","18":"tag-latestnews","19":"tag-main-news","20":"tag-mainnews","21":"tag-news","22":"tag-otsikot","23":"tag-paauutiset","24":"tag-suomi","25":"tag-top-stories","26":"tag-topstories","27":"tag-ulkomaat","28":"tag-uutiset","29":"tag-world","30":"tag-world-news","31":"tag-worldnews"},"share_on_mastodon":{"url":"","error":""},"_links":{"self":[{"href":"https:\/\/www.europesays.com\/fi\/wp-json\/wp\/v2\/posts\/36521","targetHints":{"allow":["GET"]}}],"collection":[{"href":"https:\/\/www.europesays.com\/fi\/wp-json\/wp\/v2\/posts"}],"about":[{"href":"https:\/\/www.europesays.com\/fi\/wp-json\/wp\/v2\/types\/post"}],"author":[{"embeddable":true,"href":"https:\/\/www.europesays.com\/fi\/wp-json\/wp\/v2\/users\/2"}],"replies":[{"embeddable":true,"href":"https:\/\/www.europesays.com\/fi\/wp-json\/wp\/v2\/comments?post=36521"}],"version-history":[{"count":0,"href":"https:\/\/www.europesays.com\/fi\/wp-json\/wp\/v2\/posts\/36521\/revisions"}],"wp:featuredmedia":[{"embeddable":true,"href":"https:\/\/www.europesays.com\/fi\/wp-json\/wp\/v2\/media\/36522"}],"wp:attachment":[{"href":"https:\/\/www.europesays.com\/fi\/wp-json\/wp\/v2\/media?parent=36521"}],"wp:term":[{"taxonomy":"category","embeddable":true,"href":"https:\/\/www.europesays.com\/fi\/wp-json\/wp\/v2\/categories?post=36521"},{"taxonomy":"post_tag","embeddable":true,"href":"https:\/\/www.europesays.com\/fi\/wp-json\/wp\/v2\/tags?post=36521"}],"curies":[{"name":"wp","href":"https:\/\/api.w.org\/{rel}","templated":true}]}}