{"id":36564,"date":"2025-09-16T11:59:10","date_gmt":"2025-09-16T11:59:10","guid":{"rendered":"https:\/\/www.europesays.com\/fi\/36564\/"},"modified":"2025-09-16T11:59:10","modified_gmt":"2025-09-16T11:59:10","slug":"mtv-ttk-opettaja-sairastui-tassa-on-korvaaja-iltalehti","status":"publish","type":"post","link":"https:\/\/www.europesays.com\/fi\/36564\/","title":{"rendered":"MTV: TTK-opettaja sairastui \u2013 T\u00e4ss\u00e4 on korvaaja &#8211; Iltalehti"},"content":{"rendered":"<ol>\n<li><a href=\"https:\/\/news.google.com\/rss\/articles\/CBMigwFBVV95cUxOcUQ3d1NMSk5VdWZFMXFCMlEyaG1DUDl3Y25yMGdRQi1iQVpmcXVOb0hDaTJyNV8wLTUySFJQM2JxbUhQYVAwWFZsMDZRSDA1eE9hVlNSdkFPQnN3MkticTZ6TEhDVEE3ZUdhNnFvZ0plc2taVnpJZzNrU1N0eVN2cGt1VQ?oc=5\" target=\"_blank\" rel=\"nofollow noopener\">MTV: TTK-opettaja sairastui \u2013 T\u00e4ss\u00e4 on korvaaja<\/a>&nbsp;&nbsp;Iltalehti<\/li>\n<li><a href=\"https:\/\/news.google.com\/rss\/articles\/CBMiggFBVV95cUxPZWZkS05RMDhzYk5vV1BrTzFpbDJFYjdYVTk0ZnBwbkE1NTU5RTVwdDM4b0FHazEwQzBWYVdBdER1cEVnYmNXeVpMQVUtal9lRFFMS2Vxc3czMmJqNHNuUGFieUlyc21VUklDR1BKVDdpZWFIekxWYWh5YnUtVC1XWDJR?oc=5\" target=\"_blank\" rel=\"nofollow noopener\">Mikko Silvennoinen sai tiet\u00e4\u00e4 lauantaina, ettei astukaan TTK-parketille oman parinsa kanssa: \u201dOlen varmaan mokannut\u201d<\/a>&nbsp;&nbsp;Iltalehti<\/li>\n<li><a href=\"https:\/\/news.google.com\/rss\/articles\/CBMiygFBVV95cUxQdU5PVjNZLVNWdDN3Qm5tSXhjNlVCRC1oS200TXhucmhyOU1pTWFMLXRUQVh6UE9RSGdDYUh6aDhZQW9oVENONzc5eEVhSThtNHV0aEtuSHo0X3BrMlliX2xmeTNhX0x2cVYxa3hSYWVxTERCQTJkdzZZb3J5Q28zU1czTDVCbF9iTll0eTlTRkMxQVpLR2JqOFdLakI2NW1HekJHYlF3Vi1vX3F5T1ZObjVsZXdZaDJEbld4VEZsSFVXUjA2MFpKMmZB?oc=5\" target=\"_blank\" rel=\"nofollow noopener\">Mikko Silvennoisen TTK-esitykseen lipsahti k\u00f6mm\u00e4hdys \u2013 &#8221;Minua harmitti teid\u00e4n puolestanne&#8221;<\/a>&nbsp;&nbsp;mtvuutiset.fi<\/li>\n<li><a href=\"https:\/\/news.google.com\/rss\/articles\/CBMipwFBVV95cUxORDVYWlF0NkJFUWFYdy1SYmpmdHRBZWVVUVhZTFpUUHVxMjZpZXRWUloxUUxHS1hhOVg2S1JFRHFzZGl5aE9XdGZvUmNRUm5qaXBvOEhVcncybnBSaHYyNnhycm14UUVoNDVVYm5ma3dEaGVWaG5qUVo3YlpWZ2pIb1Vua2I0NmFTNkpnZVBWQk5rMFZHS09XNHROVHNVVDBZSGtNXy1Ebw?oc=5\" target=\"_blank\" rel=\"nofollow noopener\">Jorma Uotinen napauttaa suorat sanat TTK-miesparista ja koko uudistuksesta<\/a>&nbsp;&nbsp;Suomi24<\/li>\n<li><a href=\"https:\/\/news.google.com\/rss\/articles\/CBMiggFBVV95cUxNZE9HMW9rNjV2c012S0ptanhVRkhaOWFsX0k3bVgzM0w1aXhuWWFUWHBPSG1MZjlkbFNHOW53UUR0T1lFaGlKdG1QVVpnQ1VWa3JWUVdOSDBfb0NrUlNQVkJ1TU5jc1duZnJtcWl3dkluRFRwSEZzXzZEN1pMZ0xoc1B3?oc=5\" target=\"_blank\" rel=\"nofollow noopener\">Jukka Haapalainen: Vakava kannanotto suorassa l\u00e4hetyksess\u00e4<\/a>&nbsp;&nbsp;Iltalehti<\/li>\n<\/ol>\n","protected":false},"excerpt":{"rendered":"MTV: TTK-opettaja sairastui \u2013 T\u00e4ss\u00e4 on korvaaja&nbsp;&nbsp;Iltalehti Mikko Silvennoinen sai tiet\u00e4\u00e4 lauantaina, ettei astukaan TTK-parketille oman parinsa kanssa:&hellip;\n","protected":false},"author":2,"featured_media":36565,"comment_status":"","ping_status":"","sticky":false,"template":"","format":"standard","meta":{"footnotes":""},"categories":[133],"tags":[35,137,33,31,30,979,1999,32,206,2140,140,139,156,109],"class_list":{"0":"post-36564","1":"post","2":"type-post","3":"status-publish","4":"format-standard","5":"has-post-thumbnail","7":"category-televisiot","8":"tag-24h","9":"tag-entertainment","10":"tag-fi","11":"tag-finland","12":"tag-finnish","13":"tag-sahkoinen-media","14":"tag-suomalaiset-tv-ohjelmat","15":"tag-suomi","16":"tag-televisiot","17":"tag-tosi-tv-ohjelmat","18":"tag-tv-ja-elokuvat","19":"tag-tv-ohjelmat","20":"tag-tv","21":"tag-viihde"},"share_on_mastodon":{"url":"","error":""},"_links":{"self":[{"href":"https:\/\/www.europesays.com\/fi\/wp-json\/wp\/v2\/posts\/36564","targetHints":{"allow":["GET"]}}],"collection":[{"href":"https:\/\/www.europesays.com\/fi\/wp-json\/wp\/v2\/posts"}],"about":[{"href":"https:\/\/www.europesays.com\/fi\/wp-json\/wp\/v2\/types\/post"}],"author":[{"embeddable":true,"href":"https:\/\/www.europesays.com\/fi\/wp-json\/wp\/v2\/users\/2"}],"replies":[{"embeddable":true,"href":"https:\/\/www.europesays.com\/fi\/wp-json\/wp\/v2\/comments?post=36564"}],"version-history":[{"count":0,"href":"https:\/\/www.europesays.com\/fi\/wp-json\/wp\/v2\/posts\/36564\/revisions"}],"wp:featuredmedia":[{"embeddable":true,"href":"https:\/\/www.europesays.com\/fi\/wp-json\/wp\/v2\/media\/36565"}],"wp:attachment":[{"href":"https:\/\/www.europesays.com\/fi\/wp-json\/wp\/v2\/media?parent=36564"}],"wp:term":[{"taxonomy":"category","embeddable":true,"href":"https:\/\/www.europesays.com\/fi\/wp-json\/wp\/v2\/categories?post=36564"},{"taxonomy":"post_tag","embeddable":true,"href":"https:\/\/www.europesays.com\/fi\/wp-json\/wp\/v2\/tags?post=36564"}],"curies":[{"name":"wp","href":"https:\/\/api.w.org\/{rel}","templated":true}]}}