{"id":36578,"date":"2025-09-16T12:19:16","date_gmt":"2025-09-16T12:19:16","guid":{"rendered":"https:\/\/www.europesays.com\/fi\/36578\/"},"modified":"2025-09-16T12:19:16","modified_gmt":"2025-09-16T12:19:16","slug":"videopelit-reddit-ja-discord-miten-internet-vaikutti-charlie-kirkin-ampumisesta-epaillyn-radikalisoitumiseen","status":"publish","type":"post","link":"https:\/\/www.europesays.com\/fi\/36578\/","title":{"rendered":"Videopelit, Reddit ja Discord: Miten internet vaikutti Charlie Kirkin ampumisesta ep\u00e4illyn radikalisoitumiseen? &#8211;"},"content":{"rendered":"<p>Charlie Kirkin murha on ollut otsikoissa viime p\u00e4iv\u00e4t. Muutama p\u00e4iv\u00e4 sitten ep\u00e4ilty oli otettu kiinni lyhyen mutta intensiivisen etsinn\u00e4n j\u00e4lkeen, mutta h\u00e4n ei ollut yhteisty\u00f6haluinen, joten emme saaneet paljon selityksi\u00e4 h\u00e4nen motiivinsa taakse.<\/p>\n<p>Palattuaan Washingtoniin Utahin kuvern\u00f6\u00f6ri Spencer Cox totesi kuitenkin, ett\u00e4 h\u00e4nen radikalisoitumisensa sai alkunsa videopelien, Redditin, Discordin ja niche-meemien parissa viett\u00e4m\u00e4st\u00e4\u00e4n ajasta, joka tapahtui h\u00e4nen ollessaan 19-22-vuotias. Cox jakoi ahdistavan lausunnon sosiaalisessa mediassa :<\/p>\n<p>&#8221;Uskon, ett\u00e4 sosiaalisella medialla on ollut suora rooli jokaisessa murhassa ja murhayrityksess\u00e4, jonka olemme n\u00e4hneet viimeisten viiden, kuuden vuoden aikana. Mieless\u00e4ni ei ole ep\u00e4ilyst\u00e4k\u00e4\u00e4n. Sy\u00f6p\u00e4 ei luultavasti ole tarpeeksi vahva sana [m\u00e4\u00e4rittelem\u00e4\u00e4n sosiaalisen median roolia yhteiskunnassa]. Meilt\u00e4 kesti vuosikymmenen tajuta, miten pahoja n\u00e4m\u00e4 algoritmit ovat.&#8221;<\/p>\n<blockquote class=\"twitter-tweet\" data-theme=\"dark\"><p><a href=\"https:\/\/twitter.com\/RealSaavedra\/status\/1967266015504425442?ref_src=twsrc%5Etfw\" rel=\"nofollow noopener\" target=\"_blank\"><\/p><\/blockquote>\n<p>Samalla saamme t\u00e4n\u00e4\u00e4n uutisen, jonka mukaan ep\u00e4illyn kerrotaan vihjanneen vastuusta Discordissa ennen pid\u00e4tyst\u00e4\u00e4n. Tyler Robinsonin, joka on edelleen vangittuna, v\u00e4itet\u00e4\u00e4n vaihtaneen ryhm\u00e4chatissa viestej\u00e4, joissa vihjaillaan osallisuudesta hy\u00f6kk\u00e4ykseen Kirkin yliopistossa esiintymisen aikana.<\/p>\n<p>Tutkijoiden mukaan ep\u00e4ilty puhui my\u00f6hemmin antautumisesta, vaikka h\u00e4n ei ole ollut t\u00e4ysin yhteisty\u00f6haluinen pid\u00e4tyksen j\u00e4lkeen. Vaikka Discord ei vahvistanut merkkej\u00e4 suunnittelusta tai laajemmasta koordinoinnista alustallaan, virkamiehet jatkavat Robinsonin verkkotoiminnan tarkastelua osana motiivin selvitt\u00e4mist\u00e4. Jos haluat lis\u00e4tietoja, voit tietysti tehd\u00e4 sen seuraavan linkin kautta. <a href=\"https:\/\/www.cbsnews.com\/news\/charlie-kirk-suspect-discord-messages\/\" target=\"_blank\" rel=\"nofollow noopener\">Go!<\/a><\/p>\n<p><script async src=\"https:\/\/platform.twitter.com\/widgets.js\" charset=\"utf-8\"><\/script><\/p>\n","protected":false},"excerpt":{"rendered":"Charlie Kirkin murha on ollut otsikoissa viime p\u00e4iv\u00e4t. Muutama p\u00e4iv\u00e4 sitten ep\u00e4ilty oli otettu kiinni lyhyen mutta intensiivisen&hellip;\n","protected":false},"author":2,"featured_media":36579,"comment_status":"","ping_status":"","sticky":false,"template":"","format":"standard","meta":{"footnotes":""},"categories":[87],"tags":[33,31,30,148,32,91,92],"class_list":{"0":"post-36578","1":"post","2":"type-post","3":"status-publish","4":"format-standard","5":"has-post-thumbnail","7":"category-internet","8":"tag-fi","9":"tag-finland","10":"tag-finnish","11":"tag-internet","12":"tag-suomi","13":"tag-technology","14":"tag-teknologia"},"share_on_mastodon":{"url":"","error":""},"_links":{"self":[{"href":"https:\/\/www.europesays.com\/fi\/wp-json\/wp\/v2\/posts\/36578","targetHints":{"allow":["GET"]}}],"collection":[{"href":"https:\/\/www.europesays.com\/fi\/wp-json\/wp\/v2\/posts"}],"about":[{"href":"https:\/\/www.europesays.com\/fi\/wp-json\/wp\/v2\/types\/post"}],"author":[{"embeddable":true,"href":"https:\/\/www.europesays.com\/fi\/wp-json\/wp\/v2\/users\/2"}],"replies":[{"embeddable":true,"href":"https:\/\/www.europesays.com\/fi\/wp-json\/wp\/v2\/comments?post=36578"}],"version-history":[{"count":0,"href":"https:\/\/www.europesays.com\/fi\/wp-json\/wp\/v2\/posts\/36578\/revisions"}],"wp:featuredmedia":[{"embeddable":true,"href":"https:\/\/www.europesays.com\/fi\/wp-json\/wp\/v2\/media\/36579"}],"wp:attachment":[{"href":"https:\/\/www.europesays.com\/fi\/wp-json\/wp\/v2\/media?parent=36578"}],"wp:term":[{"taxonomy":"category","embeddable":true,"href":"https:\/\/www.europesays.com\/fi\/wp-json\/wp\/v2\/categories?post=36578"},{"taxonomy":"post_tag","embeddable":true,"href":"https:\/\/www.europesays.com\/fi\/wp-json\/wp\/v2\/tags?post=36578"}],"curies":[{"name":"wp","href":"https:\/\/api.w.org\/{rel}","templated":true}]}}