{"id":36616,"date":"2025-09-16T13:05:07","date_gmt":"2025-09-16T13:05:07","guid":{"rendered":"https:\/\/www.europesays.com\/fi\/36616\/"},"modified":"2025-09-16T13:05:07","modified_gmt":"2025-09-16T13:05:07","slug":"hermanninrannan-biodiversiteettipuiston-suunnittelukilpailu-on-kaynnistynyt","status":"publish","type":"post","link":"https:\/\/www.europesays.com\/fi\/36616\/","title":{"rendered":"Hermanninrannan biodiversiteettipuiston suunnittelukilpailu on k\u00e4ynnistynyt"},"content":{"rendered":"<p><strong>Luonnonmukaisen alueen monimuotoisuutta halutaan vahvistaa<\/strong><\/p>\n<p>Hermanninranta on vanhaa merenpohjaa, joka on p\u00e4\u00e4osin merit\u00e4ytt\u00f6jen muodostama. Se on luonnonmukaista ranta-aluetta, jonne on kehittynyt itsest\u00e4\u00e4n vuosikymmenten aikana monipuolista luontoa. Metsik\u00f6t, kivikot, tulvaniityt ja Suomen luonnossa harvinaiset paahdeymp\u00e4rist\u00f6t tarjoavat elinpaikkoja kasveille, hy\u00f6nteisille ja linnuille. Suunnittelun l\u00e4ht\u00f6kohtana on luoda luonnon omaan tahtiin kehittyv\u00e4 biodiversiteettipuisto, jossa mahdollisimman monipuolinen lajikirjo mahtuu el\u00e4m\u00e4\u00e4n rinnakkain samalla alueella.<\/p>\n<p>\u2013 N\u00e4in rauhalliset ja luonnonl\u00e4heiset ranta-alueet ovat Helsingin kantakaupungin l\u00e4heisyydess\u00e4 harvinaisia. Kilpailussa etsit\u00e4\u00e4n maisema-arkkitehtuurin avulla paikallisiin olosuhteisiin ja luonnon monimuotoisuuteen perustuva konsepti, joka kest\u00e4\u00e4 ja kehittyy ajan my\u00f6t\u00e4, kertoo kilpailun\u00a0tuomariston puheenjohtaja<strong>\u00a0Rikhard Manninen.<\/strong><\/p>\n<p>Kilpailuun osallistuvien ryhmien tulee hy\u00f6dynt\u00e4\u00e4 suunnitteluratkaisuissa alueelle ajoittain levi\u00e4vi\u00e4 tulvavesi\u00e4 ja varmistaa, ett\u00e4 jo olemassa olevat ekosysteemit vahvistuvat. Monessa puiston osassa on huomattavaa monimuotoisuuspotentiaalia. Esimerkiksi rannan ja vesialueen luontoarvoa voisi edist\u00e4\u00e4 muun muassa pesim\u00e4lautoilla.<\/p>\n<p>Omat reunaehtonsa kilpailuun luo my\u00f6s maaper\u00e4, joka ei kest\u00e4 paalutettavia rantarakenteita tai raskaita perustuksia vaativia rakenteita. Alueelta nykyisin l\u00f6ytyv\u00e4t s\u00e4ilytyskontit ja veneiden talvis\u00e4ilytysalue poistuvat. Puiston l\u00e4pi tulee kulkemaan nyt my\u00f6s suunnitteilla oleva py\u00f6r\u00e4ilyn p\u00e4\u00e4v\u00e4yl\u00e4 Arabianbaana, jonka linjaus sovitetaan yhteen kilpailun toisessa vaiheessa.<\/p>\n<p><strong>Monipuolinen kaupunkiluonto t\u00e4ydent\u00e4\u00e4 urbaania kaupunginosaa<\/strong><\/p>\n<p>Rantapuistolla on erityinen merkitys ja painoarvo, sill\u00e4 siit\u00e4 tulee Kalastaman pohjoisosiin rakentuvien Kyl\u00e4saaren ja Hermanninrannan l\u00e4hivirkistysalue. Tavoitteena on, ett\u00e4 tiivis, yli 10\u00a0000 asukkaan kaupunkimainen alue ja rikas luonto t\u00e4ydent\u00e4v\u00e4t kest\u00e4v\u00e4sti toisiaan. Rantapuistoon suunniteltavat polkuverkostot yhdist\u00e4v\u00e4t Kalasataman Arabianrantaan ja laajemmin Vanhankaupunginlahden luontoalueeseen ja Helsinkipuiston vihersormeen. Suunnittelun yhten\u00e4 tavoitteena on my\u00f6s tehd\u00e4 siit\u00e4 monik\u00e4ytt\u00f6inen vuoden ymp\u00e4ri.<\/p>\n<p>Asuinrakennusten ja kilpailualueen v\u00e4liin rakennetaan Hermanninterassi, josta tulee urbaanin kaupunginosan kodin jatke. Sinne on kaavailtu muun muassa pingisp\u00f6yti\u00e4 ja petankkikentt\u00e4. Puiston l\u00e4nsilaidalle suunnitellaan sijoitettavaksi jalkapallokentt\u00e4 ja leikkipuisto. Suunnitteluun osallistuvien kilpailijoiden teht\u00e4v\u00e4n\u00e4 on etsi\u00e4 puistoon my\u00f6s sopiva paikka koirapuistolle.<\/p>\n<p><strong>Kilpailu ratkeaa kev\u00e4\u00e4ll\u00e4 2027<\/strong><\/p>\n<p>Yleisen ideakilpailun tavoitteena on jatkaa suoraan puiston toteutussuunnitteluun. Kilpailu pyrit\u00e4\u00e4n ratkaisemaan kev\u00e4\u00e4n 2027 aikana, ja tavoitteena on, ett\u00e4 puistoa p\u00e4\u00e4st\u00e4isiin toteuttamaan vuonna 2028. Kilpailun ensimm\u00e4isen vaiheen t\u00f6it\u00e4 arvioi tuomaristo, ja toiseen vaiheeseen valituista ehdotuksista kysyt\u00e4\u00e4n kommentteja my\u00f6s asukkailta.<\/p>\n<p>Kilpailuun osallistuville ryhmille on avattu\u00a0<a href=\"https:\/\/cc.tietoa.fi\/helsinki\/hermannin-rantapuisto\" rel=\"nofollow noopener\" target=\"_blank\">kilpailusivu(Linkki johtaa ulkoiseen palveluun)\u00a0<\/a>. Sivulta l\u00f6ytyv\u00e4t muun muassa kilpailuseminaarin aikataulu, l\u00e4ht\u00f6tietomateriaalit sek\u00e4 ty\u00f6ryhmien kokoonpanosuositukset.<\/p>\n<p><img decoding=\"async\" src=\"https:\/\/www.europesays.com\/fi\/wp-content\/uploads\/2025\/09\/f367c461-de23-4da5-ab5b-9e2dae19b00b-w_720.jpg\"  alt=\"\"\/>Hermanninrannan biotyypit ja luontoarvot.<strong\/><\/p>\n","protected":false},"excerpt":{"rendered":"Luonnonmukaisen alueen monimuotoisuutta halutaan vahvistaa Hermanninranta on vanhaa merenpohjaa, joka on p\u00e4\u00e4osin merit\u00e4ytt\u00f6jen muodostama. Se on luonnonmukaista ranta-aluetta,&hellip;\n","protected":false},"author":2,"featured_media":36617,"comment_status":"","ping_status":"","sticky":false,"template":"","format":"standard","meta":{"footnotes":""},"categories":[117],"tags":[33,31,30,72,476,118,32,119,477],"class_list":{"0":"post-36616","1":"post","2":"type-post","3":"status-publish","4":"format-standard","5":"has-post-thumbnail","7":"category-luonto","8":"tag-fi","9":"tag-finland","10":"tag-finnish","11":"tag-luonto","12":"tag-nature","13":"tag-science","14":"tag-suomi","15":"tag-tiede","16":"tag-wildlife"},"share_on_mastodon":{"url":"","error":""},"_links":{"self":[{"href":"https:\/\/www.europesays.com\/fi\/wp-json\/wp\/v2\/posts\/36616","targetHints":{"allow":["GET"]}}],"collection":[{"href":"https:\/\/www.europesays.com\/fi\/wp-json\/wp\/v2\/posts"}],"about":[{"href":"https:\/\/www.europesays.com\/fi\/wp-json\/wp\/v2\/types\/post"}],"author":[{"embeddable":true,"href":"https:\/\/www.europesays.com\/fi\/wp-json\/wp\/v2\/users\/2"}],"replies":[{"embeddable":true,"href":"https:\/\/www.europesays.com\/fi\/wp-json\/wp\/v2\/comments?post=36616"}],"version-history":[{"count":0,"href":"https:\/\/www.europesays.com\/fi\/wp-json\/wp\/v2\/posts\/36616\/revisions"}],"wp:featuredmedia":[{"embeddable":true,"href":"https:\/\/www.europesays.com\/fi\/wp-json\/wp\/v2\/media\/36617"}],"wp:attachment":[{"href":"https:\/\/www.europesays.com\/fi\/wp-json\/wp\/v2\/media?parent=36616"}],"wp:term":[{"taxonomy":"category","embeddable":true,"href":"https:\/\/www.europesays.com\/fi\/wp-json\/wp\/v2\/categories?post=36616"},{"taxonomy":"post_tag","embeddable":true,"href":"https:\/\/www.europesays.com\/fi\/wp-json\/wp\/v2\/tags?post=36616"}],"curies":[{"name":"wp","href":"https:\/\/api.w.org\/{rel}","templated":true}]}}